{"id":42885,"date":"2023-12-19T00:40:00","date_gmt":"2023-12-18T23:40:00","guid":{"rendered":"http:\/\/www.infokuryr.cz\/n\/?p=42885"},"modified":"2023-12-18T19:37:44","modified_gmt":"2023-12-18T18:37:44","slug":"jiri-paroubek-bude-evropska-unie-novym-zalarem-narodu","status":"publish","type":"post","link":"https:\/\/www.infokuryr.cz\/n\/2023\/12\/19\/jiri-paroubek-bude-evropska-unie-novym-zalarem-narodu\/","title":{"rendered":"Ji\u0159\u00ed Paroubek: Bude Evropsk\u00e1 unie nov\u00fdm \u017eal\u00e1\u0159em n\u00e1rod\u016f?"},"content":{"rendered":"<div id=\"fb-root\"><\/div>\n<p><strong>Tak jako star\u00e9 Rakousko-Uhersko, tak i EU sm\u011b\u0159uje k tomu, aby byla mnohon\u00e1rodn\u00edm soust\u00e1t\u00edm. Pry\u010d jsou ale ty doby, kdy v \u010dele velk\u00fdch evropsk\u00fdch st\u00e1t\u016f st\u00e1li politici \u2013 st\u00e1tn\u00edci typu Gerharda Schr\u00f6dera v N\u011bmecku nebo Jacquese Chiraca ve Francii.<\/strong><\/p>\n<p>Vedle nich byli \u00fa\u0159edn\u00edci, rozum\u011bj vedouc\u00ed p\u0159edstavitel\u00e9 EU, takhle mali\u010dc\u00ed. Chirac se Schr\u00f6derem postupovali ruku v\u00a0ruce a dok\u00e1zali nap\u0159. spole\u010dn\u011b vystoupit proti americk\u00e9mu z\u00e1m\u011bru zni\u010dit re\u017eim Sadd\u00e1ma Husajna v\u00a0Ir\u00e1ku. Ne, \u017ee by Sadd\u00e1ma byla takov\u00e1 \u0161koda. On to byl lump, zlo\u010dinec a vrah. Ale pod jeho vl\u00e1dou vytv\u00e1\u0159el Ir\u00e1k \u00fa\u010dinnou mocenskou rovnov\u00e1hu moment\u00e1ln\u011b nejsiln\u011bj\u0161\u00edmu st\u00e1tu v\u00a0oblasti Persk\u00e9ho z\u00e1livu, \u00cdr\u00e1nu. A tak\u00e9 v\u016f\u010di velmocensk\u00fdm c\u00edl\u016fm t\u00e9to muslimsk\u00e9 teokracie.<\/p>\n<p>Ameri\u010dan\u00e9 se svou neschopnost\u00ed porozum\u011bt z\u00e1konitostem rovnov\u00e1hy v\u00a0mezin\u00e1rodn\u00edch vztaz\u00edch, ud\u011blali v\u0161e pro to, aby Sadd\u00e1m\u016fv re\u017eim zni\u010dili. To spustilo disbalanci mocensk\u00fdch sil a vztah\u016f v\u00a0oblasti Persk\u00e9ho z\u00e1livu, vznik Isl\u00e1msk\u00e9ho st\u00e1tu, velkou emigraci lid\u00ed z\u00a0Ir\u00e1ku a nestabilitu v\u00a0tomto st\u00e1t\u011b, kter\u00fd dnes m\u00e1 velmi bl\u00edzko pr\u00e1v\u011b k\u00a0\u00cdr\u00e1nu.<\/p>\n<p>K\u00a0tomu by nikdy nedo\u0161lo, pokud by Ameri\u010dan\u00e9 byli schopni d\u011blat sofistikovanou politiku tak, jako francouzsk\u00e1 diplomacie pod veden\u00edm J. Chiraca, tehdy s\u00a0podporou G. Schr\u00f6dera.<\/p>\n<p>\u010cesk\u00e1 republika tehdy, bohu\u017eel, podpo\u0159ila Ameri\u010dany na z\u00e1klad\u011b vymy\u0161len\u00fdch indici\u00ed (ani ne d\u016fkaz\u016f) o mo\u017enosti pou\u017eit\u00ed chemick\u00fdch \u010di jin\u00fdch zbran\u00ed hromadn\u00e9ho ni\u010den\u00ed Ir\u00e1kem.<\/p>\n<p>Tu a tam by proto bylo dobr\u00e9, aby men\u0161\u00ed zem\u011b, pokud jsou vedeny state\u010dn\u00fdmi v\u016fdci, jako je nap\u0159. V. Orb\u00e1n v\u00a0Ma\u010farsku, m\u011bli alespo\u0148 n\u011bjak\u00fd n\u00e1stroj, jak se vzep\u0159\u00edt administrativ\u011b EU \u010di NATO. Tedy bruselsk\u00e9 byrokracii.<\/p>\n<p>Sou\u010dasn\u00e1 \u010desk\u00e1 vl\u00e1da destruuje v\u0161echno, co j\u00ed p\u0159ijde pod ruku. Zvy\u0161uje se zadlu\u017een\u00ed st\u00e1tu. Vl\u00e1da rozhoduje o ob\u0159\u00edch n\u00e1kupech zbra\u0148ov\u00fdch syst\u00e9m\u016f, jejich\u017e souhrnn\u00e1 cena p\u0159evy\u0161uje finan\u010dn\u00ed kapacitu st\u00e1tu. Minist\u0159i t\u00e9to vl\u00e1dy fantaz\u00edruj\u00ed o tom, \u017ee bude pot\u0159eba vystav\u011bt \u010dty\u0159i nov\u00e9 bloky jadern\u00fdch elektr\u00e1ren za dva biliony korun&#8230;. Stamiliardy a biliony budouc\u00edch v\u00fddaj\u016f st\u00e1tu vzduchem jen l\u00e9taj\u00ed. P\u0159itom \u0159ada nemocnic je prakticky v\u00a0provizoriu, nebo\u0165 l\u00e9ka\u0159i odm\u00edtaj\u00ed slou\u017eit p\u0159edchoz\u00ed rozsah slu\u017eeb.<\/p>\n<p>V\u00a0zemi je \u00fadajn\u011b \u2013 nikde se o tom p\u0159\u00edli\u0161 nep\u00ed\u0161e \u2013 a\u017e statis\u00edce nemocn\u00fdch bu\u010f na ch\u0159ipku nebo covid. A tak nev\u00edm, jestli podl\u00e9h\u00e1m m\u00e1men\u00ed fakenews a kdo ty fakenews d\u011bl\u00e1. Jestli n\u011bjac\u00ed ru\u0161t\u00ed trollov\u00e9 nebo samotn\u00e1 vl\u00e1da, respektive mainstreamov\u00e1 m\u00e9dia, kter\u00e1 pln\u011b respektuj\u00ed jej\u00ed z\u00e1jmy a neznepokojuj\u00ed n\u00e1s n\u011bkter\u00fdmi informacemi.<\/p>\n<p><a href=\"https:\/\/stranapro.cz\/\"><img decoding=\"async\" loading=\"lazy\" class=\"alignnone  wp-image-40285 aligncenter\" src=\"http:\/\/www.infokuryr.cz\/n\/wp-content\/uploads\/2023\/11\/11pro-300x79.png\" alt=\"\" width=\"604\" height=\"159\" srcset=\"https:\/\/www.infokuryr.cz\/n\/wp-content\/uploads\/2023\/11\/11pro-300x79.png 300w, https:\/\/www.infokuryr.cz\/n\/wp-content\/uploads\/2023\/11\/11pro.png 363w\" sizes=\"(max-width: 604px) 100vw, 604px\" \/><\/a><\/p>\n<p>Krom\u011b toho, na b\u011b\u017en\u00e9m trhu a bohu\u017eel i v\u00a0nemocnic\u00edch chyb\u00ed \u00fa\u010dinn\u00e9 l\u00e9ky na ch\u0159ipku a z\u0159ejm\u011b i na covid. Nedostatek penicilinu je konstantn\u00ed veli\u010dinou. Ministr zdravotnictv\u00ed vyhro\u017euje, \u017ee v\u00a0lednu p\u0159edlo\u017e\u00ed n\u00e1vrh nov\u00e9 koncepce zdravotnictv\u00ed. U\u017e se t\u0159esu, jak\u00fd p\u0159\u00edval hr\u016fz bude obsahovat.<\/p>\n<p>A do toho p\u0159ich\u00e1z\u00ed ministr, kter\u00e9mu je zat\u00edm v\u0161echno, co jsem od n\u011bj kdy vid\u011bl a sly\u0161el ve sd\u011blovac\u00edch prost\u0159edc\u00edch,\u00a0 \u00fapln\u011b jasn\u00e9. Jmenuje se Dvo\u0159\u00e1k a je ministrem pro evropsk\u00e9 z\u00e1le\u017eitosti. Ale tak n\u011bjak se sna\u017e\u00ed kecat\u00a0 do v\u0161eho. V\u00a0Radio\u017eurn\u00e1lu se nyn\u00ed sna\u017eil poslucha\u010de p\u0159esv\u011bd\u010dit, \u017ee nen\u00ed probl\u00e9m dodat Ukrajin\u011b 50 mld. eur na n\u011bjak\u00e9 bianco \u0161ek pou\u017eit\u00ed. Pr\u00fd vzhledem k\u00a0obstrukci Orb\u00e1nova Ma\u010farska m\u016f\u017eeme \u201epot\u0159ebn\u00e9\u201c pen\u00edze Ukrajin\u011b pos\u00edlat m\u00edsto p\u0159es bruselskou strukturu \u201esv\u016fj pod\u00edl rovnou do fondu pro obnovu Ukrajiny\u201c. Pak u\u017e ale pen\u00edze zmiz\u00ed v\u00a0\u010dern\u00e9 d\u00ed\u0159e a nebudeme v\u011bd\u011bt ani to, na co byly pou\u017eity. Pan ministr, jak jsem pochopil, bude cht\u00edt rozvinout v\u00a0sou\u010dasn\u00e9 vl\u00e1d\u011b, kter\u00e1 se t\u011b\u0161\u00ed podpo\u0159e pouhopouh\u00fdch 17% ob\u010dan\u016f, debatu o tom, \u017ee je pot\u0159eba zru\u0161it pr\u00e1vo veta jednotliv\u00fdch zem\u00ed EU v\u00a0kl\u00ed\u010dov\u00fdch ot\u00e1zk\u00e1ch.<\/p>\n<p>N\u00e1zor ministra Dvo\u0159\u00e1ka je v\u00a0tomto sm\u011bru jasn\u00fd: \u201eZru\u0161it\u201c. Pokud se toto stane, pak u\u017e v\u00fdznam \u010cesk\u00e9 republiky jako st\u00e1tu klesne na \u00farove\u0148 jednoho z des\u00edtek region\u016f EU. Budeme m\u00edt sice i nad\u00e1le ur\u010dit\u00e9 symboly, kter\u00e9 budou prezentovat jakousi suverenitu st\u00e1tu, ale v\u00a0z\u00e1sad\u011b p\u0159edseda \u010desk\u00e9 vl\u00e1dy m\u016f\u017ee b\u00fdt tak leda partnerem nap\u0159. \u0161\u00e9fa lok\u00e1ln\u00ed vl\u00e1dy italsk\u00e9 provincie Emilia Romagna anebo t\u0159eba nejmen\u0161\u00ed spolkov\u00e9 zem\u011b N\u011bmecka, Br\u00e9m&#8230;<\/p>\n<p>Jsou to v\u00a0z\u00e1sad\u011b vlastizr\u00e1dn\u00e9 n\u00e1zory, kter\u00e9 povedou k\u00a0n\u011b\u010demu podobn\u00e9mu, k\u00a0\u010demu se dopracovali po roce 1968, po rusk\u00e9 okupaci, \u010de\u0161t\u00ed komunist\u00e9 &#8211; k\u00a0omezen\u00e9 suverenit\u011b st\u00e1tu.<\/p>\n<p>Nev\u00edm, zda ministr\u016fm sou\u010dasn\u00e9 \u010desk\u00e9 vl\u00e1dy v\u016fbec doch\u00e1z\u00ed, jak\u00e9 destrukce n\u00e1rodn\u00edch z\u00e1jm\u016f se svou \u010dinnost\u00ed v\u0161estrann\u011b dopou\u0161t\u011bj\u00ed. Kladu si ot\u00e1zku, zda je to neschopnost anebo z\u00e1m\u011br slou\u017eit ciz\u00ed moci a vyslou\u017eit si p\u011bkn\u00e9 zahrani\u010dn\u00ed anga\u017em\u00e1 po skon\u010den\u00ed sv\u00e9ho destruktivn\u00edho \u00favazku v\u00a0r\u00e1mci \u010desk\u00e9 vl\u00e1dy. Je to smutn\u00e9.<\/p>\n<p>Sou\u010dasn\u00e1 vl\u00e1da by se sp\u00ed\u0161 m\u011bla zab\u00fdvat nap\u0159. t\u00edm, jak zm\u011bnit sou\u010dasnou praxi, kdy ze zem\u011b odch\u00e1z\u00ed ka\u017ed\u00fdm rokem i p\u0159es 300 mld. korun dividend z\u00a0\u00fa\u010dt\u016f \u010desk\u00fdch firem na \u00fa\u010dty jejich zahrani\u010dn\u00edch mate\u0159sk\u00fdch spole\u010dnost\u00ed. Pot\u00e9, co veden\u00ed EU najde mechanismus, jak p\u0159erozd\u011blit evropskou finan\u010dn\u00ed perspektivu &#8211; tedy rozd\u011blov\u00e1n\u00ed\u00a0 evropsk\u00fdch pen\u011bz- ve prosp\u011bch Ukrajiny, ji\u017e v\u00a0letech 2024 \u2013 2027. A zejm\u00e9na posl\u00e9ze v letech 2028 \u2013 2034, n\u00e1m zbudou jen\u00a0 o\u010di\u00a0 pro pl\u00e1\u010d. A v\u00a0letech 2028 \u2013 2034 u\u017e budeme jen \u010dist\u00fdmi pl\u00e1tci do rozpo\u010dtu EU. Kdyby hloupost nadn\u00e1\u0161ela&#8230;<\/p>\n<p><a href=\"https:\/\/vasevec.info\/komentare\/bude-evropska-unie-novym-zalarem-narodu\">Ji\u0159\u00ed Paroubek<\/a><\/p>\n<p><img decoding=\"async\" loading=\"lazy\" class=\"alignnone size-medium wp-image-2342\" src=\"http:\/\/www.infokuryr.cz\/n\/wp-content\/uploads\/2021\/06\/paroubek-300x208.jpg\" alt=\"\" width=\"300\" height=\"208\" srcset=\"https:\/\/www.infokuryr.cz\/n\/wp-content\/uploads\/2021\/06\/paroubek-300x208.jpg 300w, https:\/\/www.infokuryr.cz\/n\/wp-content\/uploads\/2021\/06\/paroubek.jpg 318w\" sizes=\"(max-width: 300px) 100vw, 300px\" \/><\/p>\n<p>&nbsp;<\/p>\n<p>&nbsp;<\/p>\n<p>&nbsp;<\/p>\n","protected":false},"excerpt":{"rendered":"<p>Tak jako star\u00e9 Rakousko-Uhersko, tak i EU sm\u011b\u0159uje k tomu, aby byla mnohon\u00e1rodn\u00edm soust\u00e1t\u00edm. Pry\u010d&#8230;<\/p>\n","protected":false},"author":2,"featured_media":30105,"comment_status":"closed","ping_status":"closed","sticky":false,"template":"","format":"standard","meta":[],"categories":[6],"tags":[41,29,122],"_links":{"self":[{"href":"https:\/\/www.infokuryr.cz\/n\/wp-json\/wp\/v2\/posts\/42885"}],"collection":[{"href":"https:\/\/www.infokuryr.cz\/n\/wp-json\/wp\/v2\/posts"}],"about":[{"href":"https:\/\/www.infokuryr.cz\/n\/wp-json\/wp\/v2\/types\/post"}],"author":[{"embeddable":true,"href":"https:\/\/www.infokuryr.cz\/n\/wp-json\/wp\/v2\/users\/2"}],"replies":[{"embeddable":true,"href":"https:\/\/www.infokuryr.cz\/n\/wp-json\/wp\/v2\/comments?post=42885"}],"version-history":[{"count":0,"href":"https:\/\/www.infokuryr.cz\/n\/wp-json\/wp\/v2\/posts\/42885\/revisions"}],"wp:featuredmedia":[{"embeddable":true,"href":"https:\/\/www.infokuryr.cz\/n\/wp-json\/wp\/v2\/media\/30105"}],"wp:attachment":[{"href":"https:\/\/www.infokuryr.cz\/n\/wp-json\/wp\/v2\/media?parent=42885"}],"wp:term":[{"taxonomy":"category","embeddable":true,"href":"https:\/\/www.infokuryr.cz\/n\/wp-json\/wp\/v2\/categories?post=42885"},{"taxonomy":"post_tag","embeddable":true,"href":"https:\/\/www.infokuryr.cz\/n\/wp-json\/wp\/v2\/tags?post=42885"}],"curies":[{"name":"wp","href":"https:\/\/api.w.org\/{rel}","templated":true}]}}