{"id":42884,"date":"2023-12-19T00:33:03","date_gmt":"2023-12-18T23:33:03","guid":{"rendered":"http:\/\/www.infokuryr.cz\/n\/?p=42884"},"modified":"2023-12-18T19:33:56","modified_gmt":"2023-12-18T18:33:56","slug":"petr-hannig-invaze-cervenych-cepicek","status":"publish","type":"post","link":"https:\/\/www.infokuryr.cz\/n\/2023\/12\/19\/petr-hannig-invaze-cervenych-cepicek\/","title":{"rendered":"Petr Hannig: Invaze \u010derven\u00fdch \u010depi\u010dek"},"content":{"rendered":"<div id=\"fb-root\"><\/div>\n<p><strong>\u010ce\u0161i, Moravan\u00e9 a Slezan\u00e9 se ubr\u00e1nili n\u00e1jezd\u016fm d\u011bdy Mr\u00e1ze v\u00a0pades\u00e1t\u00fdch letech. I v\u00a0devades\u00e1t\u00fdch letech musel nov\u00fd invazn\u00ed druh, Santa Klaus se sv\u00fdmi san\u011bmi ta\u017een\u00fdmi soby, odt\u00e1hnout zp\u011bt do USA. Je\u0161t\u011b jsme nebyli dostate\u010dn\u011b pro\u0161koleni. Na\u0161e p\u00e1te\u0159e se pr\u00e1v\u011b narovnaly a nevyhovovalo n\u00e1m se znovu oh\u00fdbat.<\/strong><\/p>\n<p>Te\u010f v\u0161ak ji\u017e vyrostly nov\u00e9 generace a ty ji\u017e maj\u00ed sv\u00e9 d\u011bti. Nov\u00e9 generace se nechaly potetovat od hlavy a\u017e k pat\u011b. Pro\u010d? To nikdo nedok\u00e1\u017ee od\u016fvodnit. Je to zdrav\u00e9? Nikoliv. Je to hezk\u00e9? Vid\u011bl jsem na pl\u00e1\u017e\u00edch Francie, kde se opaluj\u00ed Holan\u010fan\u00e9 a hlavn\u011b Holan\u010fanky, potetov\u00e1n\u00ed a potetovan\u00e9 u\u017e d\u00e1vno p\u0159edt\u00edm, ne\u017e tato naprosto nesmysln\u00e1 m\u00f3da vkr\u00e1\u010dela pod patronac\u00ed z\u00e1padu k n\u00e1m. V\u016fbec to nen\u00ed estetick\u00e9, ale to u\u017e si mohly mo\u017en\u00e1 v\u0161imnout na sv\u00fdch t\u011blech i ti na\u0161i pr\u016fkopn\u00edci a pr\u016fkopnice tohoto nesmyslu, kte\u0159\u00ed, \u010di kter\u00e9 za honbou za v\u0161\u00edm z\u00e1padn\u00edm byli mezi prvn\u00edmi.<\/p>\n<p>Glob\u00e1ln\u00ed kult (skryt\u00e1 glob\u00e1ln\u00ed vl\u00e1da) si nechal oraz\u00edtkovat, ozna\u010dkovat ty, kter\u00e9 bude moci ovl\u00e1dat. Samoz\u0159ejm\u011b z\u00a0tohoto ozna\u010dkovan\u00e9ho st\u00e1da vyj\u00edm\u00e1m ty, kte\u0159\u00ed pot\u0159ebuj\u00ed b\u00fdt tetovan\u00ed kv\u016fli sv\u00e9mu zam\u011bstn\u00e1n\u00ed (tat\u00e9\u0159i), nebo tvrd\u00e9mu sportu, kde tetov\u00e1n\u00ed pat\u0159\u00ed k\u00a0v\u011bci.<\/p>\n<p>Ov\u0161em ovliv\u0148uj\u00ed tak ty, kte\u0159\u00ed pot\u0159ebuj\u00ed m\u00edt ke sv\u00e9mu \u017eivotu vzory. D\u0159\u00edv to byl pro mlad\u00e9 mu\u017ee Z\u00e1topek, p\u0159ekon\u00e1vaj\u00edc\u00ed rekordy, dnes to jsou z\u00e1pasn\u00edci v\u00a0kleci. Omlouv\u00e1m se, nejsem v\u00a0t\u011bchto sou\u010dasn\u00fdch sportech p\u0159\u00edli\u0161 orientov\u00e1n, ale t\u00edmto vysv\u011btlen\u00edm poukazuji na rozd\u00edl p\u0159\u00edstupu k\u00a0tetov\u00e1n\u00ed vlastn\u00edho t\u011bla z\u00a0d\u016fvod\u016f profesion\u00e1ln\u00edch a profesn\u00edch a z\u00a0d\u016fvodu vlastn\u00ed neomluviteln\u00e9 hlouposti.<\/p>\n<p><a href=\"https:\/\/stranapro.cz\/\"><img decoding=\"async\" loading=\"lazy\" class=\"alignnone  wp-image-40285 aligncenter\" src=\"http:\/\/www.infokuryr.cz\/n\/wp-content\/uploads\/2023\/11\/11pro-300x79.png\" alt=\"\" width=\"585\" height=\"154\" srcset=\"https:\/\/www.infokuryr.cz\/n\/wp-content\/uploads\/2023\/11\/11pro-300x79.png 300w, https:\/\/www.infokuryr.cz\/n\/wp-content\/uploads\/2023\/11\/11pro.png 363w\" sizes=\"(max-width: 585px) 100vw, 585px\" \/><\/a><\/p>\n<p>Tetov\u00e1n\u00ed byl jeden krok k podman\u011bn\u00ed davu. Dal\u0161\u00ed krok byl znect\u011bn\u00ed a zesm\u011b\u0161n\u011bn\u00ed vlastn\u00edho kulturn\u00edho bohatstv\u00ed. Vyp\u011bstovat v lidech pocit studu nad vlastn\u00ed histori\u00ed. V na\u0161em p\u0159\u00edpad\u011b odsuzov\u00e1n\u00ed husitstv\u00ed jako banditismu. O\u010dividn\u00e9 pohrd\u00e1n\u00ed mor\u00e1lkou. Norm\u00e1ln\u00ed je l\u00e1ska mezi stejn\u00fdm pohlav\u00edm. Hled\u00e1n\u00ed smyslu \u017eivota v t\u011bch nejpodivn\u011bj\u0161\u00edch v\u011bcech.<\/p>\n<p>Ale co je hlavn\u00ed. Vytla\u010den\u00ed v\u0161eho duchovn\u00edho z\u00a0reperto\u00e1ru lid\u00ed. Lid\u00e9 u\u017e ne\u010dtou. N\u011bkte\u0159\u00ed u\u017e pomalu nerozeznaj\u00ed, co je pravda, nebo alespo\u0148 zd\u00e1n\u00ed pravdy, a co je reklama. Jenom prstem proj\u00ed\u017ed\u011bj\u00ed na chytr\u00fdch telefonech a z\u00edraj\u00ed na pohybuj\u00edc\u00ed se obr\u00e1zky. V\u0161e je jenom povrch, nic nejde do hloubky. P\u0159edstavivost u\u017e nen\u00ed \u017e\u00e1dan\u00e1, nedok\u00e1\u017e\u00ed se soust\u0159edit nejenom na psan\u00e9, ale i na mluven\u00e9 slovo. M\u00e1lokdo u\u017e je schopen se soust\u0159edit na jeden souvislej\u0161\u00ed d\u011bj na filmov\u00e9m pl\u00e1tn\u011b \u010di televizn\u00ed obrazovce.<\/p>\n<p>A do toho v\u0161eho se u\u017e nevejde tak nehmotn\u00fd pojem, jako je Je\u017e\u00ed\u0161ek, kter\u00fd p\u0159in\u00e1\u0161\u00ed d\u00e1rky. Jak jej maj\u00ed reklamn\u00ed agentury zn\u00e1zor\u0148ovat. To nejde. A tak je n\u00e1m horem dolem vnucov\u00e1n obraz toho Santy, kter\u00fd p\u0159ed \u010dasem musel prozat\u00edm do \u00fastran\u00ed, ne\u017e bude n\u00e1rod kone\u010dn\u011b p\u0159ipraven p\u0159ijmout naprosto v\u0161e, co mu v\u0161emocn\u00fd z\u00e1pad p\u0159ipravil a p\u0159ed\u017ev\u00fdkal.<\/p>\n<p>Ob\u00e1v\u00e1m se, \u017ee u\u017e n\u00e1s zcela pohltily ty v\u0161ude se objevuj\u00edc\u00ed \u010derven\u00e9 \u010depi\u010dky. Za chv\u00edli se u\u017e do na\u0161ich dom\u00e1cnost\u00ed vet\u0159e i ten vousat\u00fd Santa. V\u017edy\u0165 je to tak \u00bbromantick\u00e9\u00ab, jak n\u00e1m ukazuje p\u0159ehr\u0161el film\u016f z\u00a0v\u00e1no\u010dn\u00ed nab\u00eddky Hollywoodu.<\/p>\n<p>Le\u010d p\u0159ese v\u0161echno p\u0159eji v\u0161em, kte\u0159\u00ed zat\u00edm nepodlehli \u0161\u00edlenstv\u00ed \u010derven\u00fdch \u010depi\u010dek, kr\u00e1sn\u00e9 pro\u017eit\u00ed V\u00e1noc, s\u00a0pokusem zachovat tradi\u010dn\u00ed v\u00e1no\u010dn\u00ed atmosf\u00e9ru v\u00a0tradi\u010dn\u00edch rodin\u00e1ch.<\/p>\n<p><strong>Petr Hannig, p\u0159edseda Rozumn\u00fdch v\u00a0Alianci za nez\u00e1vislost \u010cR<\/strong><\/p>\n<p>&nbsp;<\/p>\n<p>&nbsp;<\/p>\n","protected":false},"excerpt":{"rendered":"<p>\u010ce\u0161i, Moravan\u00e9 a Slezan\u00e9 se ubr\u00e1nili n\u00e1jezd\u016fm d\u011bdy Mr\u00e1ze v\u00a0pades\u00e1t\u00fdch letech. I v\u00a0devades\u00e1t\u00fdch letech musel&#8230;<\/p>\n","protected":false},"author":2,"featured_media":33742,"comment_status":"closed","ping_status":"closed","sticky":false,"template":"","format":"standard","meta":[],"categories":[6],"tags":[29,122,1471],"_links":{"self":[{"href":"https:\/\/www.infokuryr.cz\/n\/wp-json\/wp\/v2\/posts\/42884"}],"collection":[{"href":"https:\/\/www.infokuryr.cz\/n\/wp-json\/wp\/v2\/posts"}],"about":[{"href":"https:\/\/www.infokuryr.cz\/n\/wp-json\/wp\/v2\/types\/post"}],"author":[{"embeddable":true,"href":"https:\/\/www.infokuryr.cz\/n\/wp-json\/wp\/v2\/users\/2"}],"replies":[{"embeddable":true,"href":"https:\/\/www.infokuryr.cz\/n\/wp-json\/wp\/v2\/comments?post=42884"}],"version-history":[{"count":0,"href":"https:\/\/www.infokuryr.cz\/n\/wp-json\/wp\/v2\/posts\/42884\/revisions"}],"wp:featuredmedia":[{"embeddable":true,"href":"https:\/\/www.infokuryr.cz\/n\/wp-json\/wp\/v2\/media\/33742"}],"wp:attachment":[{"href":"https:\/\/www.infokuryr.cz\/n\/wp-json\/wp\/v2\/media?parent=42884"}],"wp:term":[{"taxonomy":"category","embeddable":true,"href":"https:\/\/www.infokuryr.cz\/n\/wp-json\/wp\/v2\/categories?post=42884"},{"taxonomy":"post_tag","embeddable":true,"href":"https:\/\/www.infokuryr.cz\/n\/wp-json\/wp\/v2\/tags?post=42884"}],"curies":[{"name":"wp","href":"https:\/\/api.w.org\/{rel}","templated":true}]}}