{"id":42840,"date":"2023-12-18T09:59:56","date_gmt":"2023-12-18T08:59:56","guid":{"rendered":"http:\/\/www.infokuryr.cz\/n\/?p=42840"},"modified":"2023-12-18T09:59:56","modified_gmt":"2023-12-18T08:59:56","slug":"soucasny-srbsky-prezident-vucic-se-stal-vitezem-parlamentnich-voleb","status":"publish","type":"post","link":"https:\/\/www.infokuryr.cz\/n\/2023\/12\/18\/soucasny-srbsky-prezident-vucic-se-stal-vitezem-parlamentnich-voleb\/","title":{"rendered":"Sou\u010dasn\u00fd srbsk\u00fd prezident Vu\u010di\u010d se stal v\u00edt\u011bzem parlamentn\u00edch voleb"},"content":{"rendered":"<div id=\"fb-root\"><\/div>\n<p><span style=\"font-size: 18pt;\"><strong>O\u010dek\u00e1v\u00e1 se, \u017ee strana \u00fa\u0159aduj\u00edc\u00edho prezidenta z\u00edsk\u00e1 parlamentn\u00ed v\u011bt\u0161inu<\/strong><\/span><\/p>\n<p><span>Srbsk\u00fd prezident Aleksandar Vu\u010di\u010d ozn\u00e1mil v\u00edt\u011bzstv\u00ed v ned\u011bln\u00edch parlamentn\u00edch volb\u00e1ch v t\u00e9to balk\u00e1nsk\u00e9 zemi pot\u00e9, co p\u0159edpokl\u00e1dan\u00e9 v\u00fdsledky p\u0159edpokl\u00e1daly, \u017ee jeho Srbsk\u00e1 pokrokov\u00e1 strana (SNS) z\u00edsk\u00e1 v\u00edce ne\u017e polovinu k\u0159esel.<\/span><\/p>\n<p><span>SNS z\u00edskala podle pr\u016fzkum\u016f CeSID a Ipsos asi 46 % hlas\u016f, opozi\u010dn\u00ed koalice Srbsko proti n\u00e1sil\u00ed (SPN) tvrd\u00ed m\u00e9n\u011b ne\u017e 28 %. Do 250\u010dlenn\u00e9ho n\u00e1rodn\u00edho z\u00e1konod\u00e1rn\u00e9ho sboru se uch\u00e1zelo celkem 18 stran, z nich\u017e se p\u0159edpokl\u00e1d\u00e1, \u017ee p\u011bt p\u0159ekro\u010d\u00ed t\u0159\u00edprocentn\u00ed hranici pot\u0159ebnou pro vstup do parlamentu.<\/span><\/p>\n<p><span>SNS m\u00e1 z\u00edskat t\u011bsnou v\u011bt\u0161inu 128 k\u0159esel oproti 120 v sou\u010dasn\u00e9m slo\u017een\u00ed. O\u010dek\u00e1v\u00e1 se, \u017ee vstoup\u00ed do koalice s n\u011bkter\u00fdmi ze sv\u00fdch sou\u010dasn\u00fdch partner\u016f, aby pos\u00edlila svou pozici, ne\u017e aby sama sestavovala novou vl\u00e1du.<\/span><\/p>\n<p><em><span>&#8222;Toto je absolutn\u00ed v\u00edt\u011bzstv\u00ed a d\u011bl\u00e1 mi radost,&#8220;<\/span><\/em><span> \u0159ekl Vu\u010di\u010d novin\u00e1\u0159\u016fm po ozn\u00e1men\u00ed projekc\u00ed.<\/span><\/p>\n<p><a href=\"https:\/\/stranapro.cz\/\"><img decoding=\"async\" loading=\"lazy\" class=\"alignnone  wp-image-40285 aligncenter\" src=\"http:\/\/www.infokuryr.cz\/n\/wp-content\/uploads\/2023\/11\/11pro-300x79.png\" alt=\"\" width=\"627\" height=\"165\" srcset=\"https:\/\/www.infokuryr.cz\/n\/wp-content\/uploads\/2023\/11\/11pro-300x79.png 300w, https:\/\/www.infokuryr.cz\/n\/wp-content\/uploads\/2023\/11\/11pro.png 363w\" sizes=\"(max-width: 627px) 100vw, 627px\" \/><\/a><\/p>\n<p><span>Vu\u010di\u010dova vl\u00e1da vyhl\u00e1sila p\u0159ed\u010dasn\u00e9 v\u0161eobecn\u00e9 volby po protestech vyvolan\u00fdch dv\u011bma masov\u00fdmi st\u0159elbami v kv\u011btnu, kter\u00e9 si vy\u017e\u00e1daly 18 ob\u011bt\u00ed. P\u0159edchoz\u00ed hlasov\u00e1n\u00ed se konalo v roce 2022. Ned\u011bln\u00ed volby byly p\u00e1t\u00e9 od roku 2012, kdy se SNS poprv\u00e9 dostala k moci.<\/span><\/p>\n<p><span>Srbov\u00e9 tak\u00e9 hlasovali v m\u00edstn\u00edch volb\u00e1ch ve v\u011bt\u0161in\u011b obc\u00ed, v\u010detn\u011b hlavn\u00edho m\u011bsta B\u011blehradu a severn\u00ed provincie Vojvodina. B\u011blehrad je domovem zhruba \u010dtvrtiny obyvatel balk\u00e1nsk\u00e9ho n\u00e1roda. \u00da\u0159ad jeho starosty, kter\u00fd je volen m\u011bstskou radou, je pova\u017eov\u00e1n za jeden z nejvlivn\u011bj\u0161\u00edch v srbsk\u00e9m politick\u00e9m syst\u00e9mu.<\/span><\/p>\n<p><span>P\u0159edb\u011b\u017en\u00e9 v\u00fdsledky uk\u00e1zaly m\u00edrn\u00e9 veden\u00ed SNS v kampani do z\u00e1konod\u00e1rn\u00e9ho sboru hlavn\u00edho m\u011bsta, p\u0159i\u010dem\u017e strana z\u00edskala p\u0159es 38 % hlas\u016f, ve srovn\u00e1n\u00ed s 35 % SPN.<\/span><\/p>\n<p><span>Vu\u010di\u0107ova strana usiluje o to, aby se Srbsko stalo \u010dlenem EU, i kdy\u017e v t\u00e9to mo\u017enosti existuj\u00ed p\u0159ek\u00e1\u017eky, v\u010detn\u011b statutu odtr\u017een\u00e9 srbsk\u00e9 provincie Kosovo, kterou Brusel pova\u017euje za nez\u00e1visl\u00fd st\u00e1t.<\/span><\/p>\n<p><span>EU tak\u00e9 chce, aby B\u011blehrad znovu sladil svou zahrani\u010dn\u00ed politiku s politikou bloku, a to i t\u00edm, \u017ee se p\u0159ipoj\u00ed k sank\u010dn\u00ed kampani veden\u00e9 USA proti Rusku. Srbsko a Rusko byly tradi\u010dn\u011b bl\u00edzk\u00fdmi spojenci a Vu\u010di\u010d odolal tlaku Z\u00e1padu.<\/span><\/p>\n<p><span style=\"font-size: 10pt;\"><em><strong>\u00davodn\u00ed fotografie:<\/strong> Srbsk\u00fd prezident Aleksandar Vu\u010di\u010d promlouv\u00e1 k m\u00e9di\u00edm v s\u00eddle Srbsk\u00e9 pokrokov\u00e9 strany 17. prosince 2023 v B\u011blehrad\u011b.\u00a0\u00a9\u00a0\u00a0Vladimir Zivojinovic \/ Getty Images<\/em><\/span><\/p>\n<p><img decoding=\"async\" loading=\"lazy\" class=\"alignnone size-full wp-image-1185\" src=\"http:\/\/www.infokuryr.cz\/n\/wp-content\/uploads\/2021\/04\/kuryr-podpis.png\" alt=\"\" width=\"84\" height=\"24\" \/><\/p>\n<p>&nbsp;<\/p>\n<p>&nbsp;<\/p>\n","protected":false},"excerpt":{"rendered":"<p>O\u010dek\u00e1v\u00e1 se, \u017ee strana \u00fa\u0159aduj\u00edc\u00edho prezidenta z\u00edsk\u00e1 parlamentn\u00ed v\u011bt\u0161inu Srbsk\u00fd prezident Aleksandar Vu\u010di\u010d ozn\u00e1mil v\u00edt\u011bzstv\u00ed&#8230;<\/p>\n","protected":false},"author":2,"featured_media":42841,"comment_status":"closed","ping_status":"closed","sticky":false,"template":"","format":"standard","meta":[],"categories":[7],"tags":[393,139,3837,27],"_links":{"self":[{"href":"https:\/\/www.infokuryr.cz\/n\/wp-json\/wp\/v2\/posts\/42840"}],"collection":[{"href":"https:\/\/www.infokuryr.cz\/n\/wp-json\/wp\/v2\/posts"}],"about":[{"href":"https:\/\/www.infokuryr.cz\/n\/wp-json\/wp\/v2\/types\/post"}],"author":[{"embeddable":true,"href":"https:\/\/www.infokuryr.cz\/n\/wp-json\/wp\/v2\/users\/2"}],"replies":[{"embeddable":true,"href":"https:\/\/www.infokuryr.cz\/n\/wp-json\/wp\/v2\/comments?post=42840"}],"version-history":[{"count":0,"href":"https:\/\/www.infokuryr.cz\/n\/wp-json\/wp\/v2\/posts\/42840\/revisions"}],"wp:featuredmedia":[{"embeddable":true,"href":"https:\/\/www.infokuryr.cz\/n\/wp-json\/wp\/v2\/media\/42841"}],"wp:attachment":[{"href":"https:\/\/www.infokuryr.cz\/n\/wp-json\/wp\/v2\/media?parent=42840"}],"wp:term":[{"taxonomy":"category","embeddable":true,"href":"https:\/\/www.infokuryr.cz\/n\/wp-json\/wp\/v2\/categories?post=42840"},{"taxonomy":"post_tag","embeddable":true,"href":"https:\/\/www.infokuryr.cz\/n\/wp-json\/wp\/v2\/tags?post=42840"}],"curies":[{"name":"wp","href":"https:\/\/api.w.org\/{rel}","templated":true}]}}