{"id":42838,"date":"2023-12-18T09:53:54","date_gmt":"2023-12-18T08:53:54","guid":{"rendered":"http:\/\/www.infokuryr.cz\/n\/?p=42838"},"modified":"2023-12-18T13:50:04","modified_gmt":"2023-12-18T12:50:04","slug":"bis-koudelka-vydesil-pravdomluvneho-fialu","status":"publish","type":"post","link":"https:\/\/www.infokuryr.cz\/n\/2023\/12\/18\/bis-koudelka-vydesil-pravdomluvneho-fialu\/","title":{"rendered":"BIS Koudelka vyd\u011bsil pravdomluvn\u00e9ho Fialu"},"content":{"rendered":"<div id=\"fb-root\"><\/div>\n<h2><span style=\"font-size: 18pt;\">BIS Koudelka vyd\u011bsil pravdomluvn\u00e9ho Fialu: 98% (75%) dezinform\u00e1tor\u016f \u00fato\u010d\u00ed na na\u0161\u00ed skv\u011blou dvouprocentn\u00ed vl\u00e1du! Ale my zv\u00edt\u011bz\u00edme!<\/span><\/h2>\n<div class=\"introtext\">\n<p>My to poka\u017ed\u00e9 odhal\u00edme. A odhal\u00edme p\u0159edem! V\u00edte jak? Kdy pr\u0161\u00ed, lid\u00e9 dezinformuj\u00ed o de\u0161ti. Kdy\u017e sv\u00edt\u00ed slun\u00ed\u010dko, lid\u00e9 dezinformuj\u00ed o horku. Kdy\u017e je sn\u00edh, tak lid\u00e9 drze informuj\u00ed o sn\u011bhu, kdy\u017e je covid, dezinformuj\u00ed o covidu, kdy\u017e je v\u00e1lka na Ukrajin\u011b, dezinformuj\u00ed o Ukrajin\u011b. A my to v\u017edycky p\u0159edem odhal\u00edme!<\/p>\n<\/div>\n<div class=\"fulltext\">\n<p>My to v\u0161echno v\u00edme, my na to m\u00e1me odborn\u00edky, h\u0159\u00edm\u00e1 BIS Koudelka na akci \u00fa\u017easn\u00e9 Lang\u0161\u00e1dlov\u00e9. Prost\u011b se na konferenci se\u0161el jeden g\u00e9nius vedle g\u00e9nia na odhalov\u00e1n\u00ed dezinformac\u00ed. Jak\u00e9 platy za to maj\u00ed m\u011bs\u00ed\u010dn\u011b, se rad\u011bji ani neptejte. Nebo v\u00e1\u017en\u011b mysl\u00edte, \u017ee takto d\u0159ou za minim\u00e1ln\u00ed mzdu? U\u017e\u00a0<strong>manipol\u00e1tor Cemper<\/strong> toto odhalil: kdy\u017e je v\u00e1lka na Ukrajin\u011b, lid\u00e9 maj\u00ed ps\u00e1t a mluvit o kyti\u010dk\u00e1ch, kdy\u017e je drahota, lid\u00e9 drze kritizuj\u00ed vl\u00e1du, m\u00edsto aby diskutovali o hv\u011bzdi\u010dk\u00e1ch a kdy\u017e je covid, drze protestuj\u00ed proti \u0161\u00edlen\u00fdm opat\u0159en\u00edm a dokonce demonstruj\u00ed a p\u00ed\u0161\u00ed \u017ealoby, m\u00edsto aby si pov\u00eddali o sv\u011btl\u00fdch z\u00edt\u0159c\u00edch nad Bruselem.<\/p>\n<p>T\u0159eba lid\u00e9 n\u00e1m u\u017e ani nev\u011b\u0159\u00ed, \u017ee p\u011btkr\u00e1t um\u0159el\u00fd Putin pop\u00e1t\u00e9 um\u0159el!. My to do nich cpeme horem dolem a mrtv\u00fd Putin st\u00e1le \u017eije!<\/p>\n<p><span style=\"font-size: 18pt;\"><strong>A &#8222;o tom ta konference&#8220; L\u00e1ng\u0161\u00e1dlov\u00e9 a BIS Koudelky je!<\/strong><\/span><\/p>\n<p><strong><span style=\"font-size: 14pt;\">Pokud nev\u011b\u0159\u00edte, poslechn\u011bte si sest\u0159ih dvou lid\u00ed, kte\u0159\u00ed za minim\u00e1ln\u00ed mzdu nepracuj\u00ed. Zda maj\u00ed v\u00edc ne\u017e 200 000 m\u011bs\u00ed\u010dn\u011b? Za ten velk\u00fd v\u00fdkon by si to zaslou\u017eili.<\/span><\/strong><\/p>\n<p>&nbsp;<\/p>\n<p><iframe loading=\"lazy\" title=\"Sest\u0159ih n\u00e1vrat do temn\u00e9 minulosti pod veden\u00edm BIS Koudelky\" src=\"https:\/\/www.youtube.com\/embed\/0HKUsmY6myc\" width=\"600\" height=\"400\" frameborder=\"0\" allowfullscreen=\"allowfullscreen\" data-mce-fragment=\"1\"><\/iframe><\/p>\n<p>&nbsp;<\/p>\n<h2><strong>D\u016eKAZ<\/strong><\/h2>\n<p><strong>Smrt m\u00e1 na kah\u00e1nku a ur\u010dit\u011b to nen\u00ed dezinformace, neb to psal americk\u00fd nedezinforma\u010dn\u00ed zdroj!<\/strong><\/p>\n<p><img decoding=\"async\" loading=\"lazy\" class=\"aligncenter\" src=\"https:\/\/www.skrytapravda.cz\/images\/blogy\/805\/2024\/cenzura\/Sn%C3%ADmek_obrazovky_9745_d464a.webp\" alt=\"Sn\u00edmek obrazovky 9745 d464a\" width=\"729\" height=\"629\" \/><\/p>\n<p><span style=\"font-size: 18pt;\"><strong>A den &#8222;D&#8220; je zde!<\/strong><\/span><\/p>\n<p><strong>\u00a0&#8222;Putin je mrtv\u00fd. Je to naprost\u00e1 pravda. Zem\u0159el ve \u010dtvrtek 26. \u0159\u00edjna ve 20:40. Je to poni\u017euj\u00edc\u00ed, ale je to pravda. O jeho fyzick\u00e9 smrti nen\u00ed pochyb,&#8220; prohl\u00e1sil Solovej v rozhovoru na YouTube.<\/strong><\/p>\n<p><img decoding=\"async\" loading=\"lazy\" class=\"aligncenter\" src=\"https:\/\/www.skrytapravda.cz\/images\/blogy\/805\/2024\/cenzura\/Sn%C3%ADmek_obrazovky_9741_e39ec.webp\" alt=\"Sn\u00edmek obrazovky 9741 e39ec\" width=\"689\" height=\"701\" \/><\/p>\n<p>Kreml zpr\u00e1vy o smrti rusk\u00e9ho prezidenta pop\u00edr\u00e1. &#8222;Tohle je definitivn\u011b jen dal\u0161\u00ed kachna,&#8220; \u0159ekl agentu\u0159e RIA Novosti mluv\u010d\u00ed Kremlu Dmitrij Peskov. Putin se ale tento t\u00fdden nez\u00fa\u010dastn\u00ed zah\u00e1jen\u00ed nov\u00e9 rusk\u00e9 v\u00fdstavy, kde m\u011bl vystoupit.<br \/>\nZdroj:\u00a0<a href=\"https:\/\/tn.nova.cz\/zpravodajstvi\/clanek\/527553-analytik-popsal-putinovu-smrt-rusky-prezident-pry-zemrel-ve-20-40?campaignsrc=tn_clipboard\" target=\"_blank\" rel=\"noopener\">https:\/\/tn.nova.cz\/zpravodajstvi\/clanek\/527553-analytik-popsal-putinovu-smrt-rusky-prezident-pry-zemrel-ve-20-40?campaignsrc=tn_clipboard<\/a><\/p>\n<h2>A 14. prosince 2023 5x um\u0159el\u00fd Putin promluvil v p\u0159\u00edm\u00e9m p\u0159enosu. A v\u00edte jak je ten z\u00e1zrak mo\u017en\u00fd?<\/h2>\n<h2>P\u0159e\u010dt\u011bte si, kam ukazuje \u0161ipka vl\u00e1dou prot\u011b\u017eovan\u00e9ho\u00a0 FORUM 24.<\/h2>\n<p><img decoding=\"async\" loading=\"lazy\" class=\"aligncenter\" src=\"https:\/\/www.skrytapravda.cz\/images\/blogy\/805\/2024\/cenzura\/Sn%C3%ADmek_obrazovky_9747_88cd9.webp\" alt=\"Sn\u00edmek obrazovky 9747 88cd9\" width=\"863\" height=\"585\" \/><\/p>\n<p><span style=\"font-size: 24pt; color: #ff0000;\">U\u017e ch\u00e1pete, o \u010dem mluv\u00ed super experti proti dezinformac\u00edm v \u010dele s BIS Koudelkou?<\/span><\/p>\n<p><span style=\"font-size: 18pt;\"><strong>V\u00e1clav Burian: J\u00e1 ne\u0159\u00edk\u00e1m tak, ani tak, na m\u00e1 slova dojde. J\u00e1 ne\u0159\u00edk\u00e1m tak, ani tak, vono je to v\u0161elijak&#8230;<\/strong><\/span><\/p>\n<p>V\u00e1\u017een\u00ed \u010dten\u00e1\u0159i, pokud se v\u00e1m z toho zved\u00e1 \u017ealudek, pos\u00edlejte to v\u0161ude po facebooku n\u00ed\u017ee tla\u010d\u00edtkem, \u010di jinak zve\u0159ej\u0148ujte. V\u0161e je screenem ozdrojovan\u00e9, nic nen\u00ed manipulativn\u011b upraveno. Film pouze sest\u0159\u00edh\u00e1n, v origin\u00e1le je to hodiny dlouh\u00e9.<\/p>\n<p><a href=\"https:\/\/www.skrytapravda.cz\/z-domova\/1608-bis-koudelka-vydesil-pravdomluvneho-fialu-98-dezinformatoru-utoci-na-nasi-skvelou-vladu-ale-my-zvitezime\">Petr Pokorn\u00fd<\/a><\/p>\n<p><a href=\"https:\/\/stranapro.cz\/\"><img decoding=\"async\" loading=\"lazy\" class=\"wp-image-40286 aligncenter\" src=\"http:\/\/www.infokuryr.cz\/n\/wp-content\/uploads\/2023\/11\/12pro-300x87.png\" alt=\"\" width=\"1076\" height=\"312\" srcset=\"https:\/\/www.infokuryr.cz\/n\/wp-content\/uploads\/2023\/11\/12pro-300x87.png 300w, https:\/\/www.infokuryr.cz\/n\/wp-content\/uploads\/2023\/11\/12pro.png 366w\" sizes=\"(max-width: 1076px) 100vw, 1076px\" \/><\/a><\/p>\n<\/div>\n","protected":false},"excerpt":{"rendered":"<p>BIS Koudelka vyd\u011bsil pravdomluvn\u00e9ho Fialu: 98% (75%) dezinform\u00e1tor\u016f \u00fato\u010d\u00ed na na\u0161\u00ed skv\u011blou dvouprocentn\u00ed vl\u00e1du! Ale&#8230;<\/p>\n","protected":false},"author":2,"featured_media":42839,"comment_status":"closed","ping_status":"closed","sticky":false,"template":"","format":"standard","meta":[],"categories":[6],"tags":[146,28,29,187],"_links":{"self":[{"href":"https:\/\/www.infokuryr.cz\/n\/wp-json\/wp\/v2\/posts\/42838"}],"collection":[{"href":"https:\/\/www.infokuryr.cz\/n\/wp-json\/wp\/v2\/posts"}],"about":[{"href":"https:\/\/www.infokuryr.cz\/n\/wp-json\/wp\/v2\/types\/post"}],"author":[{"embeddable":true,"href":"https:\/\/www.infokuryr.cz\/n\/wp-json\/wp\/v2\/users\/2"}],"replies":[{"embeddable":true,"href":"https:\/\/www.infokuryr.cz\/n\/wp-json\/wp\/v2\/comments?post=42838"}],"version-history":[{"count":0,"href":"https:\/\/www.infokuryr.cz\/n\/wp-json\/wp\/v2\/posts\/42838\/revisions"}],"wp:featuredmedia":[{"embeddable":true,"href":"https:\/\/www.infokuryr.cz\/n\/wp-json\/wp\/v2\/media\/42839"}],"wp:attachment":[{"href":"https:\/\/www.infokuryr.cz\/n\/wp-json\/wp\/v2\/media?parent=42838"}],"wp:term":[{"taxonomy":"category","embeddable":true,"href":"https:\/\/www.infokuryr.cz\/n\/wp-json\/wp\/v2\/categories?post=42838"},{"taxonomy":"post_tag","embeddable":true,"href":"https:\/\/www.infokuryr.cz\/n\/wp-json\/wp\/v2\/tags?post=42838"}],"curies":[{"name":"wp","href":"https:\/\/api.w.org\/{rel}","templated":true}]}}