{"id":42810,"date":"2023-12-18T06:36:43","date_gmt":"2023-12-18T05:36:43","guid":{"rendered":"http:\/\/www.infokuryr.cz\/n\/?p=42810"},"modified":"2023-12-18T06:36:43","modified_gmt":"2023-12-18T05:36:43","slug":"severni-korea-varuje-pred-znicujici-jadernou-reakci","status":"publish","type":"post","link":"https:\/\/www.infokuryr.cz\/n\/2023\/12\/18\/severni-korea-varuje-pred-znicujici-jadernou-reakci\/","title":{"rendered":"Severn\u00ed Korea varuje p\u0159ed \u201ezni\u010duj\u00edc\u00ed\u201c jadernou reakc\u00ed"},"content":{"rendered":"<div id=\"fb-root\"><\/div>\n<p><span style=\"font-size: 18pt;\"><strong>Washington a Soul se p\u0159ipravuj\u00ed na v\u00e1lku a Pchjongjang \u201enebude ne\u010dinn\u011b p\u0159ihl\u00ed\u017eet\u201c, prohl\u00e1silo jeho ministerstvo obrany<\/strong><\/span><\/p>\n<p><span>Ministerstvo obrany Severn\u00ed Koreje obvinilo USA a Ji\u017en\u00ed Koreu z p\u0159\u00edpravy\u00a0<\/span><em><span>\u201ejadern\u00e9 v\u00e1lky,\u201c<\/span><\/em><span>\u00a0varovalo, \u017ee jak\u00e9koli pou\u017eit\u00ed s\u00edly proti Severn\u00ed Korea by se\u00a0<\/span><em><span>\u201esetkala s preventivn\u00ed a zni\u010duj\u00edc\u00ed reakc\u00ed.\u201c<\/span><\/em><span>\u00a0Prohl\u00e1\u0161en\u00ed ministerstva p\u0159i\u0161lo pot\u00e9, co s\u00edly Pchjongjangu testovaly balistickou raketu.<\/span><\/p>\n<p><span>Raketa byla odp\u00e1lena u v\u00fdchodn\u00edho pob\u0159e\u017e\u00ed Severn\u00ed Koreje v ned\u011bli a podle japonsk\u00e9 pob\u0159e\u017en\u00ed str\u00e1\u017ee spadla do mo\u0159e 20 minut po odp\u00e1len\u00ed.\u00a0<\/span><\/p>\n<p><span>Kr\u00e1tce po spu\u0161t\u011bn\u00ed vydalo ministerstvo obrany prohl\u00e1\u0161en\u00ed, v n\u011bm\u017e obvinilo\u00a0<\/span><em><span>\u201eamerick\u00e9 a jihokorejsk\u00e9 vojensk\u00e9 n\u00e1siln\u00edky\u201c<\/span><\/em><span> ze zrychlen\u00ed p\u0159\u00edprav k obran\u011b Ji\u017en\u00ed Koreje p\u0159ed \u00fatokem ze severu .<em>\u201ecel\u00fd rozsah schopnost\u00ed USA, v\u010detn\u011b jadern\u00fdch,\u201c<\/em>\u00a0s odkazem na p\u00e1te\u010dn\u00ed setk\u00e1n\u00ed Americko-jihokorejsk\u00e9 jadern\u00e9 poradn\u00ed skupiny ve Washingtonu, po kter\u00e9m B\u00edl\u00fd d\u016fm uvedl, \u017ee USA pou\u017eij\u00ed\u00a0<\/span><em><span>\u201cjadern\u00e1 v\u00e1lka,\u201d<\/span><\/em><\/p>\n<p><a href=\"https:\/\/stranapro.cz\/\"><img decoding=\"async\" loading=\"lazy\" class=\"alignnone  wp-image-40285 aligncenter\" src=\"http:\/\/www.infokuryr.cz\/n\/wp-content\/uploads\/2023\/11\/11pro-300x79.png\" alt=\"\" width=\"615\" height=\"162\" srcset=\"https:\/\/www.infokuryr.cz\/n\/wp-content\/uploads\/2023\/11\/11pro-300x79.png 300w, https:\/\/www.infokuryr.cz\/n\/wp-content\/uploads\/2023\/11\/11pro.png 363w\" sizes=\"(max-width: 615px) 100vw, 615px\" \/><\/a><\/p>\n<p><span>Ministerstvo ve sv\u00e9m prohl\u00e1\u0161en\u00ed rovn\u011b\u017e odsoudilo ned\u011bln\u00ed p\u0159\u00edlet ponorky USS Missouri, jadern\u011b poh\u00e1n\u011bn\u00e9, do Ji\u017en\u00ed Koreje a popsalo vojensk\u00e1 cvi\u010den\u00ed po\u0159\u00e1dan\u00e1 v srpnu americk\u00fdmi a jihokorejsk\u00fdmi silami jako\u00a0<\/span><em><span>&#8222;do o\u010d\u00ed bij\u00edc\u00ed prohl\u00e1\u0161en\u00ed o jadern\u00e9 konfrontaci.&#8220;<\/span><\/em><\/p>\n<p><em><span>\u201eNikdy nebudeme ne\u010dinn\u011b p\u0159ihl\u00ed\u017eet provokativn\u00edm akc\u00edm Spojen\u00fdch st\u00e1t\u016f,\u201c<\/span><\/em><span>\u00a0uvedlo ministerstvo a dodalo, \u017ee severokorejsk\u00e9 s\u00edly jsou p\u0159ipraveny\u00a0<\/span><em><span>&#8222;d\u016fkladn\u011b neutralizovat pokus Spojen\u00fdch st\u00e1t\u016f a jejich stoupenc\u016f vyvolat jadernou v\u00e1lku.&#8220;<\/span><\/em><\/p>\n<p><em><span>\u201eJak\u00fdkoli pokus nep\u0159\u00e1telsk\u00fdch mocnost\u00ed pou\u017e\u00edt s\u00edlu proti Korejsk\u00e9 lidov\u011b demokratick\u00e9 republice se setk\u00e1 s preventivn\u00ed a zni\u010duj\u00edc\u00ed reakc\u00ed,\u201c<\/span><\/em><span> kon\u010d\u00ed prohl\u00e1\u0161en\u00ed.<\/span><\/p>\n<p><span>Po kr\u00e1tk\u00e9m uvoln\u011bn\u00ed b\u011bhem druh\u00e9 \u010d\u00e1sti funk\u010dn\u00edho obdob\u00ed b\u00fdval\u00e9ho americk\u00e9ho prezidenta Donalda Trumpa Severn\u00ed Korea po inauguraci Joea Bidena zrychlila sv\u016fj program testov\u00e1n\u00ed raket a od za\u010d\u00e1tku roku 2022 provedla v\u00edce ne\u017e 100 start\u016f. USA mezit\u00edm zv\u00fd\u0161ily rozsah a frekvenci sv\u00fdch vojensk\u00fdch cvi\u010den\u00ed s Ji\u017en\u00ed Koreou, zat\u00edmco B\u00edl\u00fd d\u016fm letos dvakr\u00e1t varoval Pchjongjang, \u017ee prvn\u00ed jadern\u00fd \u00fader ze severu\u00a0<\/span><em><span>&#8222;je nep\u0159ijateln\u00fd a povede ke konci re\u017eimu (Kim \u010cong) Un.\u201c<\/span><\/em><\/p>\n<p><span>Severn\u00ed Korea v listopadu \u00fasp\u011b\u0161n\u011b vynesla na ob\u011b\u017enou dr\u00e1hu \u0161pion\u00e1\u017en\u00ed satelit a o t\u00fdden pozd\u011bji tvrdila, \u017ee po\u0159\u00eddila\u00a0<\/span><em><span>\u201epodrobn\u00e9\u201c<\/span><\/em><span>\u00a0sn\u00edmky americk\u00fdch vojensk\u00e1 za\u0159\u00edzen\u00ed, letadlov\u00e9 lod\u011b a B\u00edl\u00fd d\u016fm. Jihokorej\u0161t\u00ed \u0161pi\u00f3ni tvrd\u00ed, \u017ee sever se chyst\u00e1 prov\u00e9st sv\u016fj prvn\u00ed jadern\u00fd test od roku 2017 n\u011bkdy v p\u0159\u00ed\u0161t\u00edm roce.<\/span><\/p>\n<p><img decoding=\"async\" loading=\"lazy\" class=\"alignnone size-full wp-image-1185\" src=\"http:\/\/www.infokuryr.cz\/n\/wp-content\/uploads\/2021\/04\/kuryr-podpis.png\" alt=\"\" width=\"84\" height=\"24\" \/><\/p>\n<p>&nbsp;<\/p>\n<p>&nbsp;<\/p>\n","protected":false},"excerpt":{"rendered":"<p>Washington a Soul se p\u0159ipravuj\u00ed na v\u00e1lku a Pchjongjang \u201enebude ne\u010dinn\u011b p\u0159ihl\u00ed\u017eet\u201c, prohl\u00e1silo jeho ministerstvo&#8230;<\/p>\n","protected":false},"author":2,"featured_media":42811,"comment_status":"closed","ping_status":"closed","sticky":false,"template":"","format":"standard","meta":[],"categories":[7],"tags":[1652,1189,2986,37],"_links":{"self":[{"href":"https:\/\/www.infokuryr.cz\/n\/wp-json\/wp\/v2\/posts\/42810"}],"collection":[{"href":"https:\/\/www.infokuryr.cz\/n\/wp-json\/wp\/v2\/posts"}],"about":[{"href":"https:\/\/www.infokuryr.cz\/n\/wp-json\/wp\/v2\/types\/post"}],"author":[{"embeddable":true,"href":"https:\/\/www.infokuryr.cz\/n\/wp-json\/wp\/v2\/users\/2"}],"replies":[{"embeddable":true,"href":"https:\/\/www.infokuryr.cz\/n\/wp-json\/wp\/v2\/comments?post=42810"}],"version-history":[{"count":0,"href":"https:\/\/www.infokuryr.cz\/n\/wp-json\/wp\/v2\/posts\/42810\/revisions"}],"wp:featuredmedia":[{"embeddable":true,"href":"https:\/\/www.infokuryr.cz\/n\/wp-json\/wp\/v2\/media\/42811"}],"wp:attachment":[{"href":"https:\/\/www.infokuryr.cz\/n\/wp-json\/wp\/v2\/media?parent=42810"}],"wp:term":[{"taxonomy":"category","embeddable":true,"href":"https:\/\/www.infokuryr.cz\/n\/wp-json\/wp\/v2\/categories?post=42810"},{"taxonomy":"post_tag","embeddable":true,"href":"https:\/\/www.infokuryr.cz\/n\/wp-json\/wp\/v2\/tags?post=42810"}],"curies":[{"name":"wp","href":"https:\/\/api.w.org\/{rel}","templated":true}]}}