{"id":42808,"date":"2023-12-18T06:33:36","date_gmt":"2023-12-18T05:33:36","guid":{"rendered":"http:\/\/www.infokuryr.cz\/n\/?p=42808"},"modified":"2023-12-18T06:33:36","modified_gmt":"2023-12-18T05:33:36","slug":"fico-od-stromecku-zatocil-s-eu-zbyva-odvaha-mluvit-pravdu-v-bruselu-se-bude-tezko-poslouchat","status":"publish","type":"post","link":"https:\/\/www.infokuryr.cz\/n\/2023\/12\/18\/fico-od-stromecku-zatocil-s-eu-zbyva-odvaha-mluvit-pravdu-v-bruselu-se-bude-tezko-poslouchat\/","title":{"rendered":"Fico od strome\u010dku zato\u010dil s EU. \u201eZb\u00fdv\u00e1 odvaha mluvit pravdu.\u201c V Bruselu se bude t\u011b\u017eko poslouchat"},"content":{"rendered":"<div id=\"fb-root\"><\/div>\n<p><span style=\"font-size: 14pt;\"><strong>\u201eRusko hospod\u00e1\u0159sky posiluje, sankce nefunguj\u00ed. Rusko s\u00a0v\u011bt\u0161\u00edmi i\u00a0men\u0161\u00edmi t\u011b\u017ekostmi vojensky kontroluje obsazen\u00e9 \u00fazem\u00ed na Ukrajin\u011b,\u201c poznamenal ve sv\u00e9m v\u00e1no\u010dn\u00edm vys\u00edl\u00e1n\u00ed slovensk\u00fd premi\u00e9r Robert Fico. \u201eJsem p\u0159esv\u011bd\u010den, \u017ee velk\u00e1 \u010d\u00e1st EU \u017eije v\u00a0ot\u00e1zce v\u00e1lky na Ukrajin\u011b \u00famysln\u011b ve velk\u00e9m omylu,\u201c dodal.<\/strong><\/span><\/p>\n<p>\u201eTak jsem se kone\u010dn\u011b do\u010dkal a\u00a0dostalo se mi pochvaly, i\u00a0s\u00a0Viktorem Orb\u00e1nem, od rusk\u00e9ho prezidenta. Ani nev\u00edte, co m\u011b to st\u00e1lo \u00fasil\u00ed, ty ka\u017edodenn\u00ed telefon\u00e1ty do Moskvy s\u00a0prosbami, aby na moji adresu p\u0159ilet\u011blo n\u011bjak\u00e9 to p\u0159\u00edjemn\u00e9 slovo. O\u00a0to v\u00edc m\u011b pot\u011b\u0161ilo, kdy\u017e m\u011b v\u00a0Bruselu po\u00a0diskusi ve \u010dtvrtek zastavil jeden ze z\u00e1padn\u00edch premi\u00e9r\u016f a\u00a0\u0159ekl mi uzn\u00e1n\u00ed tohoto typu: Roberte, Unie by pot\u0159ebovala v\u00edce takov\u00fdch racion\u00e1ln\u00edch bastard\u016f, jako jsi ty. Tak\u017ee: byl jsem pochv\u00e1len\u00fd na Z\u00e1pad\u011b i\u00a0na V\u00fdchod\u011b. Je\u0161t\u011b by to cht\u011blo n\u011bco ze \u0160v\u00e9dska, potom z\u00a0It\u00e1lie, abych mohl definitivn\u011b konstatovat, \u017ee skute\u010dn\u011b se mi da\u0159\u00ed d\u011blat zahrani\u010dn\u00ed politiku na v\u0161echny \u010dty\u0159i sv\u011btov\u00e9 strany. Tedy takovou, jakou jsem v\u017edy cht\u011bl d\u011blat,\u201c poznamenal Fico a\u00a0omluvil se za odleh\u010den\u00fd t\u00f3n za\u010d\u00e1tku vys\u00edl\u00e1n\u00ed.<\/p>\n<p>\u201eD\u011bn\u00ed na summitu v\u00a0Bruselu a\u00a0posledn\u00ed ud\u00e1losti na mezin\u00e1rodn\u00edm poli m\u011b nut\u00ed k\u00a0n\u011bkter\u00fdm v\u00e1\u017en\u011bj\u0161\u00edm \u00favah\u00e1m. Za\u010dnu v\u0161ak dobrou zpr\u00e1vou. Na \u010dtvrte\u010dn\u00ed bruselsk\u00e9 summitov\u00e9 ve\u010de\u0159i se premi\u00e9r\u016fm a\u00a0prezident\u016fm serv\u00edrovalo slovensk\u00e9 v\u00edno, P\u00e1lava, ro\u010dn\u00edk 2014. Podle pr\u00e1zdn\u00fdch poh\u00e1r\u016f jsem usoudil, \u017ee chutnalo, a\u00a0slovensk\u00fd v\u00fdrobce, kter\u00e9ho se tato pochvala t\u00fdk\u00e1, se m\u016f\u017ee t\u011b\u0161it, proto\u017ee P\u00e1lava byla skute\u010dn\u011b v\u00fdborn\u00e1,\u201c \u0159ekl Fico, \u017ee t\u00edmto dobr\u00e9 zpr\u00e1vy kon\u010d\u00ed.<\/p>\n<p><strong>\u201eM\u00e1m siln\u00e9 nutk\u00e1n\u00ed \u0159\u00edct n\u011bco o\u00a0Ukrajin\u011b. Jsem p\u0159esv\u011bd\u010den, \u017ee velk\u00e1 \u010d\u00e1st EU \u017eije v\u00a0ot\u00e1zce v\u00e1lky na Ukrajin\u011b \u00famysln\u011b ve velk\u00e9m omylu. P\u0159evelk\u00e1 \u010d\u00e1st \u010dlensk\u00fdch st\u00e1t\u016f je Ukrajinou a\u00a0nen\u00e1vist\u00ed v\u00a0Rusk\u00e9 federaci posedl\u00e1. A\u00a0z\u00a0toho vypl\u00fdvaj\u00ed zvl\u00e1\u0161tn\u00ed n\u00e1zory, kter\u00e9 se bez jak\u00e9koliv oponentury \u0161\u00ed\u0159\u00ed v\u00a0evropsk\u00fdch m\u00e9di\u00edch. \u017de je t\u0159eba pokra\u010dovat v\u00a0podpo\u0159e v\u00e1lky na Ukrajin\u011b, \u017ee m\u00edrov\u00e9 pl\u00e1ny jsou nevhodn\u00e9, bez jak\u00fdchkoliv rozumn\u00fdch argument\u016f se pla\u0161\u00ed, \u017ee arm\u00e1da Rusk\u00e9 federace za\u00fato\u010d\u00ed na n\u011bkterou ze zem\u00ed NATO. Ve skute\u010dnosti je Ukrajina jen zneu\u017e\u00edvan\u00e1 na geopolitick\u00e9 c\u00edle oslabit Ruskou federaci ekonomicky a\u00a0mezin\u00e1rodn\u011b a\u00a0slou\u017e\u00ed jako zlat\u00fd d\u016fl pro zbroja\u0159sk\u00e9 firmy a\u00a0obchodn\u00edky se smrt\u00ed. Ob\u00e1v\u00e1m se, \u017ee ve jm\u00e9nu t\u011bchto geopolitick\u00fdch c\u00edl\u016f bude Z\u00e1pad s\u00a0Ruskou federac\u00ed bojovat do posledn\u00edho ukrajinsk\u00e9ho voj\u00e1ka. A\u00a0u\u017e nejsme daleko od tohoto c\u00edle. Samoz\u0159ejm\u011b \u017ee k\u00a0t\u011bmto nemravn\u00fdm c\u00edl\u016fm se nikdo otev\u0159en\u011b nep\u0159izn\u00e1. A\u00a0proto je velmi chytr\u00e9 hr\u00e1t naivn\u00ed hru na souboj dobra a\u00a0zla. A\u00a0zav\u00edrat o\u010di p\u0159ed tvrdou realitou, jako jsou skute\u010dn\u00e9 d\u016fvody v\u00e1lky na Ukrajin\u011b, kter\u00e9 maj\u00ed ko\u0159eny v\u00a0roce 2014. Na summitu jsem podpo\u0159il otev\u0159en\u00ed rozhovor\u016f o\u00a0vstupu Ukrajiny do EU. Je to jen politick\u00e9 gesto, kter\u00e9 se neskute\u010dn\u011b v\u00a0Bruselu zveli\u010dovalo, jako kdyby m\u011blo n\u011bco zm\u011bnit na v\u00e1le\u010dn\u00e9m poli,\u201c uvedl Fico.<\/strong><\/p>\n<p><a href=\"https:\/\/stranapro.cz\/\"><img decoding=\"async\" loading=\"lazy\" class=\"alignnone  wp-image-40285 aligncenter\" src=\"http:\/\/www.infokuryr.cz\/n\/wp-content\/uploads\/2023\/11\/11pro-300x79.png\" alt=\"\" width=\"619\" height=\"163\" srcset=\"https:\/\/www.infokuryr.cz\/n\/wp-content\/uploads\/2023\/11\/11pro-300x79.png 300w, https:\/\/www.infokuryr.cz\/n\/wp-content\/uploads\/2023\/11\/11pro.png 363w\" sizes=\"(max-width: 619px) 100vw, 619px\" \/><\/a><\/p>\n<p>\u201eV\u0161ude na sv\u011bt\u011b, i\u00a0na Ukrajin\u011b i\u00a0v\u00a0Rusku, si lid\u00e9 zaslou\u017e\u00ed slu\u0161n\u00fd v\u00a0\u017eivot. Pokud maj\u00ed otev\u0159en\u00e9 rozhovory o\u00a0vstupu do Evropsk\u00e9 unie pomoci tento c\u00edl naplnit, tak jsme na spr\u00e1vn\u00e9 cest\u011b. Bude v\u0161ak trvat roky, ne\u017e Ukrajina re\u00e1ln\u011b vstoup\u00ed do EU. Ukrajina je nep\u0159ipraven\u00e1, re\u00e1ln\u00e9 hodnocen\u00ed Ukrajiny z\u00a0pohledu fungov\u00e1n\u00ed demokracie, boje proti korupci \u010di\u00a0pr\u00e1vn\u00edho st\u00e1tu bude stav\u011bt EU p\u0159ed ne\u0159e\u0161iteln\u00e9 situace. A\u00a0kdy\u017e si je\u0161t\u011b velk\u00e9 \u010dlensk\u00e9 zem\u011b EU, kter\u00e9 jsou \u010dist\u00fdmi p\u0159isp\u011bvateli do rozpo\u010dtu EU, spo\u010d\u00edtaj\u00ed, kolik stovek miliard bude \u010dlenstv\u00ed Ukrajiny v\u00a0EU st\u00e1t, tak z\u00a0bruselsk\u00e9ho \u010dtvrte\u010dn\u00edho rozhodnut\u00ed se na dlouh\u00e9 roky stane jen politick\u00e9 gesto,\u201c dodal Fico, \u017ee se nesm\u00edme b\u00e1t sd\u011blovat vlastn\u00ed n\u00e1zory.<\/p>\n<p>\u201eJsme mal\u00e1 zem\u011b, bez tank\u016f, letadel \u010di\u00a0voj\u00e1k\u016f. Jedin\u00e9, co n\u00e1m z\u016fst\u00e1v\u00e1, je odvaha mluvit pravdu. Trvat na d\u016fsledn\u00e9m dodr\u017eov\u00e1n\u00ed mezin\u00e1rodn\u00edho pr\u00e1va a\u00a0neb\u00e1t se p\u0159ij\u00edmat rozhodnut\u00ed, kter\u00e1 se velk\u00fdm hr\u00e1\u010d\u016fm ne v\u017edy l\u00edb\u00ed. V\u00a0politick\u00fdch kruz\u00edch USA nejsem pr\u00e1v\u011b nejv\u00edtan\u011bj\u0161\u00ed za moje rozhodnut\u00ed st\u00e1hnout slovensk\u00e9 voj\u00e1ky z\u00a0Ir\u00e1ku. V\u00a0EU mi zase mnoz\u00ed nemohou zapomenout, jak jsem vetoval povinn\u00e9 kv\u00f3ty pro migranty. A\u00a0Rusov\u00e9 nebyli t\u00e9\u017e nad\u0161en\u00ed, kdy\u017e jsem p\u0159ed n\u011bkolika roky souhlasil s\u00a0reverzn\u00edm tokem plynu pro Ukrajinu. Ale jen takto si m\u016f\u017eeme zabezpe\u010dit d\u016fstojnost a\u00a0ur\u010ditou m\u00edru respektu. Slovensk\u00e1 ve\u0159ejnost si zaslou\u017e\u00ed i\u00a0jin\u00e9 postoje a\u00a0n\u00e1zory ne\u017e ty, kter\u00e9 vypl\u00fdvaj\u00ed z\u00a0politiky jedin\u00e9ho spr\u00e1vn\u00e9ho n\u00e1zoru. Jako p\u0159edseda vl\u00e1dy jsem p\u0159esv\u011bd\u010den, \u017ee \u017e\u00e1dn\u00e9 zemi NATO v\u00a0bl\u00edzkosti Rusk\u00e9 federace nehroz\u00ed \u017e\u00e1dn\u00e1 rusk\u00e1 vojensk\u00e1 invaze. Hrozbou napaden\u00ed dal\u0161\u00edch zem\u00ed se jen vytv\u00e1\u0159\u00ed podhoub\u00ed na dal\u0161\u00ed a\u00a0dal\u0161\u00ed vyzbrojov\u00e1n\u00ed Ukrajiny a\u00a0financov\u00e1n\u00ed jej\u00edch pot\u0159eb. Tup\u00e1 propaganda \u0161\u00ed\u0159en\u00e1 slovensk\u00fdmi m\u00e9dii u\u017e druh\u00fd rok p\u0159esv\u011bd\u010duje Slovenky a\u00a0Slov\u00e1ky, jak Ukrajina vyhr\u00e1v\u00e1. Jak Rusov\u00e9 ut\u00edkaj\u00ed z\u00a0mal\u00fdch okupovan\u00fdch vesnic a\u00a0nejsou schopni obsadit ani okresn\u00ed cestu. A\u00a0k\u00a0tomu p\u0159id\u00e1vaj\u00ed, \u017ee Rusko m\u016f\u017ee bojovat s\u00a0cel\u00fdm NATO. Tady si i\u00a0laick\u00fd pozorovatel mus\u00ed klepat na \u010delo,\u201c dodal Fico.<\/p>\n<p>Je potvrzen\u00fd fakt, \u017ee c\u00edl oslabit Ruskou federaci hospod\u00e1\u0159sky a\u00a0mezin\u00e1rodn\u011b se nepoda\u0159ilo naplnit. Rusko hospod\u00e1\u0159sky posiluje, sankce nefunguj\u00ed. Rusko s\u00a0v\u011bt\u0161\u00edmi i\u00a0men\u0161\u00edmi t\u011b\u017ekostmi vojensky kontroluje obsazen\u00e9 \u00fazem\u00ed na Ukrajin\u011b. Ukrajina pr\u00fd mus\u00ed bojovat, aby byla siln\u011bj\u0161\u00ed a\u00a0mohla si v\u00a0p\u0159\u00edpadn\u00fdch vyjedn\u00e1v\u00e1n\u00edch dojednat spravedliv\u00fd m\u00edr. Co to je, ani b\u016fh nev\u00ed. Vojensk\u00e9 mo\u017enosti Ukrajiny navzdory obrovsk\u00fdm z\u00e1silk\u00e1m zbran\u00ed ze Z\u00e1padu se neust\u00e1le zmen\u0161uj\u00ed, a\u00a0t\u00edm se zmen\u0161uje \u0161ance Ukrajiny na dosa\u017een\u00ed \u017e\u00e1dan\u00fdch v\u00fdsledk\u016f p\u0159i\u00a0jedn\u00e1n\u00edch. M\u00edr tu u\u017e d\u00e1vno mohl b\u00fdt. Kr\u00e1tce po\u00a0invazi rusk\u00fdch vojsk byly dva velmi slibn\u00e9 pokusy o\u00a0m\u00edr, kter\u00e9 v\u0161ak z\u00e1padn\u00ed l\u00edd\u0159i zma\u0159ili, nebo\u0165 vid\u011bli ko\u0159ist v\u00a0podob\u011b zubo\u017een\u00e9ho a\u00a0na kolenou kle\u010d\u00edc\u00edho Ruska. Spol\u00e9hali se, \u017ee ukrajin\u0161t\u00ed voj\u00e1ci se z\u00e1padn\u00edmi zbran\u011bmi a\u00a0pen\u011bzi jim tuto ko\u0159ist p\u0159ivle\u010dou. V\u00e1lka na Ukrajin\u011b mi trochu p\u0159ipom\u00edn\u00e1 v\u00e1lku v\u00a0Afgh\u00e1nist\u00e1nu, kdy z\u00e1padn\u00ed spojenci deset let \u0161\u00ed\u0159ili pozitivn\u00ed zpr\u00e1vy o\u00a0vojensk\u00fdch v\u00edt\u011bzstv\u00edch a\u00a0demokratizaci Afgh\u00e1nist\u00e1nu. A\u00a0najednou z\u00a0toho byla potupn\u00e1 por\u00e1\u017eka a\u00a0v\u00edt\u011bzstv\u00ed T\u00e1lib\u00e1nu se v\u0161emi d\u016fsledky pro Afgh\u00e1nist\u00e1n. Osobn\u011b si mysl\u00edm, \u017ee k\u00a0podobn\u00e9mu okam\u017eiku se bl\u00ed\u017e\u00edme i\u00a0na Ukrajin\u011b. Z\u00e1pad si do posledn\u00edho okam\u017eiku nep\u0159ipust\u00ed, \u017ee strategie oslaben\u00ed Ruska p\u0159es Ukrajinu nefunguje. A\u00a0da\u0148 za toto selh\u00e1n\u00ed zaplat\u00ed i\u00a0se v\u0161emi \u00faroky Ukrajina. Zaplat\u00ed desetitis\u00edci mrtv\u00fdch voj\u00e1k\u016f, rozbitou zem\u00ed a\u00a0mo\u017en\u00e1 p\u0159ijde i\u00a0o\u00a0\u010d\u00e1st sv\u00e9ho suver\u00e9nn\u00edho \u00fazem\u00ed,\u201c \u0159ekl Fico.<\/p>\n<p>Na summitu podle sv\u00fdch slov vy\u010d\u00edtal Evropsk\u00e9 unii, \u017ee nem\u00e1 \u017e\u00e1dnou m\u00edrovou iniciativu. \u201e\u017de nechce o\u00a0m\u00edru ani sly\u0161et. Ale to je, jako kdybych h\u00e1zel hr\u00e1ch na st\u011bnu,\u201c dodal.<\/p>\n<p>&nbsp;<\/p>\n<div class=\"fb-video fb_iframe_widget fb_iframe_widget_fluid_desktop\" data-allowfullscreen=\"true\" data-href=\"https:\/\/www.facebook.com\/robertficosk\/videos\/1719133161927371\/\"><iframe loading=\"lazy\" class=\"\" title=\"fb:video Facebook Social Plugin\" src=\"https:\/\/www.facebook.com\/v2.3\/plugins\/video.php?allowfullscreen=true&amp;app_id=249643311490&amp;channel=https%3A%2F%2Fstaticxx.facebook.com%2Fx%2Fconnect%2Fxd_arbiter%2F%3Fversion%3D46%23cb%3Df2ded20e5e36164%26domain%3Dwww.novarepublika.cz%26is_canvas%3Dfalse%26origin%3Dhttps%253A%252F%252Fwww.novarepublika.cz%252Ff11eeb062dfd088%26relation%3Dparent.parent&amp;container_width=737&amp;href=https%3A%2F%2Fwww.facebook.com%2Frobertficosk%2Fvideos%2F1719133161927371%2F&amp;locale=cs_CZ&amp;sdk=joey\" name=\"f3ffbb107f07f14\" width=\"1000px\" height=\"1000px\" frameborder=\"0\" scrolling=\"no\" allowfullscreen=\"allowfullscreen\" data-testid=\"fb:video Facebook Social Plugin\" data-mce-fragment=\"1\"><\/iframe><\/div>\n<p><strong><em>FB<\/p>\n<p><\/em><\/strong><\/p>\n<p><a href=\"https:\/\/stranapro.cz\/\"><img decoding=\"async\" loading=\"lazy\" class=\"wp-image-40286 aligncenter\" src=\"http:\/\/www.infokuryr.cz\/n\/wp-content\/uploads\/2023\/11\/12pro-300x87.png\" alt=\"\" width=\"1083\" height=\"314\" srcset=\"https:\/\/www.infokuryr.cz\/n\/wp-content\/uploads\/2023\/11\/12pro-300x87.png 300w, https:\/\/www.infokuryr.cz\/n\/wp-content\/uploads\/2023\/11\/12pro.png 366w\" sizes=\"(max-width: 1083px) 100vw, 1083px\" \/><\/a><\/p>\n","protected":false},"excerpt":{"rendered":"<p>\u201eRusko hospod\u00e1\u0159sky posiluje, sankce nefunguj\u00ed. Rusko s\u00a0v\u011bt\u0161\u00edmi i\u00a0men\u0161\u00edmi t\u011b\u017ekostmi vojensky kontroluje obsazen\u00e9 \u00fazem\u00ed na Ukrajin\u011b,\u201c&#8230;<\/p>\n","protected":false},"author":2,"featured_media":42809,"comment_status":"closed","ping_status":"closed","sticky":false,"template":"","format":"standard","meta":[],"categories":[7],"tags":[41,636,203,889],"_links":{"self":[{"href":"https:\/\/www.infokuryr.cz\/n\/wp-json\/wp\/v2\/posts\/42808"}],"collection":[{"href":"https:\/\/www.infokuryr.cz\/n\/wp-json\/wp\/v2\/posts"}],"about":[{"href":"https:\/\/www.infokuryr.cz\/n\/wp-json\/wp\/v2\/types\/post"}],"author":[{"embeddable":true,"href":"https:\/\/www.infokuryr.cz\/n\/wp-json\/wp\/v2\/users\/2"}],"replies":[{"embeddable":true,"href":"https:\/\/www.infokuryr.cz\/n\/wp-json\/wp\/v2\/comments?post=42808"}],"version-history":[{"count":0,"href":"https:\/\/www.infokuryr.cz\/n\/wp-json\/wp\/v2\/posts\/42808\/revisions"}],"wp:featuredmedia":[{"embeddable":true,"href":"https:\/\/www.infokuryr.cz\/n\/wp-json\/wp\/v2\/media\/42809"}],"wp:attachment":[{"href":"https:\/\/www.infokuryr.cz\/n\/wp-json\/wp\/v2\/media?parent=42808"}],"wp:term":[{"taxonomy":"category","embeddable":true,"href":"https:\/\/www.infokuryr.cz\/n\/wp-json\/wp\/v2\/categories?post=42808"},{"taxonomy":"post_tag","embeddable":true,"href":"https:\/\/www.infokuryr.cz\/n\/wp-json\/wp\/v2\/tags?post=42808"}],"curies":[{"name":"wp","href":"https:\/\/api.w.org\/{rel}","templated":true}]}}