{"id":42779,"date":"2023-12-18T00:42:44","date_gmt":"2023-12-17T23:42:44","guid":{"rendered":"http:\/\/www.infokuryr.cz\/n\/?p=42779"},"modified":"2023-12-17T17:02:35","modified_gmt":"2023-12-17T16:02:35","slug":"madarsko-hrozi-zablokovanim-schengenske-nabidky-bulharsku","status":"publish","type":"post","link":"https:\/\/www.infokuryr.cz\/n\/2023\/12\/18\/madarsko-hrozi-zablokovanim-schengenske-nabidky-bulharsku\/","title":{"rendered":"Ma\u010farsko hroz\u00ed zablokov\u00e1n\u00edm schengensk\u00e9 nab\u00eddky Bulharsku"},"content":{"rendered":"<div id=\"fb-root\"><\/div>\n<p><span style=\"font-size: 18pt;\"><strong>Sofie v \u0159\u00edjnu uvalila tu\u010dnou tranzitn\u00ed da\u0148 na rusk\u00fd plyn, co\u017e Budape\u0161\u0165 pova\u017euje za nep\u0159ijateln\u00e9<\/strong><\/span><\/p>\n<p><span>Ma\u010farsko zablokuje vstup Bulharska do schengensk\u00e9ho prostoru EU bez pas\u016f, pokud Sofie nezru\u0161\u00ed tranzitn\u00ed da\u0148 na rusk\u00fd plyn, varoval ma\u010farsk\u00fd ministr zahrani\u010d\u00ed Peter Szijj\u00e1rt\u00f3 ve videu zve\u0159ejn\u011bn\u00e9m v sobotu na Facebooku. Budape\u0161\u0165 podle Szijj\u00e1rta v p\u0159\u00edpad\u011b pot\u0159eby vyu\u017eije sv\u00e9 pr\u00e1vo veta v Evropsk\u00e9 rad\u011b.<\/span><\/p>\n<p><span>\u201c<\/span><em><span>Dali jsme Bulhar\u016fm jasn\u011b najevo, \u017ee pokud to budou dlouhodob\u011b udr\u017eovat, pokud dlouhodob\u011b ohroz\u00ed bezpe\u010dnost dod\u00e1vek energie v Ma\u010farsku, pak budeme vetovat jejich Vstup do Schengenu<\/span><\/em><span>,\u201c \u0159ekl a ozna\u010dil bulharskou da\u0148 za \u201e<\/span><em><span>skand\u00e1ln\u00ed a nep\u0159\u00e1telskou,<\/span><\/em><span>\u201c a zcela v rozporu s evropskou legislativou, proto\u017ee hroz\u00ed zastaven\u00ed dod\u00e1vek plynu do Ma\u010farska a dal\u0161\u00edch zem\u00ed EU, kter\u00e9 dost\u00e1vaj\u00ed rusk\u00fd plyn p\u0159es Bulharsko.<\/span><\/p>\n<p><a href=\"https:\/\/stranapro.cz\/\"><img decoding=\"async\" loading=\"lazy\" class=\"alignnone  wp-image-40285 aligncenter\" src=\"http:\/\/www.infokuryr.cz\/n\/wp-content\/uploads\/2023\/11\/11pro-300x79.png\" alt=\"\" width=\"615\" height=\"162\" srcset=\"https:\/\/www.infokuryr.cz\/n\/wp-content\/uploads\/2023\/11\/11pro-300x79.png 300w, https:\/\/www.infokuryr.cz\/n\/wp-content\/uploads\/2023\/11\/11pro.png 363w\" sizes=\"(max-width: 615px) 100vw, 615px\" \/><\/a><\/p>\n<p><span>Sofie uvalila dodate\u010dnou da\u0148 ve v\u00fd\u0161i 20 bulharsk\u00fdch lev (10,76 $) za megawatthodinu rusk\u00e9ho zemn\u00edho plynu vstupuj\u00edc\u00edho v \u0159\u00edjnu do Bulharska. Ma\u010farsko, kter\u00e9 se spol\u00e9h\u00e1 na Rusko, pokud jde o v\u011bt\u0161inu sv\u00fdch pot\u0159eb plynu, ozna\u010dilo toto opat\u0159en\u00ed za \u201e<\/span><em><span>nep\u0159ijateln\u00e9<\/span><\/em><span>\u201c a uvedlo, \u017ee p\u0159edstavuje hrozbu pro energetickou bezpe\u010dnost Ma\u010farska. Budape\u0161\u0165 od t\u00e9 doby tla\u010d\u00ed na Sofii, aby to zru\u0161ila.<\/span><\/p>\n<p><span>Podle zpr\u00e1v m\u00e9di\u00ed vedli bulhar\u0161t\u00ed a ma\u010far\u0161t\u00ed p\u0159edstavitel\u00e9 minul\u00fd t\u00fdden rozhovory ohledn\u011b dan\u011b a ji\u017e dos\u00e1hli p\u0159edb\u011b\u017en\u00e9 dohody. Szijjarto ve sv\u00e9m videu na Facebooku nazna\u010dil, \u017ee o \u010dlenstv\u00ed Bulharska v Schengenu bude rozhodnuto p\u0159\u00ed\u0161t\u00ed t\u00fdden, a \u201e<\/span><em><span>proto se najednou za\u010dali usilovn\u011b sna\u017eit tento tarif odstranit<\/span><\/em><span>.\u201c<\/span><\/p>\n<p><span>\u201c<\/span><em><span>Pokud tak u\u010din\u00ed, tak\u00e9 zru\u0161\u00edme na\u0161e rozhodnut\u00ed o vetu,<\/span><\/em><span>,\u201c \u0159ekl ministr zahrani\u010d\u00ed.<\/span><\/p>\n<p><img decoding=\"async\" loading=\"lazy\" class=\"alignnone size-full wp-image-1185\" src=\"http:\/\/www.infokuryr.cz\/n\/wp-content\/uploads\/2021\/04\/kuryr-podpis.png\" alt=\"\" width=\"84\" height=\"24\" \/><\/p>\n<p>&nbsp;<\/p>\n<p>&nbsp;<\/p>\n","protected":false},"excerpt":{"rendered":"<p>Sofie v \u0159\u00edjnu uvalila tu\u010dnou tranzitn\u00ed da\u0148 na rusk\u00fd plyn, co\u017e Budape\u0161\u0165 pova\u017euje za nep\u0159ijateln\u00e9&#8230;<\/p>\n","protected":false},"author":2,"featured_media":12787,"comment_status":"closed","ping_status":"closed","sticky":false,"template":"","format":"standard","meta":[],"categories":[7],"tags":[190,78,1008,3782,4834],"_links":{"self":[{"href":"https:\/\/www.infokuryr.cz\/n\/wp-json\/wp\/v2\/posts\/42779"}],"collection":[{"href":"https:\/\/www.infokuryr.cz\/n\/wp-json\/wp\/v2\/posts"}],"about":[{"href":"https:\/\/www.infokuryr.cz\/n\/wp-json\/wp\/v2\/types\/post"}],"author":[{"embeddable":true,"href":"https:\/\/www.infokuryr.cz\/n\/wp-json\/wp\/v2\/users\/2"}],"replies":[{"embeddable":true,"href":"https:\/\/www.infokuryr.cz\/n\/wp-json\/wp\/v2\/comments?post=42779"}],"version-history":[{"count":0,"href":"https:\/\/www.infokuryr.cz\/n\/wp-json\/wp\/v2\/posts\/42779\/revisions"}],"wp:featuredmedia":[{"embeddable":true,"href":"https:\/\/www.infokuryr.cz\/n\/wp-json\/wp\/v2\/media\/12787"}],"wp:attachment":[{"href":"https:\/\/www.infokuryr.cz\/n\/wp-json\/wp\/v2\/media?parent=42779"}],"wp:term":[{"taxonomy":"category","embeddable":true,"href":"https:\/\/www.infokuryr.cz\/n\/wp-json\/wp\/v2\/categories?post=42779"},{"taxonomy":"post_tag","embeddable":true,"href":"https:\/\/www.infokuryr.cz\/n\/wp-json\/wp\/v2\/tags?post=42779"}],"curies":[{"name":"wp","href":"https:\/\/api.w.org\/{rel}","templated":true}]}}