{"id":42778,"date":"2023-12-18T00:41:44","date_gmt":"2023-12-17T23:41:44","guid":{"rendered":"http:\/\/www.infokuryr.cz\/n\/?p=42778"},"modified":"2023-12-17T16:56:18","modified_gmt":"2023-12-17T15:56:18","slug":"blizi-se-treti-svetova-valka-presne-podle-planu","status":"publish","type":"post","link":"https:\/\/www.infokuryr.cz\/n\/2023\/12\/18\/blizi-se-treti-svetova-valka-presne-podle-planu\/","title":{"rendered":"Bl\u00ed\u017e\u00ed se t\u0159et\u00ed sv\u011btov\u00e1 v\u00e1lka \u2013 p\u0159esn\u011b podle pl\u00e1nu"},"content":{"rendered":"<div id=\"fb-root\"><\/div>\n<p><span style=\"font-size: 18pt;\"><strong>Je-li kone\u010dn\u00fdm c\u00edlem masivn\u00ed vylid\u0148ov\u00e1n\u00ed, pak je cestou pokra\u010duj\u00edc\u00ed podpora Ukrajiny<\/strong><\/span><\/p>\n<p><span>Vojensk\u00e9 konflikty nejsou v\u00fdsledkem n\u00e1hodn\u00e9 n\u00e1hody. Jde o\u00a0\u00famysln\u00e9 pl\u00e1nov\u00e1n\u00ed.<\/span><\/p>\n<p><span>Je pou\u010dn\u00e9 pod\u00edvat se na to, co se stalo s Ukrajinou v roce 2014 kolem p\u0159evratu podporovan\u00e9ho vl\u00e1dou USA a jej\u00edmi z\u00e1padn\u00edmi spojenci. Po v\u00edt\u011bzstv\u00ed Viktora Janukovy\u010de v prezidentsk\u00fdch volb\u00e1ch v roce 2010 Rada (ukrajinsk\u00fd parlament) odhlasovala vy\u0159azen\u00ed aspirac\u00ed na \u010dlenstv\u00ed v NATO ze strategie n\u00e1rodn\u00ed bezpe\u010dnosti. Mo\u017en\u00e1 pr\u00e1v\u011b kv\u016fli tomu byl Janukovy\u010d proti\u00fastavn\u011b sesazen.\u00a0<\/span><\/p>\n<p><span>Moskva, kter\u00e1 vid\u011bla chaos na Majdanu a ob\u00e1vala se d\u016fsledk\u016f, se v b\u0159eznu 2014 p\u0159esunula k reinkorporaci Krymu, aby tam zajistila sv\u00e9 vojensk\u00e9 prost\u0159edky a ochr\u00e1nila etnick\u00e9 rusk\u00e9 obyvatelstvo p\u0159ed hn\u011bvem Kyjeva. Prob\u011bhlo referendum a m\u00edstn\u00ed se drtivou v\u011bt\u0161inou vyslovili pro p\u0159ipojen\u00ed k Rusk\u00e9 federaci.<\/span><\/p>\n<p><span>Psan\u00ed pro americk\u00e9ho konzervativce, expert na zahrani\u010dn\u00ed politiku Dominick Sansone\u00a0<\/span><a href=\"https:\/\/www.theamericanconservative.com\/articles\/how-we-got-here-ukraine\/\" target=\"_blank\" rel=\"noopener noreferrer\"><span>komentoval<\/span><\/a><span>:<\/span><\/p>\n<p><em><span>\u201eP\u0159esun na Krym byl reakc\u00ed na zaji\u0161t\u011bn\u00ed kl\u00ed\u010dov\u00fdch rusk\u00fdch n\u00e1mo\u0159n\u00edch z\u00e1jm\u016f v teplovodn\u00edm p\u0159\u00edstavu v Sevastopolu. Soub\u011b\u017en\u00e1 povst\u00e1n\u00ed na Donbasu byla nav\u00edc reakc\u00ed na situaci v Kyjev\u011b&#8230; Ofici\u00e1ln\u00edm stanoviskem Kremlu n\u00e1sledn\u011b bylo, \u017ee tito etnicky ru\u0161t\u00ed ob\u010dan\u00e9 by nem\u011bli b\u00fdt nuceni \u017e\u00edt pod vl\u00e1dou nelegitimn\u00ed povstaleck\u00e9 skupiny, kter\u00e1 se nez\u00e1konn\u011b dostala k moci svr\u017een\u00ed \u0159\u00e1dn\u011b zvolen\u00e9 vl\u00e1dy\u201c.<\/span><\/em><\/p>\n<p><em><span>\u201eS ohledem na Ukrajinu,\u201c<\/span><\/em><span>\u00a0napsal John Mearsheimer z Chicagsk\u00e9 univerzity, uzn\u00e1van\u00fd americk\u00fd politolog a odborn\u00edk na mezin\u00e1rodn\u00ed vztahy:<\/span><\/p>\n<p class=\"lineblock\"><em><span>\u201eJe velmi d\u016fle\u017eit\u00e9 pochopit, \u017ee a\u017e do roku 2014 jsme si nep\u0159edstavovali roz\u0161\u00ed\u0159en\u00ed NATO a EU expanze jako politiky, kter\u00e1 byla zam\u011b\u0159ena na zadr\u017eov\u00e1n\u00ed Ruska. P\u0159ed 22. \u00fanorem 2014 si nikdo v\u00e1\u017en\u011b nemyslel, \u017ee Rusko je hrozbou. Stalo se, \u017ee vypukla tato velk\u00e1 krize a my jsme museli p\u0159ipsat vinu, a samoz\u0159ejm\u011b jsme se nikdy nehodlali obvi\u0148ovat. Cht\u011bli jsme obvinit Rusy, a tak jsme vymysleli tento p\u0159\u00edb\u011bh, \u017ee Rusko je naklon\u011bno agresi ve v\u00fdchodn\u00ed Evrop\u011b.<\/span><\/em><\/p>\n<p><span>D\u016fvodem pro vytvo\u0159en\u00ed NATO bylo, \u017ee by to byla obrann\u00e1 aliance, kter\u00e1 by zastavila invazi b\u00fdval\u00e9ho Sov\u011btsk\u00e9ho svazu do z\u00e1padn\u00ed Evropy. Kdy\u017e se v\u0161ak Sov\u011btsk\u00fd svaz v roce 1991 zhroutil, pokud by jeho tvrzen\u00ed byla pravdiv\u00e1, byla by tato organizace zru\u0161ena, jej\u00ed \u00fadajn\u00fd \u00fa\u010del je nyn\u00ed diskutabiln\u00ed. M\u00edsto toho od poloviny 90. let po sob\u011b jdouc\u00ed americk\u00e9 administrativy pravideln\u011b prosazovaly roz\u0161\u00ed\u0159en\u00ed NATO ve v\u00fdchodn\u00ed Evrop\u011b.<\/span><\/p>\n<p><a href=\"https:\/\/stranapro.cz\/\"><img decoding=\"async\" loading=\"lazy\" class=\"alignnone  wp-image-40285 aligncenter\" src=\"http:\/\/www.infokuryr.cz\/n\/wp-content\/uploads\/2023\/11\/11pro-300x79.png\" alt=\"\" width=\"516\" height=\"136\" srcset=\"https:\/\/www.infokuryr.cz\/n\/wp-content\/uploads\/2023\/11\/11pro-300x79.png 300w, https:\/\/www.infokuryr.cz\/n\/wp-content\/uploads\/2023\/11\/11pro.png 363w\" sizes=\"(max-width: 516px) 100vw, 516px\" \/><\/a><\/p>\n<p><span>\u010cesk\u00e1 republika, Ma\u010farsko a Polsko se k bloku p\u0159ipojily v b\u0159eznu 1999. O p\u011bt let pozd\u011bji se p\u0159idaly tak\u00e9 Bulharsko, Rumunsko, Loty\u0161sko, Litva a Estonsko. Pot\u00e9 b\u011bhem summitu v dubnu 2008 v Bukure\u0161ti NATO zva\u017eovalo p\u0159ijet\u00ed Gruzie a Ukrajiny, o kter\u00fdch Rusov\u00e9 tvrdili, \u017ee by p\u0159edstavovaly\u00a0<\/span><em><span>\u201ep\u0159\u00edmou hrozbu\u201c<\/span><\/em><span>\u00a0pro jejich n\u00e1rodn\u00ed bezpe\u010dnost. .<\/span><\/p>\n<p><span>Moskva to samoz\u0159ejm\u011b rozumn\u011b pova\u017eovala za zradu slibu vl\u00e1dy USA a jej\u00edch spojenc\u016f o zhroucen\u00ed Berl\u00ednsk\u00e9 zdi, \u017ee NATO nikdy nepostoup\u00ed\u00a0<\/span><em><span>\u201cani o palec na v\u00fdchod.\u201c<\/span><\/em><\/p>\n<p><span>V t\u00e9to souvislosti je sou\u010dasn\u00e1 krize na Ukrajin\u011b p\u0159edev\u0161\u00edm v\u00fdsledkem pokusu vl\u00e1dy USA vyt\u00e1hnout dal\u0161\u00ed v\u00fdchodoevropskou zemi rozhodn\u00fdm zp\u016fsobem na svou ob\u011b\u017enou dr\u00e1hu a obrannou strukturu prost\u0159ednictv\u00edm NATO <\/span><span>\u010dlenstv\u00ed\/partnerstv\u00ed a v\u00fdslovn\u011b protimoskevskou asocia\u010dn\u00ed dohodu k EU.<\/span><\/p>\n<p><span>Ukrajina je nyn\u00ed\u00a0<\/span><em><span>\u201ebl\u00edzk\u00fdm partnerem\u201c<\/span><\/em><span>\u00a0NATO, kter\u00e9 hl\u00e1s\u00ed\u00a0<\/span><em><span>\u201c<\/span><\/em><span> vojensk\u00e9 podpory sv\u00e9 vl\u00e1dy na <em><a href=\"https:\/\/www.nato.int\/cps\/en\/natohq\/topics_192648.htm\" target=\"_blank\" rel=\"noopener noreferrer\">\u00a0bezprecedentn\u00ed \u00farove\u0148.<\/a><\/em><\/span><\/p>\n<p><span>\u010clensk\u00e9 st\u00e1ty NATO dosud poskytly Ukrajin\u011b vojensk\u00e9 vybaven\u00ed v hodnot\u011b miliard dolar\u016f a eur. Pos\u00edlaj\u00ed zbran\u011b, munici a mnoho druh\u016f lehk\u00e9 a t\u011b\u017ek\u00e9 vojensk\u00e9 techniky, v\u010detn\u011b protitankov\u00fdch a protivzdu\u0161n\u00fdch syst\u00e9m\u016f, houfnic a dron\u016f.<\/span><\/p>\n<p><em><span>\u201eOd roku 2014,\u201c<\/span><\/em><span>\u00a0Ofici\u00e1ln\u00ed web NATO uv\u00e1d\u00ed:<\/span><\/p>\n<p class=\"lineblock\"><em><span>\u201eNATO pomohlo reformovat ukrajinsk\u00e9 ozbrojen\u00e9 s\u00edly a obrann\u00e9 instituce, v\u010detn\u011b vybaven\u00ed a finan\u010dn\u00ed podpory. Spojenci tak\u00e9 poskytli v\u00fdcvik pro des\u00edtky tis\u00edc ukrajinsk\u00fdch voj\u00e1k\u016f a ukrajinsk\u00e9 s\u00edly tak\u00e9 rozvinuly sv\u00e9 schopnosti \u00fa\u010dast\u00ed na cvi\u010den\u00edch a operac\u00edch NATO.\u00a0\u00a0<\/span><\/em><\/p>\n<p><span>Za prezidenta Vladimira Zelensk\u00e9ho p\u0159ijal Kyjev \u0159adu z\u00e1kon\u016f zam\u011b\u0159en\u00fdch na \u201ederusifikaci\u201c. V d\u016fsledku toho byly rusk\u00e9 knihy a dokonce i rusk\u00e1 hudba\u00a0<\/span><a href=\"https:\/\/www.theepochtimes.com\/ukraine-parliament-votes-in-favor-of-restricting-russian-music-books_4544405.html\" target=\"_blank\" rel=\"noopener noreferrer\"><span>zak\u00e1z\u00e1ny<\/span><\/a><span>\u00a0a pouze knihy v ukrajin\u0161tin\u011b neboli\u00a0<\/span><em><span>p\u016fvodn\u00ed jazyky Evropsk\u00e9 unie,\u201c<\/span><\/em><span>\u00a0mohou b\u00fdt zve\u0159ejn\u011bny v zemi.<\/span><\/p>\n<p><span>Zelensky je pomocn\u00edkem Sv\u011btov\u00e9ho ekonomick\u00e9ho f\u00f3ra Klause Schwaba (WEF), organizace stoj\u00edc\u00ed za \u201aVelk\u00fdm resetem\u2018. Podle\u00a0<\/span><a href=\"https:\/\/grandmageri422.me\/2022\/03\/08\/why-are-so-many-idolizing-zelensky-and-ukraine\/\" target=\"_blank\" rel=\"noopener noreferrer\"><span>Leona Kushnera<\/span><\/a><span>, spisovatele, kter\u00fd byl vychov\u00e1n lidmi, kte\u0159\u00ed p\u0159e\u017eili holocaust z Ukrajiny:<\/span><\/p>\n<p class=\"lineblock\"><em><span>\u201eOd roku 2014 to oligarchov\u00e9 provozuj\u00ed mafi\u00e1nsk\u00fdm stylem a za svou prezidentskou loutku si vybrali tehdej\u0161\u00edho herce Zelensk\u00e9ho. Klaus Schwab z WEF se chlubil t\u00edm, \u017ee pomohl zvolit jeho a jeho ekvivalentn\u00ed kanadskou loutku Trudeau. T\u00e9m\u011b\u0159 ka\u017ed\u00fd bohat\u00fd a slavn\u00fd hr\u00e1\u010d byl na Ukrajin\u011b. A vr\u00e1til se s je\u0161t\u011b v\u00edce pen\u011bzi. Od Billa Gatese po Joea Bidena, od George Sorose po Clintonovy. V\u0161ichni v\u011bd\u00ed, \u017ee Ukrajina je otev\u0159en\u00e1 obchodu.<\/span><\/em><\/p>\n<p><span>Je zvl\u00e1\u0161tn\u00ed, \u017ee celkov\u00e1 podpora Austr\u00e1lie pro ukrajinskou vl\u00e1du se nyn\u00ed vy\u0161plhala na 790 milion\u016f AU $ (520 milion\u016f USD). To je nejv\u011bt\u0161\u00ed p\u0159\u00edsp\u011bvek ne\u010dlensk\u00e9 zem\u011b NATO a v\u011bt\u0161\u00ed podpora, ne\u017e kterou nab\u00edzej\u00ed n\u011bkte\u0159\u00ed z 32 \u010dlen\u016f bloku.<\/span><\/p>\n<p><span>Bidenova administrativa v USA ji\u017e poslala Ukrajin\u011b stovky miliard dolar\u016f vojensk\u00e9 pomoci.<\/span><\/p>\n<p><span>Pokud je c\u00edlem zabr\u00e1nit krveprolit\u00ed, dob\u0159e, takhle to nejde.<\/span><\/p>\n<p><span>Pokud, jak n\u011bkte\u0159\u00ed spekuluj\u00ed, existuje oligarchick\u00fd pl\u00e1n masivn\u00ed lidsk\u00e9 depopulace, pak jsou vykonstruovan\u00e9 v\u00e1lky ide\u00e1ln\u00edm zp\u016fsobem, jak toho dos\u00e1hnout. U\u017e se to stalo. V prvn\u00ed sv\u011btov\u00e9 v\u00e1lce zem\u0159elo 21,5 milionu, z toho 13 milion\u016f civilist\u016f. Civiln\u00ed smrti byly z velk\u00e9 \u010d\u00e1sti zp\u016fsobeny hladem, vystaven\u00edm, nemocemi, vojensk\u00fdmi st\u0159etnut\u00edmi a masakry. Ve druh\u00e9 sv\u011btov\u00e9 v\u00e1lce zem\u0159elo 40\u201350 milion\u016f, co\u017e je nejv\u011bt\u0161\u00ed ze v\u0161ech v\u00e1lek.<\/span><\/p>\n<p><span>V sou\u010dasn\u00e9 dob\u011b jsme sv\u011bdky pokro\u010dil\u00fdch f\u00e1z\u00ed pr\u00e1v\u011b tohoto, proto\u017ee USA a jejich spojenci v NATO ji\u017e mnoho let man\u00e9vruj\u00ed ke sv\u011btov\u00e9 v\u00e1lce s Ruskem. K\u0159i\u010d\u00ed, \u017ee je t\u0159eba chr\u00e1nit \u201esvobodu a demokracii\u201c, kdy\u017e vy\u017e\u00edr\u00e1 bohatstv\u00ed jak vn\u00edman\u00e9 ob\u011bti, tak agresora.<\/span><\/p>\n<p><span>Mus\u00edme se probudit s t\u00e9to apokalyptick\u00e9 taktiky z\u00e1padn\u00edch oligarch\u016f a odolat v\u0161em jejich snah\u00e1m vnutit n\u00e1m sv\u00e9 destruktivn\u00ed c\u00edle.<\/span><\/p>\n<p><em><span>Od\u00a0<\/span><strong><span>Augusto Zimmermann<\/span><\/strong><span>, profesor a vedouc\u00ed pr\u00e1va na Sheridan Institute of Higher Education v Austr\u00e1lii, prezident WALTA \u2013 Legal Theory Association a b\u00fdval\u00fd komisa\u0159 pro reformu pr\u00e1va v Z\u00e1padn\u00ed Austr\u00e1lii<\/span><\/em><\/p>\n<p>&nbsp;<\/p>\n<p>&nbsp;<\/p>\n","protected":false},"excerpt":{"rendered":"<p>Je-li kone\u010dn\u00fdm c\u00edlem masivn\u00ed vylid\u0148ov\u00e1n\u00ed, pak je cestou pokra\u010duj\u00edc\u00ed podpora Ukrajiny Vojensk\u00e9 konflikty nejsou v\u00fdsledkem&#8230;<\/p>\n","protected":false},"author":2,"featured_media":39594,"comment_status":"closed","ping_status":"closed","sticky":false,"template":"","format":"standard","meta":[],"categories":[7],"tags":[29,26,37,40],"_links":{"self":[{"href":"https:\/\/www.infokuryr.cz\/n\/wp-json\/wp\/v2\/posts\/42778"}],"collection":[{"href":"https:\/\/www.infokuryr.cz\/n\/wp-json\/wp\/v2\/posts"}],"about":[{"href":"https:\/\/www.infokuryr.cz\/n\/wp-json\/wp\/v2\/types\/post"}],"author":[{"embeddable":true,"href":"https:\/\/www.infokuryr.cz\/n\/wp-json\/wp\/v2\/users\/2"}],"replies":[{"embeddable":true,"href":"https:\/\/www.infokuryr.cz\/n\/wp-json\/wp\/v2\/comments?post=42778"}],"version-history":[{"count":0,"href":"https:\/\/www.infokuryr.cz\/n\/wp-json\/wp\/v2\/posts\/42778\/revisions"}],"wp:featuredmedia":[{"embeddable":true,"href":"https:\/\/www.infokuryr.cz\/n\/wp-json\/wp\/v2\/media\/39594"}],"wp:attachment":[{"href":"https:\/\/www.infokuryr.cz\/n\/wp-json\/wp\/v2\/media?parent=42778"}],"wp:term":[{"taxonomy":"category","embeddable":true,"href":"https:\/\/www.infokuryr.cz\/n\/wp-json\/wp\/v2\/categories?post=42778"},{"taxonomy":"post_tag","embeddable":true,"href":"https:\/\/www.infokuryr.cz\/n\/wp-json\/wp\/v2\/tags?post=42778"}],"curies":[{"name":"wp","href":"https:\/\/api.w.org\/{rel}","templated":true}]}}