{"id":42777,"date":"2023-12-18T00:40:22","date_gmt":"2023-12-17T23:40:22","guid":{"rendered":"http:\/\/www.infokuryr.cz\/n\/?p=42777"},"modified":"2023-12-17T16:39:07","modified_gmt":"2023-12-17T15:39:07","slug":"utok-izraelskeho-dronu-zabil-ctyri-palestince-v-uprchlickem-tabore-na-zapadnim-brehu-jordanu","status":"publish","type":"post","link":"https:\/\/www.infokuryr.cz\/n\/2023\/12\/18\/utok-izraelskeho-dronu-zabil-ctyri-palestince-v-uprchlickem-tabore-na-zapadnim-brehu-jordanu\/","title":{"rendered":"\u00datok izraelsk\u00e9ho dronu zabil \u010dty\u0159i Palestince v uprchlick\u00e9m t\u00e1bo\u0159e na Z\u00e1padn\u00edm b\u0159ehu Jord\u00e1nu"},"content":{"rendered":"<div id=\"fb-root\"><\/div>\n<p><strong><span>Izraelsk\u00e9 obrann\u00e9 s\u00edly (IDF) 17. prosince ozn\u00e1mily, \u017ee b\u011bhem no\u010dn\u00ed operace provedly bezpilotn\u00ed \u00fatok na skupinu palestinsk\u00fdch ozbrojenc\u016f v uprchlick\u00e9m t\u00e1bo\u0159e Nur Shams na okupovan\u00e9m Z\u00e1padn\u00edm b\u0159ehu Jord\u00e1nu.<\/span><\/strong><\/p>\n<p><span>V prohl\u00e1\u0161en\u00ed IDF uvedla, \u017ee z\u00e1lo\u017en\u00edci a p\u0159\u00edslu\u0161n\u00edci pohrani\u010dn\u00ed policie zatkli \u010dty\u0159i hledan\u00e9 Palestince a zabavili dv\u011b st\u0159eln\u00e9 zbran\u011b, kdy\u017e operovali v t\u00e1bo\u0159e.<\/span><\/p>\n<p><span>\u017denijn\u00ed vozidla IDF odkryla v\u00fdbu\u0161n\u00e1 za\u0159\u00edzen\u00ed nastra\u017een\u00e1 pod a po stran\u00e1ch silnic v t\u00e1bo\u0159e, kter\u00e1 m\u011bla b\u00fdt odp\u00e1lena proti jednotk\u00e1m, tvrd\u00ed IDF. Uvedla tak\u00e9, \u017ee voj\u00e1ci na\u0161li v\u00fdbu\u0161n\u00e9 za\u0159\u00edzen\u00ed uvnit\u0159 kliniky v Nur Shams, kde se schov\u00e1vali hledan\u00ed Palestinci.<\/span><\/p>\n<p><span>B\u011bhem operace zah\u00e1jili palestin\u0161t\u00ed ozbrojenci palbu a dal\u0161\u00ed h\u00e1zeli na izraelsk\u00e9 voj\u00e1ky v\u00fdbu\u0161n\u00e1 za\u0159\u00edzen\u00ed a Molotovovy koktejly.<\/span><\/p>\n<p><a href=\"https:\/\/stranapro.cz\/\"><img decoding=\"async\" loading=\"lazy\" class=\"alignnone  wp-image-40285 aligncenter\" src=\"http:\/\/www.infokuryr.cz\/n\/wp-content\/uploads\/2023\/11\/11pro-300x79.png\" alt=\"\" width=\"528\" height=\"139\" srcset=\"https:\/\/www.infokuryr.cz\/n\/wp-content\/uploads\/2023\/11\/11pro-300x79.png 300w, https:\/\/www.infokuryr.cz\/n\/wp-content\/uploads\/2023\/11\/11pro.png 363w\" sizes=\"(max-width: 528px) 100vw, 528px\" \/><\/a><\/p>\n<p><em>&#8222;Letadla zas\u00e1hla \u0159adu ozbrojen\u00fdch teroristick\u00fdch jednotek, kter\u00e9 st\u0159\u00edlely, vrhaly po nich v\u00fdbu\u0161niny a ohro\u017eovaly voj\u00e1ky,&#8220; uvedly IDF s t\u00edm, \u017ee nejm\u00e9n\u011b \u010dty\u0159i ozbrojenci byli zabiti a dal\u0161\u00ed byli zran\u011bni.<\/em><\/p>\n<p><span>Ofici\u00e1ln\u00ed tiskov\u00e1 agentura palestinsk\u00e9 samospr\u00e1vy Wafaa uvedla, \u017ee \u010dty\u0159i lid\u00e9 byli zabiti p\u0159i \u00fatoku izraelsk\u00e9ho dronu na Nur Shams. <strong>Nepotvrdilo se v\u0161ak, \u017ee \u0161lo o ozbrojence.<\/strong><\/span><\/p>\n<p><span>Wafaa tak\u00e9 uvedl, \u017ee mu\u017e zran\u011bn\u00fd p\u0159i podobn\u00e9m \u00fatoku, kter\u00fd minul\u00fd t\u00fdden zam\u00ed\u0159il na uprchlick\u00fd t\u00e1bor Jenin, sv\u00fdm zran\u011bn\u00edm podlehl.<\/span><\/p>\n<p><span>Od vypuknut\u00ed v\u00e1lky v p\u00e1smu Gazy 7. \u0159\u00edjna zatkli izrael\u0161t\u00ed voj\u00e1ci na cel\u00e9m Z\u00e1padn\u00edm b\u0159ehu p\u0159es 2400 Palestinc\u016f. Krom\u011b toho bylo izraelsk\u00fdmi silami zabito asi 280 Palestinc\u016f ze Z\u00e1padn\u00edho b\u0159ehu a v n\u011bkolika p\u0159\u00edpadech osadn\u00edci.<\/span><\/p>\n<p><img decoding=\"async\" loading=\"lazy\" class=\"alignnone size-full wp-image-1185\" src=\"http:\/\/www.infokuryr.cz\/n\/wp-content\/uploads\/2021\/04\/kuryr-podpis.png\" alt=\"\" width=\"84\" height=\"24\" \/><\/p>\n<p>&nbsp;<\/p>\n<p>&nbsp;<\/p>\n","protected":false},"excerpt":{"rendered":"<p>Izraelsk\u00e9 obrann\u00e9 s\u00edly (IDF) 17. prosince ozn\u00e1mily, \u017ee b\u011bhem no\u010dn\u00ed operace provedly bezpilotn\u00ed \u00fatok na&#8230;<\/p>\n","protected":false},"author":2,"featured_media":39684,"comment_status":"closed","ping_status":"closed","sticky":false,"template":"","format":"standard","meta":[],"categories":[7],"tags":[80,1917,348,178,107],"_links":{"self":[{"href":"https:\/\/www.infokuryr.cz\/n\/wp-json\/wp\/v2\/posts\/42777"}],"collection":[{"href":"https:\/\/www.infokuryr.cz\/n\/wp-json\/wp\/v2\/posts"}],"about":[{"href":"https:\/\/www.infokuryr.cz\/n\/wp-json\/wp\/v2\/types\/post"}],"author":[{"embeddable":true,"href":"https:\/\/www.infokuryr.cz\/n\/wp-json\/wp\/v2\/users\/2"}],"replies":[{"embeddable":true,"href":"https:\/\/www.infokuryr.cz\/n\/wp-json\/wp\/v2\/comments?post=42777"}],"version-history":[{"count":0,"href":"https:\/\/www.infokuryr.cz\/n\/wp-json\/wp\/v2\/posts\/42777\/revisions"}],"wp:featuredmedia":[{"embeddable":true,"href":"https:\/\/www.infokuryr.cz\/n\/wp-json\/wp\/v2\/media\/39684"}],"wp:attachment":[{"href":"https:\/\/www.infokuryr.cz\/n\/wp-json\/wp\/v2\/media?parent=42777"}],"wp:term":[{"taxonomy":"category","embeddable":true,"href":"https:\/\/www.infokuryr.cz\/n\/wp-json\/wp\/v2\/categories?post=42777"},{"taxonomy":"post_tag","embeddable":true,"href":"https:\/\/www.infokuryr.cz\/n\/wp-json\/wp\/v2\/tags?post=42777"}],"curies":[{"name":"wp","href":"https:\/\/api.w.org\/{rel}","templated":true}]}}