{"id":42759,"date":"2023-12-18T00:34:42","date_gmt":"2023-12-17T23:34:42","guid":{"rendered":"http:\/\/www.infokuryr.cz\/n\/?p=42759"},"modified":"2023-12-17T15:55:33","modified_gmt":"2023-12-17T14:55:33","slug":"72-den-izraelske-sily-zabijeji-palestince-v-kostele-unrwa-varuje-pred-hromadnym-utekem-do-egypta","status":"publish","type":"post","link":"https:\/\/www.infokuryr.cz\/n\/2023\/12\/18\/72-den-izraelske-sily-zabijeji-palestince-v-kostele-unrwa-varuje-pred-hromadnym-utekem-do-egypta\/","title":{"rendered":"72. den: Izraelsk\u00e9 s\u00edly zab\u00edjej\u00ed Palestince v kostele, UNRWA varuje p\u0159ed hromadn\u00fdm \u00fat\u011bkem do Egypta"},"content":{"rendered":"<div id=\"fb-root\"><\/div>\n<p><span style=\"font-size: 18pt;\"><strong>Izraelsk\u00fd Netanjahu slibuje pokra\u010dovat ve v\u00e1lce \u201edo v\u00edt\u011bzstv\u00ed\u201c, proto\u017ee z\u00e1padn\u00ed v\u016fdci vyz\u00fdvaj\u00ed k p\u0159\u00edm\u011b\u0159\u00ed. Na Z\u00e1padn\u00edm b\u0159ehu zabily izraelsk\u00e9 s\u00edly za posledn\u00edch 24 hodin dev\u011bt Palestinc\u016f<\/strong><\/span><\/p>\n<h2 class=\"wp-block-heading\"><strong><span>Ztr\u00e1ty<\/span><\/strong><\/h2>\n<ul>\n<li><span>V\u00edce ne\u017e 18 800 zabit\u00fdch* a v\u00edce ne\u017e 51 000 zran\u011bn\u00fdch v p\u00e1smu Gazy.<\/span><\/li>\n<li><span>Na okupovan\u00e9m Z\u00e1padn\u00edm b\u0159ehu a ve v\u00fdchodn\u00edm Jeruzal\u00e9m\u011b bylo zabito 297 Palestinc\u016f<\/span><\/li>\n<li><span>Izrael reviduje sv\u016fj odhadovan\u00fd po\u010det ob\u011bt\u00ed ze 7. \u0159\u00edjna na 1 400 na 1 147.<\/span><\/li>\n<li><span>Od 7. \u0159\u00edjna zahynulo 450 izraelsk\u00fdch voj\u00e1k\u016f a nejm\u00e9n\u011b 1682 bylo zran\u011bno.<\/span><\/li>\n<\/ul>\n<p><span>*<\/span><em><span>Toto \u010d\u00edslo bylo potvrzeno ministerstvem zdravotnictv\u00ed Gazy 16. prosince. Kv\u016fli poruch\u00e1m komunika\u010dn\u00edch s\u00edt\u00ed v p\u00e1smu Gazy nebylo ministerstvo zdravotnictv\u00ed v Gaze schopno pravideln\u011b a p\u0159esn\u011b aktualizuje sv\u00e9 m\u00fdtn\u00e9 od poloviny listopadu. N\u011bkter\u00e9 organizace na ochranu lidsk\u00fdch pr\u00e1v p\u0159ibli\u017euj\u00ed po\u010det ob\u011bt\u00ed 20 000.<\/span><\/em><\/p>\n<h2 class=\"wp-block-heading\"><strong><span>Kl\u00ed\u010dov\u00fd v\u00fdvoj<\/span><\/strong><\/h2>\n<ul>\n<li><span>Izraelsk\u00e9 tanky a odst\u0159elova\u010di obklopuj\u00ed katolick\u00fd kostel Svat\u00e9 rodiny na severu Gazy, st\u0159\u00edlej\u00ed na Palestince, zab\u00edjej\u00ed matku a dceru, kter\u00e9 se ukr\u00fdvaj\u00ed uvnit\u0159.<\/span><\/li>\n<li><span>Izraelsk\u00e9 s\u00edly bombarduj\u00ed YMCA v Gaze, kde se ukr\u00fdv\u00e1 300 vys\u00eddlen\u00fdch lid\u00ed, p\u0159i\u010dem\u017e bylo zran\u011bno a zabito n\u011bkolik Palestinc\u016f.<\/span><\/li>\n<li><span>Izraelsk\u00fd premi\u00e9r Netanjahu slibuje pokra\u010dovat \u201eve v\u00e1lce a\u017e do v\u00edt\u011bzstv\u00ed, navzdory mezin\u00e1rodn\u00edmu tlaku\u201c, je hrd\u00fd na to, \u017ee br\u00e1n\u00ed vzniku palestinsk\u00e9ho st\u00e1tu.<\/span><\/li>\n<li><span>Palestinsk\u00e9 \u017eeny a d\u011bti tvo\u0159\u00ed 70 procent kauz\u00e1ln\u00edch p\u0159\u00edpad\u016f v p\u00e1smu Gazy, tis\u00edce z\u016fst\u00e1vaj\u00ed nezv\u011bstn\u00e9 pod troskami.<\/span><\/li>\n<li><span>\u0158editel UNRWA \u0159\u00edk\u00e1, \u017ee izraelsk\u00e9 bombardov\u00e1n\u00ed vytvo\u0159ilo na m\u00edst\u011b realitu, \u201ekter\u00e1 ve skute\u010dnosti vytla\u010d\u00ed st\u00e1le v\u00edce Palestinc\u016f z Gazy\u201c.<\/span><\/li>\n<li><span>Ministerstvo zdravotnictv\u00ed PA uvedlo, \u017ee Izrael od ledna zabil na okupovan\u00e9m Z\u00e1padn\u00edm b\u0159ehu Jord\u00e1nu a Jeruzal\u00e9m\u011b 505 Palestinc\u016f, z toho 111 d\u011bt\u00ed.<\/span><\/li>\n<li><span>PA\u00a0<\/span><a href=\"https:\/\/www.wafa.ps\/Pages\/Details\/86550\"><span>Komise pro z\u00e1le\u017eitosti v\u011bz\u0148\u016f a b\u00fdval\u00fdch v\u011bz\u0148\u016f<\/span><\/a><span>\u00a0\u0159\u00edk\u00e1, \u017ee v\u011bze\u0148kyn\u00edm z Gazy zadr\u017eovan\u00fdm ve v\u011bznici Damoun \u010del\u00ed ka\u017edodenn\u00ed tresty, v\u010detn\u011b bit\u00ed a svl\u00e9k\u00e1n\u00ed vyhled\u00e1v\u00e1n\u00ed.<\/span><\/li>\n<li><span>Izraelsk\u00e9 bezpilotn\u00ed st\u0159ely bombardovaly d\u016fm Mahm\u00fada Samera Jabera a \u010dtvr\u0165 Al-Manshiya v uprchlick\u00e9m t\u00e1bo\u0159e Nour Shams v Tulkarem.<\/span><\/li>\n<\/ul>\n<h2 class=\"wp-block-heading\"><strong><span>Izraelsk\u00e9 s\u00edly zabily dva Palestince v katolick\u00e9m kostele v Gaze<\/span><\/strong><\/h2>\n<p><span>Izraelsk\u00e9 s\u00edly zabily dva Palestince st\u0159elami odst\u0159elova\u010d\u016f v sobotu ve \u010dtvrti Al-Zaytoun a sedm dal\u0161\u00edch zranily, kdy\u017e se ukr\u00fdvali v kostele Svat\u00e9 rodiny v Gaze.<\/span><\/p>\n<p><span>Izraelsk\u00e9 tanky obkl\u00ed\u010dily katolickou farnost a st\u0159\u00edlely na Palestince, kte\u0159\u00ed se pohybovali na jej\u00edm n\u00e1dvo\u0159\u00ed, uvedla agentura\u00a0<\/span><a href=\"https:\/\/www.wafa.ps\/Pages\/Details\/86493\"><span>Wafa<\/span><\/a><span>. Izraelsk\u00fd po\u017e\u00e1r zabil Nahidu Khalil Boulos Anton a jej\u00ed dceru Samar Kamal Anton v are\u00e1lu kostela, kde se p\u0159ed izraelsk\u00fdm bombardov\u00e1n\u00edm skr\u00fdvalo 600 vys\u00eddlen\u00fdch lid\u00ed, v\u011bt\u0161inou palestinsk\u00fdch k\u0159es\u0165an\u016f.<\/span><\/p>\n<div id=\"mondo-ads-773977359\" class=\"mondo-ads-injection-1\">\n<div id=\"mondo-ads-1298578185\" class=\"mondo-ads-target\" data-mondo-ads-trackid=\"274201\" data-mondo-ads-trackbid=\"1\">\n<div class=\"ml-embedded\" data-form=\"efHM2I\">\n<div id=\"mlb2-5111043\" class=\"ml-form-embedContainer ml-subscribe-form ml-subscribe-form-5111043\">\n<div class=\"ml-form-align-center \">\n<div class=\"ml-form-embedWrapper embedForm\">\n<div class=\"ml-form-embedBody ml-form-embedBodyHorizontal row-form\">\n<div class=\"ml-form-embedContent\"><\/div>\n<\/div>\n<\/div>\n<\/div>\n<\/div>\n<\/div>\n<\/div>\n<\/div>\n<p><span>Izraelsk\u00e9 s\u00edly maj\u00ed za c\u00edl vyst\u011bhovat Palestince z farnosti Svat\u00e9 rodiny a v ned\u011bli bombardovaly K\u0159es\u0165ansk\u00e9 sdru\u017een\u00ed mlad\u00fdch mu\u017e\u016f (YMCA) v Gaze, kter\u00e9 ukr\u00fdv\u00e1 300 vys\u00eddlen\u00fdch lid\u00ed, p\u0159i\u010dem\u017e zranilo a zabilo n\u011bkolik Palestinc\u016f.<\/span><\/p>\n<p><a href=\"https:\/\/www.cbcew.org.uk\/cardinal-vincent-nichols-statement-on-holy-family-parish-in-gaza\/\"><span>Latinsk\u00fd patriarch\u00e1t Jeruzal\u00e9ma<\/span><\/a><span>\u00a0odsoudil \u00fatok na katolickou c\u00edrkev. &#8222;Nahida a jej\u00ed dcera Samar byly zast\u0159eleny a zabity, kdy\u017e kr\u00e1\u010dely do kl\u00e1\u0161tera sestry,&#8220; stoj\u00ed v prohl\u00e1\u0161en\u00ed. \u201eJedna byla zabita, kdy\u017e se sna\u017eila odn\u00e9st druhou do bezpe\u010d\u00ed. Dal\u0161\u00edch sedm lid\u00ed bylo zast\u0159eleno a zran\u011bno, kdy\u017e se sna\u017eili chr\u00e1nit ostatn\u00ed uvnit\u0159 are\u00e1lu kostela.\u201c<\/span><\/p>\n<p><span>\u201eNebylo d\u00e1no \u017e\u00e1dn\u00e9 varov\u00e1n\u00ed, nebylo poskytnuto \u017e\u00e1dn\u00e9 upozorn\u011bn\u00ed. Byli chladnokrevn\u011b zast\u0159eleni v prostor\u00e1ch fary, kde nejsou \u017e\u00e1dn\u00ed v\u00e1l\u010d\u00edc\u00ed lid\u00e9,\u201c dod\u00e1v\u00e1 prohl\u00e1\u0161en\u00ed.<\/span><\/p>\n<p><span>Patriarch\u00e1t uvedl, \u017ee izraelsk\u00e1 st\u0159ela po\u0161kodila elektrick\u00fd gener\u00e1tor kl\u00e1\u0161tera a palivovou n\u00e1dr\u017e, kde se ukr\u00fdv\u00e1 54 posti\u017een\u00fdch osob.<\/span><\/p>\n<p><span>Incident vyvolal \u0161irok\u00e9 odsouzen\u00ed a byl pops\u00e1n jako \u201e<\/span><a href=\"https:\/\/catholicherald.co.uk\/senseless-attacks-in-gaza-christians-shot-and-killed-at-holy-family-church-and-missionaries-of-charity-targeted-by-tanks\/\"><span>nesmysln\u00fd \u00fatok<\/span><\/a><span>.\u201c 19. \u0159\u00edjna izraelsk\u00e9 s\u00edly vybombardovaly \u0159eckou pravoslavnou c\u00edrkev v centru m\u011bsta Gaza, kde \u017eily stovky Palestinc\u016f, a zabily 18 lid\u00ed.<\/span><\/p>\n<h2 class=\"wp-block-heading\"><strong><span>Izraelsk\u00fd Netanjahu je hrd\u00fd na to, \u017ee blokuje palestinsk\u00fd st\u00e1t<\/span><\/strong><\/h2>\n<p><span>Od za\u010d\u00e1tku izraelsk\u00e9 agrese v p\u00e1smu Gazy v \u0159\u00edjnu bylo zabito nejm\u00e9n\u011b 19 000 Palestinc\u016f. A\u010dkoli n\u011bkte\u0159\u00ed z\u00e1padn\u00ed v\u016fdci nyn\u00ed volaj\u00ed po \u201e<\/span><a href=\"https:\/\/www.thetimes.co.uk\/article\/we-need-a-sustainable-ceasefire-in-gaza-says-david-cameron-fxbt3s7kp\"><span>udr\u017eiteln\u00e9m p\u0159\u00edm\u011b\u0159\u00ed<\/span><\/a><span>\u201c v Gaze, zd\u00e1 se, \u017ee minist\u0159i izraelsk\u00e9ho v\u00e1le\u010dn\u00e9ho kabinetu jsou ne\u00fastupn\u00ed, aby pokra\u010dovali v bit\u00ed P\u00e1sma Gazy, zobrazuj\u00edc\u00ed jejich vojenskou kampa\u0148 jako \u201edruhou v\u00e1lku za nez\u00e1vislost.\u201c<\/span><\/p>\n<p><span>Izraelsk\u00fd premi\u00e9r Benjamin Netanjahu \u0159ekl\u00a0<\/span><a href=\"https:\/\/twitter.com\/netanyahu\/status\/1736139333378142706\"><span>sobota<\/span><\/a><span>\u00a0v televizn\u00edm projevu, \u017ee \u201ev t\u00e9to v\u00e1lce mus\u00edme pokra\u010dovat a\u017e do v\u00edt\u011bzstv\u00ed, navzdory mezin\u00e1rodn\u00edmu tlaku a navzdory nesnesiteln\u011b vysok\u00e9 cen\u011b, kterou od n\u00e1s v\u00e1lka vy\u017eaduje za p\u00e1d na\u0161ich drah\u00fdch syn\u016f a dcer.\u201c<\/span><\/p>\n<p><span>A\u017e do ned\u011bln\u00edho r\u00e1na bylo od 7. \u0159\u00edjna zabito 450 izraelsk\u00fdch voj\u00e1k\u016f, v\u011bt\u0161ina z nich b\u011bhem boj\u016f a ozbrojen\u00fdch st\u0159et\u016f s palestinsk\u00fdmi bojovn\u00edky. Palestinsk\u00e9 odbojov\u00e9 frakce st\u00e1le dr\u017e\u00ed v zajet\u00ed 130 Izraelc\u016f.<\/span><\/p>\n<p><span>N\u00e1hodn\u00e9 zast\u0159elen\u00ed a zabit\u00ed t\u0159\u00ed izraelsk\u00fdch zajatc\u016f izraelskou arm\u00e1dou v p\u00e1smu Gazy zp\u016fsobilo nesm\u00edrn\u00e9 rozpaky vl\u00e1d\u011b a Netanjahuovi, kter\u00fd \u0159ekl, \u017ee byl po vyslechnut\u00ed t\u00e9to zpr\u00e1vy \u201e\u0161okov\u00e1n\u201c.<\/span><\/p>\n<p><span>\u201eByli jen kr\u016f\u010dek od svobody, skute\u010dn\u011b se dotkli vykoupen\u00ed a tehdy do\u0161lo ke katastrof\u011b. Zlomilo mi to srdce. Zlomilo to srdce cel\u00e9mu n\u00e1rodu,\u201c \u0159ekl.<\/span><\/p>\n<p><span>Netanjahu tak\u00e9 dodal: &#8222;Jsem velmi hrd\u00fd, \u017ee jsem zabr\u00e1nil vzniku palestinsk\u00e9ho st\u00e1tu.&#8220;<\/span><\/p>\n<p><span>Jeho politick\u00e1 kari\u00e9ra je v s\u00e1zce, proto\u017ee popularita jeho\u00a0<\/span><a href=\"https:\/\/www.timesofisrael.com\/as-netanyahus-popularity-wanes-likud-mk-danny-danon-prepares-to-mount-challenge\/\"><span>Likud Party<\/span><\/a><span>\u00a0prudce klesla a do ulic Tel. Aviv.\u00a0<\/span><\/p>\n<h2 class=\"wp-block-heading\"><strong><span>V Gaze tvo\u0159\u00ed \u017eeny a d\u011bti 70 procent kauzalit<\/span><\/strong><\/h2>\n<p><span>Ministerstvo zdravotnictv\u00ed Palestinsk\u00e9 samospr\u00e1vy (PA) v sobotu ve\u010der uvedlo, \u017ee od 7. \u0159\u00edjna bylo p\u0159i izraelsk\u00e9 agresi v p\u00e1smu Gazy zabito 18 800 Palestinc\u016f a t\u00e9m\u011b\u0159 51 000 zran\u011bno. \u017deny a d\u011bti tvo\u0159\u00ed 70 procent p\u0159\u00ed\u010din, zat\u00edmco tis\u00edce z\u016fst\u00e1vaj\u00ed nezv\u011bstn\u00e9. trosky.<\/span><\/p>\n<p><span>Ministerstvo dodalo, \u017ee v p\u00e1smu Gazy p\u016fsob\u00ed 11 zdravotnick\u00fdch za\u0159\u00edzen\u00ed z celkov\u00fdch 36 za\u0159\u00edzen\u00ed. T\u0159i z t\u011bchto opera\u010dn\u00edch za\u0159\u00edzen\u00ed jsou v severn\u00ed Gaze.<\/span><\/p>\n<p><a href=\"https:\/\/www.wafa.ps\/Pages\/Details\/86533\"><span>Wafa<\/span><\/a><span>\u00a0v ned\u011bli r\u00e1no ozn\u00e1mila, \u017ee izraelsk\u00e9 n\u00e1lety na domy v Jabalii zabily nejm\u00e9n\u011b 35 lid\u00ed.<\/span><\/p>\n<p><span>Izraelsk\u00e9 bombardov\u00e1n\u00ed rodiny Shihab v Jabalia zabilo 24 lid\u00ed a zranilo 90 dal\u0161\u00edch. Dal\u0161\u00ed bombardov\u00e1n\u00ed domu rodiny Khalla ve m\u011bst\u011b si vy\u017e\u00e1dalo 11 mrtv\u00fdch. Palestinsk\u00e9 z\u00e1chrann\u00e9 t\u00fdmy z\u00edskaly 23 t\u011bl mu\u010dedn\u00edk\u016f poh\u0159ben\u00fdch v trosk\u00e1ch po izraelsk\u00e9m bombardov\u00e1n\u00ed oblasti Al-Nazla v Jabalia.<\/span><\/p>\n<p><span>Leteck\u00fd \u00fatok ve Star\u00e9m m\u011bst\u011b Gazy zabil 20 lid\u00ed, zat\u00edmco izraelsk\u00e9 s\u00edly z\u016fst\u00e1vaj\u00ed rozm\u00edst\u011bny na Palestinsk\u00e9m n\u00e1m\u011bst\u00ed uprost\u0159ed m\u011bsta, pobl\u00ed\u017e arabsk\u00e9 nemocnice Al-Ahli a Velk\u00e9 me\u0161ity Omari, kter\u00e9 byly ob\u011b\u0165mi b\u011bhem v\u00e1lky.\u00a0<\/span><\/p>\n<p><a href=\"https:\/\/stranapro.cz\/\"><img decoding=\"async\" loading=\"lazy\" class=\"alignnone  wp-image-40285 aligncenter\" src=\"http:\/\/www.infokuryr.cz\/n\/wp-content\/uploads\/2023\/11\/11pro-300x79.png\" alt=\"\" width=\"570\" height=\"150\" srcset=\"https:\/\/www.infokuryr.cz\/n\/wp-content\/uploads\/2023\/11\/11pro-300x79.png 300w, https:\/\/www.infokuryr.cz\/n\/wp-content\/uploads\/2023\/11\/11pro.png 363w\" sizes=\"(max-width: 570px) 100vw, 570px\" \/><\/a><\/p>\n<p><span>Ve \u010dtvrti Al-Zaytoun izraelsk\u00e9 ost\u0159elov\u00e1n\u00ed a \u00fatoky bezpilotn\u00edch letoun\u016f zabily dev\u011bt \u010dlen\u016f rodin Al-Amarin a Hamouda na jihov\u00fdchod\u011b m\u011bsta Gaza.<\/span><\/p>\n<p><span>Izraelsk\u00e9 s\u00edly tak\u00e9 bombardovaly \u010dtvrti Al-Nasr, Tel Al-Hawa, Sheikh Radwan a Beit Lahia v severn\u00ed Gaze. Palestinci poh\u0159bili 20 \u010dlen\u016f rodiny Salem\u016f na provizorn\u00edm h\u0159bitov\u011b pot\u00e9, co izraelsk\u00fd F-16 bombardoval a srovnal se zem\u00ed jejich \u010dty\u0159patrov\u00fd d\u016fm ve m\u011bst\u011b Gaza,\u00a0<\/span><a href=\"https:\/\/www.wafa.ps\/Pages\/Details\/86539\"><span>Wafa<\/span><\/a><span>\u00a0uvedla .<\/span><\/p>\n<p><span>V Bejt Lahia vybombardovala d\u016fm rodiny Al-Barawi, zabila dva lidi a des\u00edtky zranila.<\/span><\/p>\n<p><span>Na jihu Gazy izraelsk\u00e9 s\u00edly bombardovaly a za\u00fato\u010dily na m\u011bsta Khuzaa, Al-Qarara, Sheikh Nasser a oblast Al-Satar Al-Gharbi a podnikly \u010dty\u0159i n\u00e1lety na uprchlick\u00fd t\u00e1bor Yebna pobl\u00ed\u017e Rafahu na hranici s Egyptem. .<\/span><\/p>\n<p><span>Izraelsk\u00e1 v\u00e1le\u010dn\u00e1 letadla tak\u00e9 bombardovala t\u00e1bor Dier Al-Balah v centru Gazy, zabila 12 lid\u00ed a des\u00edtky zranila. V Khan Yunis, ji\u017en\u011b od p\u00e1sma Gazy, ost\u0159elovalo izraelsk\u00e9 d\u011blost\u0159electvo n\u00e1dvo\u0159\u00ed nemocnice N\u00e1sir a v ned\u011bli r\u00e1no zranilo dva Palestince.<\/span><\/p>\n<h2 class=\"wp-block-heading\"><strong><span>P\u0159edstavitel OSN: \u201ePoku\u0161en\u00ed uprchnout z tohoto pekla na Zemi je velmi siln\u00e9\u201c<\/span><\/strong><\/h2>\n<p><span>Philippe Lazzarini, gener\u00e1ln\u00ed \u0159editel Agentury OSN pro uprchl\u00edky pro Palestince (UNRWA), uvedl, \u017ee v Rafahu, m\u011bst\u011b, kter\u00e9 bylo p\u0159ed 7. \u0159\u00edjnem domovem t\u00e9m\u011b\u0159 200 000 lid\u00ed, je v\u00edce ne\u017e jeden milion Palestinc\u016f.<\/span><\/p>\n<p><span>UNRWA tak\u00e9 zaznamen\u00e1v\u00e1 \u201eraketov\u00fd n\u00e1r\u016fst\u201c pr\u016fjm\u016f a v\u00fdskytu infekce jater hepatitidou.<\/span><\/p>\n<p><span>&#8222;Kv\u016fli ot\u0159esn\u00fdm hygienick\u00fdm podm\u00ednk\u00e1m tak\u00e9 mnoho ko\u017en\u00edch onemocn\u011bn\u00ed a mnoho lid\u00ed nebylo schopno se cel\u00e9 t\u00fddny p\u0159evl\u00e9knout,&#8220; \u0159ekl.<\/span><\/p>\n<p><span>Lazzarini b\u011bhem rozhovoru s\u00a0<\/span><a href=\"https:\/\/www.newstatesman.com\/world\/middle-east\/2023\/12\/philippe-lazzarini-gaza-hunger-starvation?utm_medium=Social&amp;utm_source=Twitter#Echobox=1702670072\"><em><span>The New Statesman<\/span><\/em><\/a><em>\u00a0<\/em><span>varoval, \u017ee humanit\u00e1rn\u00ed agentury z\u00e1vod\u00ed s \u010dasem, proto\u017ee Izrael nad\u00e1le blokuje dostate\u010dn\u00e9 l\u00e9ka\u0159sk\u00e9 a humanit\u00e1rn\u00ed z\u00e1soby. od vstupu do Gazy.<\/span><\/p>\n<p><span>\u201e\u010c\u00edm d\u00e9le budeme \u010dekat, t\u00edm v\u00edce lid\u00ed zem\u0159e, nejen kv\u016fli vojensk\u00e9mu bombardov\u00e1n\u00ed, ale tak\u00e9 kv\u016fli dopad\u016fm obl\u00e9h\u00e1n\u00ed. To je z\u00e1vod s \u010dasem,\u201c \u0159ekl Lazzarini.<\/span><\/p>\n<p><span>Dodal, \u017ee izraelsk\u00e9 bombardov\u00e1n\u00ed vytvo\u0159ilo na m\u00edst\u011b realitu, \u201ekter\u00e1 ve skute\u010dnosti vytla\u010d\u00ed st\u00e1le v\u00edce Palestinc\u016f z Gazy\u201c.<\/span><\/p>\n<p><span>Vysv\u011btlil, \u017ee palestinsk\u00e1 st\u0159edn\u00ed t\u0159\u00edda \u201em\u016f\u017ee cht\u00edt d\u00e1t sv\u00fdm d\u011btem budoucnost. U\u017e jsme vid\u011bli, \u017ee lidem nen\u00ed dovoleno vr\u00e1tit se na sever a jsou neust\u00e1le tla\u010deni d\u00e1le na jih.\u201c<\/span><\/p>\n<p><span>&#8222;Poku\u0161en\u00ed uprchnout z tohoto pekla na Zemi je velmi siln\u00e9,&#8220; \u0159ekl. \u201eM\u016f\u017ee doj\u00edt k bodu zlomu a lid\u00e9 vyzkou\u0161\u00ed sv\u00e9 \u0161ance. Mo\u017en\u00e1 to nen\u00ed z\u00e1m\u011brn\u00e1 politika, ale na m\u00edst\u011b se vytv\u00e1\u0159\u00ed realita.\u201c<\/span><\/p>\n<p><span>V sobotu statis\u00edce lid\u00ed po cel\u00e9m sv\u011bt\u011b protestovaly v solidarit\u011b s palestinsk\u00fdm p\u00e1smem Gazy a vyz\u00fdvaly k zastaven\u00ed palby. V americk\u00fdch m\u011bstech Chicago, New York, Los Angelos a Huston mimo jin\u00e9 protestuj\u00edc\u00ed vyzvali americkou administrativu, aby p\u0159estala vyzbrojovat Izrael a prosadila okam\u017eit\u00e9 zastaven\u00ed izraelsk\u00e9ho bombardov\u00e1n\u00ed Gazy.<\/span><\/p>\n<h2 class=\"wp-block-heading\"><strong><span>Izraelsk\u00e9 s\u00edly zabily na Z\u00e1padn\u00edm b\u0159ehu dev\u011bt Palestinc\u016f za 24 hodin<\/span><\/strong><\/h2>\n<p><span>Ministerstvo zdravotnictv\u00ed Palestinsk\u00e9 samospr\u00e1vy v ned\u011bli ozn\u00e1milo, \u017ee od ledna bylo 505 Palestinc\u016f zabito izraelsk\u00fdmi voj\u00e1ky nebo osadn\u00edky na okupovan\u00e9m Z\u00e1padn\u00edm b\u0159ehu Jord\u00e1nu a Jeruzal\u00e9m\u011b, 111 z nich jsou d\u011bti.<\/span><\/p>\n<p><span>Od 7. \u0159\u00edjna v\u0161ak izraelsk\u00e1 okupace zabila 297 Palestinc\u016f, z nich\u017e 70 jsou d\u011bti.<\/span><\/p>\n<p><span>A\u017e do ned\u011bln\u00edho r\u00e1na izraelsk\u00e9 s\u00edly zabily dev\u011bt Palestinc\u016f a des\u00edtky zranily v N\u00e1bulusu, Tulkaremu a Hebronu.\u00a0<\/span><\/p>\n<p><span>Izraelsk\u00e9 s\u00edly zah\u00e1jily t\u011b\u017ek\u00fd vojensk\u00fd n\u00e1let na m\u011bsto Tulkarem a uprchlick\u00fd t\u00e1bor Nour Shams, p\u0159i kter\u00e9m zahynulo p\u011bt Palestinc\u016f, identifikovan\u00fdch jako Jihad Hatem Amarneh, 23, Walid Abdel Razzaq Asaad Zahra, 22, Asaad Fathi Asaad Zahra, 33, Mahmoud Samer Jaber, 22 a Ghaith Yasser Shehadeh, 25 let.<\/span><\/p>\n<p><a href=\"https:\/\/www.wafa.ps\/Pages\/Details\/86537\"><span>Wafa<\/span><\/a><span>\u00a0ozn\u00e1mila, \u017ee izraelsk\u00e9 s\u00edly vybombardovaly t\u00e1bor Nour Shams v ned\u011bli v \u010dasn\u00fdch rann\u00edch hodin\u00e1ch a prom\u011bnily oblast ve vojenskou z\u00f3nu, \u010d\u00edm\u017e zablokovaly sanitk\u00e1m vstup do t\u00e1bora.<\/span><\/p>\n<p><span>Izraelsk\u00e9 bezpilotn\u00ed st\u0159ely bombardovaly d\u016fm Mahm\u00fada Samera Jabera a \u010dtvr\u0165 Al-Manshiya v t\u00e1bo\u0159e Nour Shams. Izraelsk\u00e9 s\u00edly tak\u00e9 provedly razii v n\u011bkolika domech a zadr\u017eely des\u00edtky lid\u00ed, zat\u00edmco na st\u0159echy dom\u016f pat\u0159\u00edc\u00edch rodin\u00e1m Al-Batta a Al-Saida v t\u00e1bo\u0159e um\u00edstili odst\u0159elova\u010de.<\/span><\/p>\n<p><span>V sobotu ve\u010der izraelsk\u00e9 s\u00edly zabily Az\u00edze Abd al-Rah\u00edma Az\u00edze Ekhailila (20) kulkami do b\u0159icha ve m\u011bst\u011b Bejt Ummar ji\u017en\u011b od okupovan\u00e9ho Z\u00e1padn\u00edho b\u0159ehu Jord\u00e1nu.<\/span><\/p>\n<p><span>V uprchlick\u00e9m t\u00e1bo\u0159e Deir Ammar z\u00e1padn\u011b od Ramall\u00e1hu zabily izraelsk\u00e9 s\u00edly 16let\u00e9ho Atall\u00e1ha Ziad Badhu \u017eiv\u00fdmi st\u0159elami, kdy\u017e v sobotu ve\u010der vypukly st\u0159ety.\u00a0<\/span><\/p>\n<p><span>T\u0159i Palestinci byli zran\u011bni v oblasti b\u0159icha, hrudn\u00edku a chodidla, kdy\u017e izraelsk\u00e9 s\u00edly za\u00fato\u010dily na t\u00e1bor,\u00a0<\/span><a href=\"https:\/\/www.wafa.ps\/Pages\/Details\/86513\"><span>Wafa<\/span><\/a><span>\u00a0uvedla. Izraelsk\u00e9 s\u00edly tak\u00e9 p\u0159es noc zatkly des\u00edtky Palestinc\u016f z m\u011bst\u00a0<\/span><a href=\"https:\/\/www.wafa.ps\/Pages\/Details\/86529\"><span>Nablus<\/span><\/a><span>,\u00a0<\/span><a href=\"https:\/\/www.wafa.ps\/Pages\/Details\/86530\"><span>Al-Aroub<\/span><\/a><span>\u00a0uprchlick\u00fd t\u00e1bor v Hebronu a\u00a0<\/span><a href=\"https:\/\/www.wafa.ps\/Pages\/Details\/86531\"><span>Al-Jalazoun<\/span><\/a><span>\u00a0t\u00e1bor v Ramall\u00e1hu.<\/span><\/p>\n<p><span>Komise\u00a0<\/span><a href=\"https:\/\/www.wafa.ps\/Pages\/Details\/86550\"><span>Komise v\u011bz\u0148\u016f a b\u00fdval\u00fdch v\u011bz\u0148\u016f<\/span><\/a><span>\u00a0v ned\u011bli uvedla, \u017ee v\u011bze\u0148kyn\u00edm z p\u00e1sma Gazy zadr\u017eovan\u00fdm ve v\u011bznici Damoun \u010del\u00ed tvrd\u00e1 represe, v\u010detn\u011b bit\u00ed a prohl\u00eddek, na denn\u00ed b\u00e1zi.<\/span><\/p>\n<p><span>Komise zaznamenala p\u0159\u00edpad 80let\u00e9 \u017eeny z Gazy, kter\u00e1 byla zadr\u017eena izraelsk\u00fdmi silami.<\/span><\/p>\n<p><span>\u201e[Chodila] o berl\u00edch a bez pokr\u00fdvky na hlav\u011b. Jej\u00ed t\u011blo a \u0161aty byly pln\u00e9 krve a ona nic nev\u011bd\u011bla. Zd\u00e1lo se, \u017ee trp\u00ed Alzheimerovou chorobou,\u201c \u0159ekl jej\u00ed pr\u00e1vn\u00edk The Commission.<\/span><\/p>\n<p><span>\u201eV\u0161echny v\u011bze\u0148kyn\u011b z p\u00e1sma Gazy dorazily do v\u011bznice v \u017ealostn\u00e9m stavu ve v\u0161ech ohledech, zdravotn\u00edm, fyzick\u00e9m i psychick\u00e9m,\u201c\u00a0<\/span><a href=\"https:\/\/www.wafa.ps\/Pages\/Details\/86550\"><span>Komise<\/span><\/a><span>\u00a0byl p\u0159id\u00e1n p\u0159ehled.<\/span><\/p>\n<p><span style=\"font-size: 10pt;\"><em><strong>\u00davodn\u00ed fotografie:<\/strong> PRVN\u00cd ZASAHUJ\u00cdC\u00cd A CIVILIST\u00c9 HLEDAJ\u00cd P\u0158E\u017dIV\u0160\u00cd UPROST\u0158ED TROSEK ZNI\u010cEN\u00ddCH BUDOV PO IZRAELSK\u00c9M BOMBARDOV\u00c1N\u00cd V RAFAHU V JI\u017dN\u00cdM P\u00c1SMU GAZY, 14. PROSINCE 2023 (FOTO: BASHAR TALEB\/APA IMAGES)<\/em><\/span><\/p>\n<p><img decoding=\"async\" loading=\"lazy\" class=\"alignnone size-full wp-image-1185\" src=\"http:\/\/www.infokuryr.cz\/n\/wp-content\/uploads\/2021\/04\/kuryr-podpis.png\" alt=\"\" width=\"84\" height=\"24\" \/><\/p>\n<p>&nbsp;<\/p>\n<p>&nbsp;<\/p>\n","protected":false},"excerpt":{"rendered":"<p>Izraelsk\u00fd Netanjahu slibuje pokra\u010dovat ve v\u00e1lce \u201edo v\u00edt\u011bzstv\u00ed\u201c, proto\u017ee z\u00e1padn\u00ed v\u016fdci vyz\u00fdvaj\u00ed k p\u0159\u00edm\u011b\u0159\u00ed. Na&#8230;<\/p>\n","protected":false},"author":2,"featured_media":42760,"comment_status":"closed","ping_status":"closed","sticky":false,"template":"","format":"standard","meta":[],"categories":[7],"tags":[348,178,359,798,313],"_links":{"self":[{"href":"https:\/\/www.infokuryr.cz\/n\/wp-json\/wp\/v2\/posts\/42759"}],"collection":[{"href":"https:\/\/www.infokuryr.cz\/n\/wp-json\/wp\/v2\/posts"}],"about":[{"href":"https:\/\/www.infokuryr.cz\/n\/wp-json\/wp\/v2\/types\/post"}],"author":[{"embeddable":true,"href":"https:\/\/www.infokuryr.cz\/n\/wp-json\/wp\/v2\/users\/2"}],"replies":[{"embeddable":true,"href":"https:\/\/www.infokuryr.cz\/n\/wp-json\/wp\/v2\/comments?post=42759"}],"version-history":[{"count":1,"href":"https:\/\/www.infokuryr.cz\/n\/wp-json\/wp\/v2\/posts\/42759\/revisions"}],"predecessor-version":[{"id":42761,"href":"https:\/\/www.infokuryr.cz\/n\/wp-json\/wp\/v2\/posts\/42759\/revisions\/42761"}],"wp:featuredmedia":[{"embeddable":true,"href":"https:\/\/www.infokuryr.cz\/n\/wp-json\/wp\/v2\/media\/42760"}],"wp:attachment":[{"href":"https:\/\/www.infokuryr.cz\/n\/wp-json\/wp\/v2\/media?parent=42759"}],"wp:term":[{"taxonomy":"category","embeddable":true,"href":"https:\/\/www.infokuryr.cz\/n\/wp-json\/wp\/v2\/categories?post=42759"},{"taxonomy":"post_tag","embeddable":true,"href":"https:\/\/www.infokuryr.cz\/n\/wp-json\/wp\/v2\/tags?post=42759"}],"curies":[{"name":"wp","href":"https:\/\/api.w.org\/{rel}","templated":true}]}}