{"id":42756,"date":"2023-12-18T00:33:12","date_gmt":"2023-12-17T23:33:12","guid":{"rendered":"http:\/\/www.infokuryr.cz\/n\/?p=42756"},"modified":"2023-12-17T15:57:04","modified_gmt":"2023-12-17T14:57:04","slug":"plany-wef-meli-bychom-si-sami-pronajimat-mobilni-telefony-a-pracky","status":"publish","type":"post","link":"https:\/\/www.infokuryr.cz\/n\/2023\/12\/18\/plany-wef-meli-bychom-si-sami-pronajimat-mobilni-telefony-a-pracky\/","title":{"rendered":"Pl\u00e1ny WEF: M\u011bli bychom si sami pronaj\u00edmat mobiln\u00ed telefony a pra\u010dky"},"content":{"rendered":"<div id=\"fb-root\"><\/div>\n<p><strong>Sv\u011btov\u00e9 ekonomick\u00e9 f\u00f3rum (WEF) se hl\u00e1s\u00ed k socialisticko-korporativistick\u00e9 ideologii. Soukrom\u00e9 osoby by se m\u011bly laskav\u011b vzd\u00e1t majetku a soukrom\u00ed. I pod rou\u0161kou \u00fadajn\u00e9 ochrany klimatu. Propagandist\u00e9 \u200b\u200bkolem Klause Schwaba to znovu a znovu d\u00e1vaj\u00ed jasn\u011b najevo.<\/strong><\/p>\n<p>\u201eNebude\u0161 nic vlastnit a p\u0159esto bude\u0161 \u0161\u0165astn\u00fd,\u201c tak to jednou stru\u010dn\u011b a v\u00fdsti\u017en\u011b vyj\u00e1d\u0159il \u0161\u00e9f WEF Klaus Schwab. Socialistick\u00fd leitmotiv, kter\u00fd se jako \u010derven\u00e1 nit t\u00e1hne cel\u00fdm seznamem po\u017eadavk\u016f globalistick\u00e9 organizace. Ne nadarmo Schwab p\u0159ed chv\u00edl\u00ed vyzval sv\u011btov\u00e9 vl\u00e1dy, aby co nejrychleji zak\u00e1zaly soukrom\u00e9 vlastnictv\u00ed aut, a tak\u00e9 p\u0159edpov\u011bd\u011bl, \u017ee to do roku 2030 skon\u010d\u00ed.\u00a0<a href=\"https:\/\/report24.news\/klaus-schwab-kuendigt-das-ende-des-privaten-autobesitzes-bis-2030-an\/\">Pokud bude m\u00edt sv\u016fj zp\u016fsob<\/a>, v budoucnu by se lid\u00e9 m\u011bli spol\u00e9hat na slu\u017eby \u0159\u00edzen\u00ed na vy\u017e\u00e1d\u00e1n\u00ed podobn\u00e9 dne\u0161n\u00edmu Uberu \u2013 samoz\u0159ejm\u011b s elektrick\u00fdmi vozidly bez \u0159idi\u010de.<a href=\"https:\/\/report24.news\/klaus-schwab-kuendigt-das-ende-des-privaten-autobesitzes-bis-2030-an\/\"> a&gt;<\/a><\/p>\n<figure class=\"wp-block-embed is-type-rich is-provider-twitter wp-block-embed-twitter\">\n<div class=\"wp-block-embed__wrapper\">\n<div class=\"twitter-tweet twitter-tweet-rendered\"><iframe id=\"twitter-widget-0\" class=\"\" title=\"X p\u0159\u00edsp\u011bvek\" src=\"https:\/\/platform.twitter.com\/embed\/Tweet.html?dnt=true&amp;embedId=twitter-widget-0&amp;features=eyJ0ZndfdGltZWxpbmVfbGlzdCI6eyJidWNrZXQiOltdLCJ2ZXJzaW9uIjpudWxsfSwidGZ3X2ZvbGxvd2VyX2NvdW50X3N1bnNldCI6eyJidWNrZXQiOnRydWUsInZlcnNpb24iOm51bGx9LCJ0ZndfdHdlZXRfZWRpdF9iYWNrZW5kIjp7ImJ1Y2tldCI6Im9uIiwidmVyc2lvbiI6bnVsbH0sInRmd19yZWZzcmNfc2Vzc2lvbiI6eyJidWNrZXQiOiJvbiIsInZlcnNpb24iOm51bGx9LCJ0ZndfZm9zbnJfc29mdF9pbnRlcnZlbnRpb25zX2VuYWJsZWQiOnsiYnVja2V0Ijoib24iLCJ2ZXJzaW9uIjpudWxsfSwidGZ3X21peGVkX21lZGlhXzE1ODk3Ijp7ImJ1Y2tldCI6InRyZWF0bWVudCIsInZlcnNpb24iOm51bGx9LCJ0ZndfZXhwZXJpbWVudHNfY29va2llX2V4cGlyYXRpb24iOnsiYnVja2V0IjoxMjA5NjAwLCJ2ZXJzaW9uIjpudWxsfSwidGZ3X3Nob3dfYmlyZHdhdGNoX3Bpdm90c19lbmFibGVkIjp7ImJ1Y2tldCI6Im9uIiwidmVyc2lvbiI6bnVsbH0sInRmd19kdXBsaWNhdGVfc2NyaWJlc190b19zZXR0aW5ncyI6eyJidWNrZXQiOiJvbiIsInZlcnNpb24iOm51bGx9LCJ0ZndfdXNlX3Byb2ZpbGVfaW1hZ2Vfc2hhcGVfZW5hYmxlZCI6eyJidWNrZXQiOiJvbiIsInZlcnNpb24iOm51bGx9LCJ0ZndfdmlkZW9faGxzX2R5bmFtaWNfbWFuaWZlc3RzXzE1MDgyIjp7ImJ1Y2tldCI6InRydWVfYml0cmF0ZSIsInZlcnNpb24iOm51bGx9LCJ0ZndfbGVnYWN5X3RpbWVsaW5lX3N1bnNldCI6eyJidWNrZXQiOnRydWUsInZlcnNpb24iOm51bGx9LCJ0ZndfdHdlZXRfZWRpdF9mcm9udGVuZCI6eyJidWNrZXQiOiJvbiIsInZlcnNpb24iOm51bGx9fQ%3D%3D&amp;frame=false&amp;hideCard=false&amp;hideThread=false&amp;id=1736001319595344227&amp;lang=cs&amp;origin=https%3A%2F%2Freport24.news%2Fwef-plaene-wir-sollen-selbst-handys-und-waschmaschinen-leasen%2F&amp;sessionId=f582981c197a54dbf6d6e858fdaf866010963e5e&amp;theme=light&amp;widgetsVersion=2615f7e52b7e0%3A1702314776716&amp;width=550px\" frameborder=\"0\" scrolling=\"no\" allowfullscreen=\"allowfullscreen\" data-tweet-id=\"1736001319595344227\" data-mce-fragment=\"1\"><\/iframe><\/div>\n<\/div>\n<\/figure>\n<p>To tak\u00e9 zapad\u00e1 do toho, co p\u0159ed n\u011bkolika lety \u0159ekla zelen\u00e1 socialistick\u00e1 d\u00e1nsk\u00e1 politi\u010dka Ida Auken (\u201e<a href=\"https:\/\/www.weforum.org\/agenda\/authors\/ida-auken\/\">Mlad\u00e1 glob\u00e1ln\u00ed v\u016fdkyn\u011b<\/a>\u201c WEF a b\u00fdval\u00e1 ministryn\u011b \u017eivotn\u00edho prost\u0159ed\u00ed) navrhla sv\u011btov\u00fd \u0159\u00e1d, ve kter\u00e9m bychom nem\u011bli vlastnit ani chytr\u00e9 telefony nebo pra\u010dky. M\u00edsto toho, abychom tyto v\u011bci kupovali, m\u011bli bychom je v budoucnu pronaj\u00edmat \u2013 samoz\u0159ejm\u011b z d\u016fvod\u016f \u201eudr\u017eitelnosti\u201c. Na tomto m\u00edst\u011b bychom si m\u011bli p\u0159ipomenout jej\u00ed \u201epr\u00e1ci\u201c pro WEF z roku 2020, kter\u00e1 nesla n\u00e1zev \u201e<a href=\"https:\/\/medium.com\/world-economic-forum\/welcome-to-2030-i-own-nothing-have-no-privacy-and-life-has-never-been-better-ee2eed62f710\">V\u00edtejte v roce 2030. Nic nevlastn\u00edm, nem\u00e1m \u017e\u00e1dn\u00e9 soukrom\u00ed a m\u016fj \u017eivot nikdy nebyl \u201elep\u0161\u00ed\u00a0<\/a>\u201d bylo propagov\u00e1no.<\/p>\n<p><a href=\"https:\/\/stranapro.cz\/\"><img decoding=\"async\" loading=\"lazy\" class=\"wp-image-40285 aligncenter\" src=\"http:\/\/www.infokuryr.cz\/n\/wp-content\/uploads\/2023\/11\/11pro-300x79.png\" alt=\"\" width=\"494\" height=\"130\" srcset=\"https:\/\/www.infokuryr.cz\/n\/wp-content\/uploads\/2023\/11\/11pro-300x79.png 300w, https:\/\/www.infokuryr.cz\/n\/wp-content\/uploads\/2023\/11\/11pro.png 363w\" sizes=\"(max-width: 494px) 100vw, 494px\" \/><\/a><\/p>\n<p>Proto\u017ee soukrom\u00ed \u2013\u00a0<a href=\"https:\/\/report24.news\/klaus-schwabs-dystopische-zukunftsplaene-keine-privatsphaere-dafuer-social-credit-system\/\">jak ji\u017e \u0159ekl Klaus Schwab<\/a>\u00a0\u2013 by v budoucnu ji\u017e nem\u011blo existovat. Samoz\u0159ejm\u011b existuje \u201esoci\u00e1ln\u00ed kreditn\u00ed syst\u00e9m\u201c, kter\u00fd odm\u011b\u0148uje chov\u00e1n\u00ed, kter\u00e9 odpov\u00edd\u00e1 elit\u011b, a samoz\u0159ejm\u011b bude tak\u00e9 spojeno s n\u011bjak\u00fdmi \u201eeko body\u201c. A pokud by Auken m\u011bla sv\u016fj zp\u016fsob (viz jej\u00ed video v tweetu v\u00fd\u0161e), ani jednoduch\u00e9 v\u011bci, jako jsou smartphony, pra\u010dky a podobn\u011b, by nemusely b\u00fdt vn\u00edm\u00e1ny jako \u201eprodukt\u201c, ale sp\u00ed\u0161e jako \u201eslu\u017eba\u201c. Koncept, kter\u00fd by podle ekonom\u016f\u00a0<a href=\"https:\/\/www.sciencedirect.com\/science\/article\/pii\/S0016328723001131\">m\u011bl b\u00fdt posuzov\u00e1n kriticky ve studii<\/a> zalo\u017een\u00e9 na teorii vlastnictv\u00ed.<\/p>\n<p>Je to ale budoucnost, ve kter\u00e9 chceme \u017e\u00edt? Sv\u011bt, ve kter\u00e9m si v\u011bt\u0161inu v\u011bc\u00ed jednodu\u0161e pronajmeme nebo pronajmeme a nekupujeme? A co v\u00edc, sv\u011bt, ve kter\u00e9m n\u00e1s je\u0161t\u011b v\u00edce ne\u017e dosud ovl\u00e1daj\u00ed nevolen\u00ed technokrat\u00e9 a korporace?<\/p>\n<p>&nbsp;<\/p>\n<p><iframe loading=\"lazy\" title=\"Own Nothing - Be Happy (feat. Klausi McSchwabbin&#039;) \ud83d\udd25\" width=\"640\" height=\"360\" src=\"https:\/\/www.youtube.com\/embed\/InAKOZdsJw0?start=66&#038;feature=oembed\" frameborder=\"0\" allow=\"accelerometer; autoplay; clipboard-write; encrypted-media; gyroscope; picture-in-picture; web-share\" allowfullscreen><\/iframe><\/p>\n<p><em><span style=\"font-size: 10pt;\">Obr\u00e1zek: Klaus Schwab doporu\u010duje zna\u010dku sv\u011btov\u00e9ho komunismu Great Reset Image (C) Snicklink<\/span><\/em><\/p>\n<p><img decoding=\"async\" loading=\"lazy\" class=\"alignnone size-full wp-image-1185\" src=\"http:\/\/www.infokuryr.cz\/n\/wp-content\/uploads\/2021\/04\/kuryr-podpis.png\" alt=\"\" width=\"84\" height=\"24\" \/><\/p>\n","protected":false},"excerpt":{"rendered":"<p>Sv\u011btov\u00e9 ekonomick\u00e9 f\u00f3rum (WEF) se hl\u00e1s\u00ed k socialisticko-korporativistick\u00e9 ideologii. Soukrom\u00e9 osoby by se m\u011bly laskav\u011b&#8230;<\/p>\n","protected":false},"author":2,"featured_media":42757,"comment_status":"closed","ping_status":"closed","sticky":false,"template":"","format":"standard","meta":[],"categories":[7],"tags":[279,291,613],"_links":{"self":[{"href":"https:\/\/www.infokuryr.cz\/n\/wp-json\/wp\/v2\/posts\/42756"}],"collection":[{"href":"https:\/\/www.infokuryr.cz\/n\/wp-json\/wp\/v2\/posts"}],"about":[{"href":"https:\/\/www.infokuryr.cz\/n\/wp-json\/wp\/v2\/types\/post"}],"author":[{"embeddable":true,"href":"https:\/\/www.infokuryr.cz\/n\/wp-json\/wp\/v2\/users\/2"}],"replies":[{"embeddable":true,"href":"https:\/\/www.infokuryr.cz\/n\/wp-json\/wp\/v2\/comments?post=42756"}],"version-history":[{"count":1,"href":"https:\/\/www.infokuryr.cz\/n\/wp-json\/wp\/v2\/posts\/42756\/revisions"}],"predecessor-version":[{"id":42758,"href":"https:\/\/www.infokuryr.cz\/n\/wp-json\/wp\/v2\/posts\/42756\/revisions\/42758"}],"wp:featuredmedia":[{"embeddable":true,"href":"https:\/\/www.infokuryr.cz\/n\/wp-json\/wp\/v2\/media\/42757"}],"wp:attachment":[{"href":"https:\/\/www.infokuryr.cz\/n\/wp-json\/wp\/v2\/media?parent=42756"}],"wp:term":[{"taxonomy":"category","embeddable":true,"href":"https:\/\/www.infokuryr.cz\/n\/wp-json\/wp\/v2\/categories?post=42756"},{"taxonomy":"post_tag","embeddable":true,"href":"https:\/\/www.infokuryr.cz\/n\/wp-json\/wp\/v2\/tags?post=42756"}],"curies":[{"name":"wp","href":"https:\/\/api.w.org\/{rel}","templated":true}]}}