{"id":42755,"date":"2023-12-18T00:32:23","date_gmt":"2023-12-17T23:32:23","guid":{"rendered":"http:\/\/www.infokuryr.cz\/n\/?p=42755"},"modified":"2023-12-17T15:40:39","modified_gmt":"2023-12-17T14:40:39","slug":"zpravy-ze-zemskeho-varu-cina-ocekava-rekordne-nizke-teploty-minus-40-stupnu-celsia","status":"publish","type":"post","link":"https:\/\/www.infokuryr.cz\/n\/2023\/12\/18\/zpravy-ze-zemskeho-varu-cina-ocekava-rekordne-nizke-teploty-minus-40-stupnu-celsia\/","title":{"rendered":"Zpr\u00e1vy ze zemsk\u00e9ho varu: \u010c\u00edna o\u010dek\u00e1v\u00e1 rekordn\u011b n\u00edzk\u00e9 teploty minus 40 stup\u0148\u016f Celsia"},"content":{"rendered":"<div id=\"fb-root\"><\/div>\n<p><strong><span>Na konci roku 2023 se p\u0159\u00edroda nechce \u0159\u00eddit p\u0159\u00edkazy klimatick\u00fdch klaun\u016f. Zat\u00edmco jsou m\u00e9dia nucena vym\u00fd\u0161let nov\u00e9 poh\u00e1dky o po\u010das\u00ed (nap\u0159\u00edklad ve \u0160pan\u011blsku o 30 stupn\u00edch plus), na mnoha m\u00edstech sv\u011bta padaj\u00ed negativn\u00ed rekordy. V \u010c\u00edn\u011b se lid\u00e9 v sou\u010dasn\u00e9 dob\u011b nejen doslova t\u0159esou z masivn\u00edch mraz\u016f. \u010c\u00edna se dokonce ob\u00e1v\u00e1\u00a0 katastrofy s hodnotami i pod minus 40 stup\u0148\u016f Celsia.<\/span><\/strong><\/p>\n<p><span>V \u010c\u00edn\u011b se v sou\u010dasnosti vl\u00e1da ob\u00e1v\u00e1 rekordn\u00edch teplot a\u017e minus 48 stup\u0148\u016f Celsia \u2013 t\u00e9to hodnoty by se dalo dos\u00e1hnout v dalek\u00e9m severn\u00edm regionu Heilongjiang. Podle z\u00e1znam\u016f o po\u010das\u00ed citovan\u00fdch mainstreamov\u00fdmi m\u00e9dii, na kter\u00e9 je proto t\u0159eba pohl\u00ed\u017eet s opatrnost\u00ed, byly teploty takto n\u00edzk\u00e9 naposledy zaznamen\u00e1ny v roce 1980.<\/span><\/p>\n<p><a href=\"https:\/\/stranapro.cz\/\"><img decoding=\"async\" loading=\"lazy\" class=\"alignnone  wp-image-40285 aligncenter\" src=\"http:\/\/www.infokuryr.cz\/n\/wp-content\/uploads\/2023\/11\/11pro-300x79.png\" alt=\"\" width=\"554\" height=\"146\" srcset=\"https:\/\/www.infokuryr.cz\/n\/wp-content\/uploads\/2023\/11\/11pro-300x79.png 300w, https:\/\/www.infokuryr.cz\/n\/wp-content\/uploads\/2023\/11\/11pro.png 363w\" sizes=\"(max-width: 554px) 100vw, 554px\" \/><\/a><\/p>\n<p><span>\u010c\u00ednsk\u00fd prezident Si mluvil o p\u0159ipravenosti na katastrofy a opat\u0159en\u00edch pomoci, kter\u00e1 byla zah\u00e1jena nebo jsou p\u0159ipravena. Google aktu\u00e1ln\u011b ud\u00e1v\u00e1 pr\u016fm\u011brnou teplotu pro \u010c\u00ednu minus 13 stup\u0148\u016f Celsia \u2013 co\u017e je samoz\u0159ejm\u011b na tak velkou zemi \u010dist\u011b fantazie. V hlavn\u00edm m\u011bst\u011b Pekingu je pr\u00fd tak\u00e9 minus 13 stup\u0148\u016f Celsia, zat\u00edmco Hongkong, le\u017e\u00edc\u00ed u mo\u0159e na jihu, m\u00e1 pohodov\u00fdch 15 stup\u0148\u016f plus. Ve Wu-chanu, kter\u00fd se proslavil a nach\u00e1z\u00ed se t\u00e9m\u011b\u0159 uprost\u0159ed, m\u00e1 v sou\u010dasn\u00e9 dob\u011b n\u00e1r\u016fst teploty. N\u011bkter\u00e9\u00a0<\/span><a href=\"https:\/\/www.metoffice.gov.uk\/weather\/world\/china\" target=\"_blank\" rel=\"noreferrer noopener\"><span>informace o aktu\u00e1ln\u00ed teplot\u011b pro \u010c\u00ednu<\/span><\/a><span>\u00a0naleznete zde.<\/span><\/p>\n<p><span>Skute\u010dnost, \u017ee se \u010c\u00edna nechce pod\u00edlet na va\u0159en\u00ed zem\u011b, je dobr\u00e1 v\u011bc, proto\u017ee \u010c\u00edna nep\u0159ijala \u017e\u00e1dn\u00e9 z\u00e1vazky k mezin\u00e1rodn\u00edm dohod\u00e1m o klimatu. Rad\u011bji by zajistili, aby lid\u00e9 m\u011bli sou\u010dasnost a budoucnost \u2013 a netou\u017eili po zni\u010den\u00ed ekonomiky podle fantazie z\u00e1padn\u00edch globalist\u016f.<\/span><\/p>\n<p><span>Naproti tomu existuj\u00ed masm\u00e9dia tvrzen\u00ed o\u00a0<\/span><a href=\"https:\/\/www.tagesschau.de\/ausland\/europa\/spanien-hitze-hoechstwert-dezember-100.html\" target=\"_blank\" rel=\"noreferrer noopener\"><span>\u00fadajn\u00fdch 30 stupn\u00edch Celsia ve \u0160pan\u011blsku<\/span><\/a><span>. Ty pr\u00fd byly nam\u011b\u0159eny v Malaze 12. prosince 2023, podle zpr\u00e1v mainstreamov\u00fdch m\u00e9di\u00ed se navz\u00e1jem kop\u00edrovaly ve stejn\u00e9m zn\u011bn\u00ed. To je samoz\u0159ejm\u011b zp\u016fsobeno zm\u011bnou klimatu. Pod\u00edvali jsme se na teplotn\u00ed k\u0159ivku z r\u016fzn\u00fdch stran. Nejvy\u0161\u0161\u00ed hodnota pro tento den nen\u00ed zcela v\u011brohodn\u00e1 &#8211; proto\u017ee ve v\u0161ech ostatn\u00edch dnech v prosinci je teplota dob\u0159e v r\u00e1mci o\u010dek\u00e1van\u00e9ho pr\u016fm\u011bru nebo pod n\u00edm.<\/span><\/p>\n<figure class=\"wp-block-image size-full\"><img decoding=\"async\" loading=\"lazy\" class=\"wp-image-110529 lazyloaded aligncenter\" src=\"https:\/\/report24.news\/wp-content\/uploads\/2023\/12\/image-11.png\" sizes=\"(max-width: 730px) 100vw, 730px\" srcset=\"https:\/\/report24.news\/wp-content\/uploads\/2023\/12\/image-11.png 730w, https:\/\/report24.news\/wp-content\/uploads\/2023\/12\/image-11-600x347.png 600w\" alt=\"\" width=\"730\" height=\"422\" data-srcset=\"https:\/\/report24.news\/wp-content\/uploads\/2023\/12\/image-11.png 730w, https:\/\/report24.news\/wp-content\/uploads\/2023\/12\/image-11-600x347.png 600w\" data-src=\"https:\/\/report24.news\/wp-content\/uploads\/2023\/12\/image-11.png\" \/><\/figure>\n<p><span>Skute\u010dnost, \u017ee jedin\u00e9 m\u011b\u0159en\u00ed (\u00fadajn\u011b z leti\u0161t\u011b v Malaze), kter\u00e9 tak zjevn\u011b p\u0159edstavuje jednor\u00e1zovou anom\u00e1lii \u010di dokonce chybu m\u011b\u0159en\u00ed, je celosv\u011btov\u011b citov\u00e1no v m\u00e9di\u00edch, <strong>jen dokazuje, jak pochybn\u00e1 se mainstreamov\u00e1 m\u00e9dia stala<\/strong>. Cht\u011bj\u00ed tam naserv\u00edrovat pouze narativ, na kter\u00fd dost\u00e1vaj\u00ed spoustu ve\u0159ejn\u00fdch financ\u00ed, ale tak\u00e9 dary od s\u00edt\u00ed ur\u010dit\u00fdch miliard\u00e1\u0159\u016f.<\/span><\/p>\n<p><span>Soci\u00e1ln\u00ed s\u00edt\u011b jsou mimochodem pln\u00e9 protest\u016f lid\u00ed, kte\u0159\u00ed si samoz\u0159ejm\u011b prostudovali r\u016fzn\u00e9 teplotn\u00ed \u00fadaje ze \u0160pan\u011blska, aby zjistili: To v\u016fbec nen\u00ed pravda, v pr\u016fm\u011bru na jihu \u0160pan\u011blska je kolem 15 stup\u0148\u016f, co\u017e je na tu dobu roku zcela p\u0159im\u011b\u0159en\u00e9.<\/span><\/p>\n<p><span>Jak tedy mainstream vysv\u011btluje chlad v \u010c\u00edn\u011b? Na jedn\u00e9 stran\u011b je tamn\u00ed studen\u00e1 vlna samoz\u0159ejm\u011b tak\u00e9 d\u016fsledkem glob\u00e1ln\u00edho oteplov\u00e1n\u00ed a klimatick\u00fdch zm\u011bn zp\u016fsoben\u00fdch \u010dlov\u011bkem, ale na druh\u00e9 stran\u011b je to jen ot\u00e1zka po\u010das\u00ed, p\u0159i\u010dem\u017e jedn\u00edm nevysv\u011btlen\u00fdm vrcholem v Malaze je samoz\u0159ejm\u011b klima . Nezb\u00fdv\u00e1 ne\u017e se chytit za hlavu a z\u016fstat v\u011brn\u00fd z\u00e1sad\u011b:<strong> zpr\u00e1vy z mainstreamov\u00fdch m\u00e9di\u00ed je lep\u0161\u00ed nekonzumovat.<\/strong><\/span><\/p>\n<p><img decoding=\"async\" loading=\"lazy\" class=\"alignnone size-full wp-image-1185\" src=\"http:\/\/www.infokuryr.cz\/n\/wp-content\/uploads\/2021\/04\/kuryr-podpis.png\" alt=\"\" width=\"84\" height=\"24\" \/><\/p>\n<p>&nbsp;<\/p>\n<p>&nbsp;<\/p>\n","protected":false},"excerpt":{"rendered":"<p>Na konci roku 2023 se p\u0159\u00edroda nechce \u0159\u00eddit p\u0159\u00edkazy klimatick\u00fdch klaun\u016f. Zat\u00edmco jsou m\u00e9dia nucena&#8230;<\/p>\n","protected":false},"author":2,"featured_media":16448,"comment_status":"closed","ping_status":"closed","sticky":false,"template":"","format":"standard","meta":[],"categories":[7],"tags":[30,873,4256],"_links":{"self":[{"href":"https:\/\/www.infokuryr.cz\/n\/wp-json\/wp\/v2\/posts\/42755"}],"collection":[{"href":"https:\/\/www.infokuryr.cz\/n\/wp-json\/wp\/v2\/posts"}],"about":[{"href":"https:\/\/www.infokuryr.cz\/n\/wp-json\/wp\/v2\/types\/post"}],"author":[{"embeddable":true,"href":"https:\/\/www.infokuryr.cz\/n\/wp-json\/wp\/v2\/users\/2"}],"replies":[{"embeddable":true,"href":"https:\/\/www.infokuryr.cz\/n\/wp-json\/wp\/v2\/comments?post=42755"}],"version-history":[{"count":0,"href":"https:\/\/www.infokuryr.cz\/n\/wp-json\/wp\/v2\/posts\/42755\/revisions"}],"wp:featuredmedia":[{"embeddable":true,"href":"https:\/\/www.infokuryr.cz\/n\/wp-json\/wp\/v2\/media\/16448"}],"wp:attachment":[{"href":"https:\/\/www.infokuryr.cz\/n\/wp-json\/wp\/v2\/media?parent=42755"}],"wp:term":[{"taxonomy":"category","embeddable":true,"href":"https:\/\/www.infokuryr.cz\/n\/wp-json\/wp\/v2\/categories?post=42755"},{"taxonomy":"post_tag","embeddable":true,"href":"https:\/\/www.infokuryr.cz\/n\/wp-json\/wp\/v2\/tags?post=42755"}],"curies":[{"name":"wp","href":"https:\/\/api.w.org\/{rel}","templated":true}]}}