{"id":42753,"date":"2023-12-18T00:31:25","date_gmt":"2023-12-17T23:31:25","guid":{"rendered":"http:\/\/www.infokuryr.cz\/n\/?p=42753"},"modified":"2023-12-17T15:34:56","modified_gmt":"2023-12-17T14:34:56","slug":"podezreni-pravnika-specialni-ockovani-pro-nase-vlastni-zamestnance-kontaminovane-pro-lidi","status":"publish","type":"post","link":"https:\/\/www.infokuryr.cz\/n\/2023\/12\/18\/podezreni-pravnika-specialni-ockovani-pro-nase-vlastni-zamestnance-kontaminovane-pro-lidi\/","title":{"rendered":"Podez\u0159en\u00ed pr\u00e1vn\u00edka: speci\u00e1ln\u00ed o\u010dkov\u00e1n\u00ed pro na\u0161e vlastn\u00ed zam\u011bstnance, kontaminovan\u00e9 pro lidi"},"content":{"rendered":"<div id=\"fb-root\"><\/div>\n<p><strong>Na O\u010dkov\u00e1n\u00ed Process1 certifikovan\u00e9 pro schvalovac\u00ed proces bylo dostupn\u00e9 pouze zam\u011bstnanc\u016fm BioNTech a prodejn\u00edm partner\u016fm \u2013 \u0161irok\u00e1 ve\u0159ejnost obdr\u017eela vakc\u00ednu Process2, u kter\u00e9 existuje podez\u0159en\u00ed na kontaminaci bakteri\u00ed E.Coli, ciz\u00ed DNA a plazmidy. Skand\u00e1l se roz\u0161i\u0159uje \u2013 i kdy\u017e byl v mainstreamu zat\u00edm jen marginalizov\u00e1n.<\/strong><\/p>\n<p>Nejprve je t\u0159eba odpov\u011bd\u011bt na d\u016fle\u017eitou ot\u00e1zku: Pro\u010d je probl\u00e9m, kdy\u017e jsou \u201evakc\u00edny\u201c kontaminov\u00e1ny DNA a jin\u00fdmi l\u00e1tkami? Tato zvl\u00e1\u0161tn\u00ed slabost, o kter\u00e9 se mluv\u00ed od jara 2023 ve vakc\u00edn\u011b Covid-19 od Pfizer\/Biontech, ale tak\u00e9 od Moderny, m\u016f\u017ee v\u00e9st k rakovin\u011b.<\/p>\n<p><strong>M\u016f\u017eete citovat z americk\u00e9ho patentu\u00a0<a href=\"https:\/\/patents.google.com\/patent\/US10077439B2\/en\" target=\"_blank\" rel=\"noreferrer noopener\">US10077439B2<\/a>\u00a0od spole\u010dnosti Moderna:<\/strong><\/p>\n<p><em>DNA templ\u00e1t pou\u017e\u00edvan\u00fd v procesu v\u00fdroby mRNA mus\u00ed b\u00fdt odstran\u011bn, aby byla zaji\u0161t\u011bna terapeutick\u00e1 \u00fa\u010dinnost a bezpe\u010dnost, proto\u017ee zbytky DNA v l\u00e9\u010div\u00fdch p\u0159\u00edpravc\u00edch mohou vyvolat aktivaci vrozen\u00e9 imunitn\u00ed reakce a maj\u00ed potenci\u00e1l b\u00fdt RAKOVINOU P\u0158\u00cd\u010cINOU v populaci pacient\u016f.<\/em><\/p>\n<p>Nejen, \u017ee se v\u00ed, \u017ee zbytky DNA mohou b\u00fdt karcinogenn\u00ed, to bylo spole\u010dnosti Moderna zn\u00e1mo od za\u010d\u00e1tku \u2013 a pravd\u011bpodobn\u011b bude pova\u017eov\u00e1no za celoodv\u011btvov\u00fd z\u00e1klad pro ka\u017ed\u00e9ho, kdo se zab\u00fdv\u00e1 modRNA. Nem\u011blo by se zapom\u00ednat, \u017ee se jedn\u00e1 pouze o jeden z des\u00edtek mo\u017en\u00fdch \u0161kodliv\u00fdch \u00fa\u010dink\u016f takzvan\u00e9ho \u201eo\u010dkov\u00e1n\u00ed\u201c \u2013 ale ten, kter\u00fd lze nejl\u00e9pe prok\u00e1zat, proto\u017ee jej lze vysledovat a\u017e k hrub\u00e9 nedbalosti ve v\u00fdrobn\u00edm procesu. Hrub\u00e1 nedbalost otev\u00edr\u00e1 \u0159adu mo\u017enost\u00ed pro pr\u00e1vn\u00edky po cel\u00e9m sv\u011bt\u011b \u2013 a pravd\u011bpodobn\u011b tak\u00e9 podkope velkorys\u00e9 vylou\u010den\u00ed odpov\u011bdnosti v\u00fdrobc\u016f.<\/p>\n<p><strong>Pr\u00e1vn\u00edk Tobias Ulrich nyn\u00ed p\u00ed\u0161e\u00a0<a href=\"https:\/\/twitter.com\/AnwaltUlbrich\/status\/1733182413642023415\" target=\"_blank\" rel=\"noreferrer noopener\">na X (d\u0159\u00edve Twitter)<\/a>:<\/strong><\/p>\n<p><strong>\u201eProces1\u201c pro schvalovac\u00ed proces \u201eProces1\u201c pro zam\u011bstnance BioNTech a prodejn\u00ed partnery s pl\u00e1nem skl\u00e1d\u00e1n\u00ed BNT162b2.8 a \u201eProces2\u201c pro lidi z bakterinu E. coli, DNA, plasmid\u016f a dal\u0161\u00edho proteinu s pl\u00e1nem skl\u00e1d\u00e1n\u00ed BNT162b2.9<\/strong><\/p>\n<p><strong>V knize Ugura Sahina \u201eProject Lightspeed\u201c se na stran\u011b 234 p\u00ed\u0161e:<\/strong>\u00a0\u201eAle pot\u00e9, co BioNTech p\u0159edlo\u017eil 16. dubna Institutu Paula Ehrlicha uklid\u0148uj\u00edc\u00ed toxikologick\u00e1 data, \u00fa\u0159ad zjistil \u017ee ne v\u0161ichni kandid\u00e1ti na vakc\u00ednu Claudie Lindemann a Jana Diekmanna vybran\u00ed pro \u201eprvn\u00ed studii na lidech\u201c byli tak\u00e9 testov\u00e1ni na krys\u00e1ch. \u201eB2.9\u201c, kterou p\u0159idal Ugur na posledn\u00ed chv\u00edli, samoz\u0159ejm\u011b nemohl proj\u00edt toxikologickou studi\u00ed s hlodavci, kter\u00e1 za\u010dala ji\u017e v b\u0159eznu.\u201c (str. 234)<\/p>\n<p><a href=\"https:\/\/stranapro.cz\/\"><img decoding=\"async\" loading=\"lazy\" class=\"alignnone wp-image-40285 aligncenter\" src=\"http:\/\/www.infokuryr.cz\/n\/wp-content\/uploads\/2023\/11\/11pro-300x79.png\" alt=\"\" width=\"600\" height=\"158\" srcset=\"https:\/\/www.infokuryr.cz\/n\/wp-content\/uploads\/2023\/11\/11pro-300x79.png 300w, https:\/\/www.infokuryr.cz\/n\/wp-content\/uploads\/2023\/11\/11pro.png 363w\" sizes=\"(max-width: 600px) 100vw, 600px\" \/><\/a><\/p>\n<p>Pro vysv\u011btlen\u00ed BNT162\u00a0<strong>B.2.9<\/strong>\u00a0se tak\u00e9 ozna\u010duje jako V9 a BNT162\u00a0<strong>B2.8 &lt; \/ a&gt;<\/strong>\u00a0\u2013 Sen\u00e1tor Gerard Rennick. Sen\u00e1tor Gerard Rennick.\u00a0<a href=\"https:\/\/gerardrennick.com.au\/gain-of-function-research-in-australia-why-the-secrecy\">Pro\u010d to utajen\u00ed?<\/a>\u00a0Rennick, O.O.S.G. Rennick, O. O. S. G. (2023, 14. b\u0159ezna). V\u00fdzkum ziskovosti funkce v Austr\u00e1lii:\u00a0<em>\u201eVe studi\u00edch toxicity podle SLP byly testov\u00e1ny dv\u011b varianty kandid\u00e1ta BNT162b2, na kter\u00e9 se odkazuje jako \u201eVarianta 8\u201c a \u201eVarianta 9\u201c (V8 nebo V9). Varianty se li\u0161\u00ed pouze v sekvenc\u00edch pro optimalizaci kodon\u016f, kter\u00e9 jsou ur\u010deny ke zlep\u0161en\u00ed exprese antigenu.\u201c<\/em>se tak\u00e9 ozna\u010duje jako V8. J\u00e1dro studi\u00ed prob\u00edhalo s V8. V dokumentu FDA od spole\u010dnosti Pfizer se v n\u011bmeck\u00e9m p\u0159ekladu FDA-CBER-2021-5683-0651279 uv\u00e1d\u00ed:<\/p>\n<p>Vzhledem k tomu, \u017ee V9 je v\u00edce imunogenn\u00ed ne\u017e V8, m\u016f\u017ee to podle sen\u00e1tora Rennicka z Austr\u00e1lie spadat pod zisk funkce. B\u011bhem sly\u0161en\u00ed se zeptal z\u00e1stupc\u016f spole\u010dnosti Pfizer Inc.:\u00a0<em>\u201ePro\u010d jste redigovali tento odstavec v p\u016fvodn\u00edm dokumentu FOIA, kdy\u017e vezmete v \u00favahu, \u017ee tento dokument dokazuje, \u017ee vakc\u00edna je optimalizov\u00e1na se ziskem funkce. , kter\u00e1 zv\u00fd\u0161ila toxicitu vakc\u00edny zv\u00fd\u0161en\u00edm mno\u017estv\u00ed spike proteinu? [\u2026] Tato vakc\u00edna zvy\u0161uje expresi antigenu, vpravo, spike proteinu. Zvy\u0161uje mno\u017estv\u00ed b\u00edlkovin, kter\u00e9 vakc\u00edna produkuje ve srovn\u00e1n\u00ed s virem. B\u011b\u017en\u00e1 vakc\u00edna je obecn\u011b oslaben\u00e1 a nem\u00e1 vy\u0161\u0161\u00ed expresn\u00ed funkci. Tak\u017ee souhlas\u00edte s t\u00edm, \u017ee vakc\u00edna je roz\u0161\u00ed\u0159en\u00edm funk\u010dnosti?\u201c<\/em><\/p>\n<p>Tak\u017ee to byl n\u00e1pad nechat otestovat n\u011bco ne\u0161kodn\u011bj\u0161\u00edho a pak pozd\u011bji podstr\u010dit BNT162b2.9 populaci. Nic v tomto p\u0159\u00edstupu nenazna\u010duje, \u017ee by spole\u010dnosti Pfizer Inc. a BioNTech Manufacturing GmbH m\u011bly na mysli n\u011bco dobr\u00e9ho pro obyvatelstvo.<\/p>\n<p>P\u0159ed n\u011bkolika dny byli n\u011bkte\u0159\u00ed\u00a0<a href=\"https:\/\/twitter.com\/AnwaltUlbrich\/status\/1730322354390102514\" target=\"_blank\" rel=\"noreferrer noopener\">v m\u00e9m p\u0159\u00edsp\u011bvku pravd\u011bpodobn\u011b ohromeni\u00a0<\/a>, kdy\u017e bezpe\u010dnostn\u00ed list pro lipidy ALC0315 a ALC0159 uv\u00e1d\u011bl \u00farove\u0148 nebezpe\u010dnosti OEB3 byl prohl\u00e1\u0161en za \u201enebezpe\u010dn\u00fd\u201c. \u201c, ale v\u00fdrobce ud\u00e1v\u00e1 OEB5 od 1 mikrogramu pro celkovou vakc\u00ednu Comiernaty, tedy \u201evelmi vysok\u00fd toxick\u00fd potenci\u00e1l\u201c.<\/p>\n<p>Zd\u00e1 se tedy, \u017ee z\u00e1m\u011bry v\u016f\u010di obyvatelstvu zjevn\u011b poru\u0161uj\u00ed smysl pro povinnost v\u0161ech spravedliv\u011b a spravedliv\u011b sm\u00fd\u0161lej\u00edc\u00edch (\u00a7 826 BGB). Institut Paula Ehrlicha doprov\u00e1zel schvalovac\u00ed proces pro BioNTech Manufacturing GmbH. Nen\u00ed tedy divu, \u017ee pot\u00e9, co m\u00e1vnete rukou a opr\u00e1\u0161\u00edte v\u0161echny obavy, nem\u016f\u017eete j\u00edt k l\u00e9kov\u00e9mu regul\u00e1torovi a vyj\u00e1d\u0159it sv\u00e9 obavy.<\/p>\n<p>Koza zde byla nejprve vytvo\u0159ena z\u00e1m\u011brn\u011b, aby se pak mohla uplatnit jako zahradn\u00edk. Nen\u00ed divu, \u017ee ke v\u0161em t\u00e9mat\u016fm panuje naprost\u00e1 p\u0159edst\u00edran\u00e1 slepota, \u017ee technick\u00fd dozor spolkov\u00e9ho ministerstva zdravotnictv\u00ed se d\u00edv\u00e1 opa\u010dn\u011b a spolkov\u00e9ho ministra evidentn\u011b v\u016fbec neinformuje, tak\u017ee na dotaz poslanc\u016f opakuje nepravdiv\u00e1 fakta o v\u00fdrob\u011b pro populaci, o kter\u00e9 by jeho autorita m\u011bla v\u011bd\u011bt, \u017ee to, co \u0159ekl Lauterbach, nen\u00ed pravda, \u017ee plazmidy a DNA nehraj\u00ed p\u0159i produkci \u017e\u00e1dnou roli a \u017ee jde o mRNA, nikoli modRNA.<\/p>\n<p>V\u0161echno je podle m\u011b velmi zvl\u00e1\u0161tn\u00ed. Ugur Sahin se ve sv\u00e9m p\u0159ilo\u017een\u00e9m rozhovoru (viz video n\u00ed\u017ee) netaj\u00ed t\u00edm, \u017ee pro zam\u011bstnance a obchodn\u00ed partnery mimo v\u00fdrobu vytvo\u0159il n\u011bco jin\u00e9ho, \u200b\u200bco pak dostali jako \u201eo\u010dkov\u00e1n\u00ed\u201c mimo jak\u00e9koli testov\u00e1n\u00ed \u0161ar\u017e\u00ed. Tento po\u010din v\u00fdrobce tak\u00e9 vypov\u00edd\u00e1 o n\u011b\u010dem.<\/p>\n<p><em>Florian Machl<\/em><\/p>\n<figure class=\"wp-block-embed is-type-rich is-provider-twitter wp-block-embed-twitter\">\n<div class=\"wp-block-embed__wrapper\">\n<div class=\"twitter-tweet twitter-tweet-rendered\">\n<p><iframe id=\"twitter-widget-0\" class=\"\" title=\"X p\u0159\u00edsp\u011bvek\" src=\"https:\/\/platform.twitter.com\/embed\/Tweet.html?dnt=true&amp;embedId=twitter-widget-0&amp;features=eyJ0ZndfdGltZWxpbmVfbGlzdCI6eyJidWNrZXQiOltdLCJ2ZXJzaW9uIjpudWxsfSwidGZ3X2ZvbGxvd2VyX2NvdW50X3N1bnNldCI6eyJidWNrZXQiOnRydWUsInZlcnNpb24iOm51bGx9LCJ0ZndfdHdlZXRfZWRpdF9iYWNrZW5kIjp7ImJ1Y2tldCI6Im9uIiwidmVyc2lvbiI6bnVsbH0sInRmd19yZWZzcmNfc2Vzc2lvbiI6eyJidWNrZXQiOiJvbiIsInZlcnNpb24iOm51bGx9LCJ0ZndfZm9zbnJfc29mdF9pbnRlcnZlbnRpb25zX2VuYWJsZWQiOnsiYnVja2V0Ijoib24iLCJ2ZXJzaW9uIjpudWxsfSwidGZ3X21peGVkX21lZGlhXzE1ODk3Ijp7ImJ1Y2tldCI6InRyZWF0bWVudCIsInZlcnNpb24iOm51bGx9LCJ0ZndfZXhwZXJpbWVudHNfY29va2llX2V4cGlyYXRpb24iOnsiYnVja2V0IjoxMjA5NjAwLCJ2ZXJzaW9uIjpudWxsfSwidGZ3X3Nob3dfYmlyZHdhdGNoX3Bpdm90c19lbmFibGVkIjp7ImJ1Y2tldCI6Im9uIiwidmVyc2lvbiI6bnVsbH0sInRmd19kdXBsaWNhdGVfc2NyaWJlc190b19zZXR0aW5ncyI6eyJidWNrZXQiOiJvbiIsInZlcnNpb24iOm51bGx9LCJ0ZndfdXNlX3Byb2ZpbGVfaW1hZ2Vfc2hhcGVfZW5hYmxlZCI6eyJidWNrZXQiOiJvbiIsInZlcnNpb24iOm51bGx9LCJ0ZndfdmlkZW9faGxzX2R5bmFtaWNfbWFuaWZlc3RzXzE1MDgyIjp7ImJ1Y2tldCI6InRydWVfYml0cmF0ZSIsInZlcnNpb24iOm51bGx9LCJ0ZndfbGVnYWN5X3RpbWVsaW5lX3N1bnNldCI6eyJidWNrZXQiOnRydWUsInZlcnNpb24iOm51bGx9LCJ0ZndfdHdlZXRfZWRpdF9mcm9udGVuZCI6eyJidWNrZXQiOiJvbiIsInZlcnNpb24iOm51bGx9fQ%3D%3D&amp;frame=false&amp;hideCard=false&amp;hideThread=false&amp;id=1733182413642023415&amp;lang=cs&amp;origin=https%3A%2F%2Freport24.news%2Fverdacht-eines-anwalts-spezielle-impfungen-fuer-eigene-mitarbeiter-verunreinigte-fuer-das-volk%2F&amp;sessionId=592c7248758d1463fbf2f32cd673cac35f200305&amp;theme=light&amp;widgetsVersion=2615f7e52b7e0%3A1702314776716&amp;width=550px\" frameborder=\"0\" scrolling=\"no\" allowfullscreen=\"allowfullscreen\" data-tweet-id=\"1733182413642023415\" data-mce-fragment=\"1\"><\/iframe><\/p>\n<\/div>\n<\/div>\n<\/figure>\n","protected":false},"excerpt":{"rendered":"<p>Na O\u010dkov\u00e1n\u00ed Process1 certifikovan\u00e9 pro schvalovac\u00ed proces bylo dostupn\u00e9 pouze zam\u011bstnanc\u016fm BioNTech a prodejn\u00edm partner\u016fm&#8230;<\/p>\n","protected":false},"author":2,"featured_media":15695,"comment_status":"closed","ping_status":"closed","sticky":false,"template":"","format":"standard","meta":[],"categories":[7],"tags":[895,694,213,497,651],"_links":{"self":[{"href":"https:\/\/www.infokuryr.cz\/n\/wp-json\/wp\/v2\/posts\/42753"}],"collection":[{"href":"https:\/\/www.infokuryr.cz\/n\/wp-json\/wp\/v2\/posts"}],"about":[{"href":"https:\/\/www.infokuryr.cz\/n\/wp-json\/wp\/v2\/types\/post"}],"author":[{"embeddable":true,"href":"https:\/\/www.infokuryr.cz\/n\/wp-json\/wp\/v2\/users\/2"}],"replies":[{"embeddable":true,"href":"https:\/\/www.infokuryr.cz\/n\/wp-json\/wp\/v2\/comments?post=42753"}],"version-history":[{"count":1,"href":"https:\/\/www.infokuryr.cz\/n\/wp-json\/wp\/v2\/posts\/42753\/revisions"}],"predecessor-version":[{"id":42754,"href":"https:\/\/www.infokuryr.cz\/n\/wp-json\/wp\/v2\/posts\/42753\/revisions\/42754"}],"wp:featuredmedia":[{"embeddable":true,"href":"https:\/\/www.infokuryr.cz\/n\/wp-json\/wp\/v2\/media\/15695"}],"wp:attachment":[{"href":"https:\/\/www.infokuryr.cz\/n\/wp-json\/wp\/v2\/media?parent=42753"}],"wp:term":[{"taxonomy":"category","embeddable":true,"href":"https:\/\/www.infokuryr.cz\/n\/wp-json\/wp\/v2\/categories?post=42753"},{"taxonomy":"post_tag","embeddable":true,"href":"https:\/\/www.infokuryr.cz\/n\/wp-json\/wp\/v2\/tags?post=42753"}],"curies":[{"name":"wp","href":"https:\/\/api.w.org\/{rel}","templated":true}]}}