{"id":42752,"date":"2023-12-17T06:19:34","date_gmt":"2023-12-17T05:19:34","guid":{"rendered":"http:\/\/www.infokuryr.cz\/n\/?p=42752"},"modified":"2023-12-17T06:19:34","modified_gmt":"2023-12-17T05:19:34","slug":"ukrajinskym-vojakum-naridili-sebevrazednou-misi","status":"publish","type":"post","link":"https:\/\/www.infokuryr.cz\/n\/2023\/12\/17\/ukrajinskym-vojakum-naridili-sebevrazednou-misi\/","title":{"rendered":"Ukrajinsk\u00fdm voj\u00e1k\u016fm na\u0159\u00eddili \u201esebevra\u017eednou misi\u201c"},"content":{"rendered":"<div id=\"fb-root\"><\/div>\n<p><span style=\"font-size: 18pt;\"><strong>Vlny kyjevsk\u00fdch jednotek byly \u00fadajn\u011b pora\u017eeny p\u0159i \u201emarn\u00fdch\u201c pokusech p\u0159ekro\u010dit \u0159eku Dn\u011bpr v Chersonu<\/strong><\/span><\/p>\n<p><span>Ukrajin\u0161t\u00ed mari\u0148\u00e1ci jsou \u00fadajn\u011b frustrovan\u00ed kv\u016fli rozkaz\u016fm, kter\u00e9 dost\u00e1vaj\u00ed ke spu\u0161t\u011bn\u00ed vlny za vlnou sebevra\u017eedn\u00fdch \u00fatok\u016f p\u0159es \u0159eku Dn\u011bpr v ji\u017en\u00ed Chersonsk\u00e9 oblasti, co\u017e m\u00e1 za n\u00e1sledek t\u011b\u017ek\u00e9 ztr\u00e1ty, kter\u00e9 jsou v rozporu s fale\u0161n\u011b pozitivn\u00edmi tvrzen\u00edmi vl\u00e1dn\u00edch \u00fa\u0159edn\u00edk\u016f.<\/span><\/p>\n<p><span>Podm\u00ednky jsou tak obt\u00ed\u017en\u00e9 \u2013 a jsou tak v rozporu s optimistick\u00fdmi prohl\u00e1\u0161en\u00edmi prezidenta Vladimira Zelensk\u00e9ho a dal\u0161\u00edch ukrajinsk\u00fdch v\u016fdc\u016f \u2013 \u017ee p\u016fl tuctu mu\u017e\u016f zapojen\u00fdch do boj\u016f pod\u00e9l \u0159eky Dn\u011bpr souhlasilo s t\u00edm, \u017ee vypr\u00e1v\u00ed sv\u00e9 p\u0159\u00edb\u011bhy\u00a0<\/span><a href=\"https:\/\/www.nytimes.com\/2023\/12\/16\/world\/europe\/ukraine-kherson-river-russia.html\" target=\"_blank\" rel=\"noopener noreferrer\"><span>New York Times<\/span><\/a><span>.\u00a0<\/span><em><span>\u201eNen\u00ed to ani boj o p\u0159e\u017eit\u00ed,\u201c<\/span><\/em><span>\u00a0\u0159ekl jeden z voj\u00e1k\u016f v \u010dl\u00e1nku zve\u0159ejn\u011bn\u00e9m v sobotu.\u00a0<\/span><em><span>\u201eJe to sebevra\u017eedn\u00e1 mise.\u201c<\/span><\/em><\/p>\n<p><span>Noviny popsaly \u00fatoky p\u0159es \u0159eku jako\u00a0<\/span><em><span>\u201ebrut\u00e1ln\u00ed a marn\u00e9\u201c.<\/span><\/em><span>\u00a0Ukrajinsk\u00e9 jednotky jsou sr\u00e1\u017eeny na b\u0159ez\u00edch \u0159ek nebo v vody, je\u0161t\u011b ne\u017e se dostanou na druhou stranu. A\u010dkoli velitel\u00e9 odm\u00edtli v\u011bt\u0161inu \u017e\u00e1dost\u00ed m\u00e9di\u00ed o n\u00e1v\u0161t\u011bvu voj\u00e1k\u016f v regionu, z\u00e1b\u011bry z dron\u016f z oblasti ov\u011b\u0159ily \u00fa\u010dty voj\u00e1k\u016f, kte\u0159\u00ed byli dotazov\u00e1ni, uvedla americk\u00e1 m\u00e9dia.<\/span><\/p>\n<p><span>Rusk\u00e9 n\u00e1lety prom\u011bnily b\u0159eh \u0159eky v\u00a0<\/span><em><span>\u201ehromadu bahna a rozt\u0159\u00ed\u0161t\u011bn\u00fdch strom\u016f,\u201c<\/span><\/em><span>\u00a0uvedl NYT. Jeden z voj\u00e1k\u016f \u0159ekl, \u017ee \u010derstv\u00e9 jednotky p\u0159ij\u00ed\u017ed\u011bj\u00edc\u00ed na v\u00fdchodn\u00ed b\u0159eh mus\u00ed p\u0159ekro\u010dit t\u011bla mrtv\u00fdch mari\u0148\u00e1k\u016f zamotan\u00fdch v bahn\u011b. N\u011bkter\u00e1 t\u011bla tam byla ponech\u00e1na cel\u00e9 m\u011bs\u00edce, proto\u017ee ost\u0159elov\u00e1n\u00ed je p\u0159\u00edli\u0161 intenzivn\u00ed na to, aby je bylo mo\u017en\u00e9 z\u00edskat zp\u011bt.<\/span><\/p>\n<p><a href=\"https:\/\/stranapro.cz\/\"><img decoding=\"async\" loading=\"lazy\" class=\"alignnone  wp-image-40285 aligncenter\" src=\"http:\/\/www.infokuryr.cz\/n\/wp-content\/uploads\/2023\/11\/11pro-300x79.png\" alt=\"\" width=\"592\" height=\"156\" srcset=\"https:\/\/www.infokuryr.cz\/n\/wp-content\/uploads\/2023\/11\/11pro-300x79.png 300w, https:\/\/www.infokuryr.cz\/n\/wp-content\/uploads\/2023\/11\/11pro.png 363w\" sizes=\"(max-width: 592px) 100vw, 592px\" \/><\/a><\/p>\n<p><em><span>&#8222;Lid\u00e9, kte\u0159\u00ed tam skon\u010d\u00ed, nejsou psychicky p\u0159ipraveni,&#8220;<\/span><\/em><span>\u00a0\u0159ekl voj\u00e1k.\u00a0<\/span><em><span>\u201eAni nech\u00e1pou, kam jdou. Velen\u00ed, kter\u00e9 je tam pos\u00edl\u00e1, jim to ne\u0159\u00edk\u00e1.\u201c<\/span><\/em><span>\u00a0Dodal, \u017ee v jin\u00fdch zu\u0159iv\u00fdch bitv\u00e1ch Ukrajiny, v\u010detn\u011b lo\u0148sk\u00fdch boj\u016f v Ar\u0165omovsku (na Ukrajin\u011b naz\u00fdvan\u00e9m Bakhmut, nevid\u011bl nic tak zni\u010duj\u00edc\u00edho). ).\u00a0<\/span><em><span>\u201eJe to tak zbyte\u010dn\u00e9.\u201c<\/span><\/em><\/p>\n<p><span>Mari\u0148\u00e1ci vyj\u00e1d\u0159ili frustraci nad t\u00edm, \u017ee ve\u0159ejnosti byly hl\u00e1\u0161eny pouze optimistick\u00e9 zpr\u00e1vy o ukrajinsk\u00e9 protiofenz\u00edv\u011b. Zelenskyj nap\u0159\u00edklad tvrdil, \u017ee kyjevsk\u00e9 s\u00edly z\u00edskaly oporu na lev\u00e9m b\u0159ehu \u0159eky.\u00a0<\/span><em><span>\u201eNeexistuje nic takov\u00e9ho jako pozorovac\u00ed stanovi\u0161t\u011b nebo pozice,\u201c<\/span><\/em><span>\u00a0\u0159ekl jeden voj\u00e1k.\u00a0<\/span><em><span>\u201eNen\u00ed mo\u017en\u00e9 se tam prosadit. Nen\u00ed mo\u017en\u00e9 tam p\u0159esunout vybaven\u00ed.\u201c<\/span><\/em><\/p>\n<p><span>Rusk\u00fd prezident Vladimir Putin ve \u010dtvrtek \u0159ekl, \u017ee ukrajin\u0161t\u00ed v\u016fdci v podstat\u011b pos\u00edlaj\u00ed sv\u00e9 jednotky, aby byly\u00a0<\/span><em><span>\u201evyhubeny\u201c<\/span><\/em><span>, kdy\u017e se pokou\u0161eli postupovat sm\u011brem k mal\u00e9 p\u0159edmost\u00ed na Rusy kontrolovan\u00e9 stran\u011b \u0159eky. \u0158ekl, \u017ee Zelensk\u00e9ho re\u017eim je po ne\u00fasp\u011b\u0161n\u00e9 letn\u00ed protiofenz\u00edv\u011b zoufal\u00fd a pos\u00edl\u00e1 sv\u00e9 voj\u00e1ky do\u00a0<\/span><em><span>\u201evra\u017eedn\u00e9ho pole\u201c<\/span><\/em><span>\u00a0pod\u00e9l Dn\u011bpru.<\/span><\/p>\n<p><span>Ukrajinsk\u00e9 s\u00edly utrp\u011bly od \u010dervna, kdy za\u010dala jejich protiofenz\u00edva, v\u00edce ne\u017e 125 000 ob\u011bt\u00ed, uv\u00e1d\u00ed rusk\u00e9 ministerstvo obrany. Zelenskyj se pokusil vykreslit\u00a0<\/span><a href=\"https:\/\/swentr.site\/russia\/589001-zelensky-ukraine-biden-successes\/\"><span>r\u016f\u017eov\u00fd obr\u00e1zek<\/span><\/a><span>\u00a0v\u00fdsledk\u016f ukrajinsk\u00e9ho boji\u0161t\u011b, kdy\u017e cestuje po sv\u011bt\u011b a hled\u00e1 dal\u0161\u00ed vojenskou a ekonomickou pomoc. Velk\u00e9 bal\u00ed\u010dky pomoci z USA a EU se v posledn\u00edch t\u00fddnech zastavily kv\u016fli s\u00edl\u00edc\u00edmu odporu ve\u0159ejnosti.<\/span><\/p>\n<p><img decoding=\"async\" loading=\"lazy\" class=\"alignnone size-full wp-image-1185\" src=\"http:\/\/www.infokuryr.cz\/n\/wp-content\/uploads\/2021\/04\/kuryr-podpis.png\" alt=\"\" width=\"84\" height=\"24\" \/><\/p>\n<p>&nbsp;<\/p>\n<p>&nbsp;<\/p>\n","protected":false},"excerpt":{"rendered":"<p>Vlny kyjevsk\u00fdch jednotek byly \u00fadajn\u011b pora\u017eeny p\u0159i \u201emarn\u00fdch\u201c pokusech p\u0159ekro\u010dit \u0159eku Dn\u011bpr v Chersonu Ukrajin\u0161t\u00ed&#8230;<\/p>\n","protected":false},"author":2,"featured_media":11111,"comment_status":"closed","ping_status":"closed","sticky":false,"template":"","format":"standard","meta":[],"categories":[7],"tags":[871,26,523,321,2369],"_links":{"self":[{"href":"https:\/\/www.infokuryr.cz\/n\/wp-json\/wp\/v2\/posts\/42752"}],"collection":[{"href":"https:\/\/www.infokuryr.cz\/n\/wp-json\/wp\/v2\/posts"}],"about":[{"href":"https:\/\/www.infokuryr.cz\/n\/wp-json\/wp\/v2\/types\/post"}],"author":[{"embeddable":true,"href":"https:\/\/www.infokuryr.cz\/n\/wp-json\/wp\/v2\/users\/2"}],"replies":[{"embeddable":true,"href":"https:\/\/www.infokuryr.cz\/n\/wp-json\/wp\/v2\/comments?post=42752"}],"version-history":[{"count":0,"href":"https:\/\/www.infokuryr.cz\/n\/wp-json\/wp\/v2\/posts\/42752\/revisions"}],"wp:featuredmedia":[{"embeddable":true,"href":"https:\/\/www.infokuryr.cz\/n\/wp-json\/wp\/v2\/media\/11111"}],"wp:attachment":[{"href":"https:\/\/www.infokuryr.cz\/n\/wp-json\/wp\/v2\/media?parent=42752"}],"wp:term":[{"taxonomy":"category","embeddable":true,"href":"https:\/\/www.infokuryr.cz\/n\/wp-json\/wp\/v2\/categories?post=42752"},{"taxonomy":"post_tag","embeddable":true,"href":"https:\/\/www.infokuryr.cz\/n\/wp-json\/wp\/v2\/tags?post=42752"}],"curies":[{"name":"wp","href":"https:\/\/api.w.org\/{rel}","templated":true}]}}