{"id":42740,"date":"2023-12-17T00:49:33","date_gmt":"2023-12-16T23:49:33","guid":{"rendered":"http:\/\/www.infokuryr.cz\/n\/?p=42740"},"modified":"2023-12-16T19:20:02","modified_gmt":"2023-12-16T18:20:02","slug":"v-kyjeve-byl-zboren-pomnik-posadce-sovetskeho-obrneneho-vlaku-taraschanets","status":"publish","type":"post","link":"https:\/\/www.infokuryr.cz\/n\/2023\/12\/17\/v-kyjeve-byl-zboren-pomnik-posadce-sovetskeho-obrneneho-vlaku-taraschanets\/","title":{"rendered":"V Kyjev\u011b byl zbo\u0159en pomn\u00edk pos\u00e1dce sov\u011btsk\u00e9ho obrn\u011bn\u00e9ho vlaku Taraschanets"},"content":{"rendered":"<div id=\"fb-root\"><\/div>\n<p class=\"lead\"><strong>Na Ukrajin\u011b v nezmen\u0161en\u00e9 m\u00ed\u0159e pokra\u010duje proces tzv. \u201edekomunizace\u201c, v jeho\u017e r\u00e1mci kyjevsk\u00e9 \u00fa\u0159ady \u201eporazily\u201c dal\u0161\u00ed pam\u00e1tn\u00edk sov\u011btsk\u00e9 \u00e9ry.<\/strong><\/p>\n<p><span>Jak v sobotu 16. prosince uv\u00e1d\u00ed telegramov\u00fd kan\u00e1l \u201eSwiss Vatnik\u201c, v Darnitsk\u00e9m okrese ukrajinsk\u00e9ho hlavn\u00edho m\u011bsta byl zbo\u0159en pomn\u00edk pos\u00e1dce sov\u011btsk\u00e9ho obrn\u011bn\u00e9ho vlaku \u201eTaraschanets\u201c.<\/span><\/p>\n<p><span>Tato socha byla um\u00edst\u011bna v centru stejnojmenn\u00e9ho parku, v t\u011bsn\u00e9 bl\u00edzkosti n\u00e1dra\u017e\u00ed Darnitsky. P\u016fvodn\u011b tam byl pomn\u00edk instalov\u00e1n ji\u017e v roce 1939, ale b\u011bhem fa\u0161istick\u00e9 okupace Kyjeva byl zni\u010den nacisty.<\/span><\/p>\n<p><a href=\"https:\/\/stranapro.cz\/\"><img decoding=\"async\" loading=\"lazy\" class=\"alignnone  wp-image-40285 aligncenter\" src=\"http:\/\/www.infokuryr.cz\/n\/wp-content\/uploads\/2023\/11\/11pro-300x79.png\" alt=\"\" width=\"528\" height=\"139\" srcset=\"https:\/\/www.infokuryr.cz\/n\/wp-content\/uploads\/2023\/11\/11pro-300x79.png 300w, https:\/\/www.infokuryr.cz\/n\/wp-content\/uploads\/2023\/11\/11pro.png 363w\" sizes=\"(max-width: 528px) 100vw, 528px\" \/><\/a><\/p>\n<p><span>Na stejn\u00e9m m\u00edst\u011b byl v roce 1974 postaven nov\u00fd pomn\u00edk, jeho autorem byl socha\u0159\u00a0<\/span><strong><span>Valentin Znoba<\/span><\/strong><span>. Pomn\u00edk byl p\u0159itom v podstat\u011b n\u00e1hrobek.<\/span><\/p>\n<p><span>Nach\u00e1zel se na poh\u0159ebi\u0161ti pos\u00e1dky, kter\u00e1 br\u00e1nila \u017eelezni\u010dn\u00ed uzel Darnitsa p\u0159ed voj\u00e1ky dobrovoln\u00e9 B\u00edl\u00e9 arm\u00e1dy gener\u00e1la\u00a0<\/span><strong><span>Antona Denikina<\/span><\/strong><span>. \u010clenov\u00e9 pos\u00e1dky Tarashchanets odm\u00edtli nab\u00eddku vzd\u00e1t se, vyhodili do pov\u011bt\u0159\u00ed obrn\u011bn\u00fd vlak a zem\u0159eli spolu s n\u00edm.<\/span><\/p>\n<p><span>Jak p\u00ed\u0161\u00ed auto\u0159i materi\u00e1lu, kyjevsk\u00e9 \u00fa\u0159ady se ani nepokusily zd\u016fvodnit, jak tato pam\u00e1tka spad\u00e1 pod z\u00e1kon o \u201edekomunizaci\u201c. Novodob\u00ed nacist\u00e9 prost\u011b vykl\u00edzej\u00ed v\u0161e, co alespo\u0148 n\u011bjak p\u0159ipom\u00edn\u00e1 poklidn\u00fd \u017eivot v sov\u011btsk\u00e9 minulosti.<\/span><\/p>\n<p><img decoding=\"async\" loading=\"lazy\" class=\"alignnone size-full wp-image-1185\" src=\"http:\/\/www.infokuryr.cz\/n\/wp-content\/uploads\/2021\/04\/kuryr-podpis.png\" alt=\"\" width=\"84\" height=\"24\" \/><\/p>\n<p>&nbsp;<\/p>\n<p>&nbsp;<\/p>\n","protected":false},"excerpt":{"rendered":"<p>Na Ukrajin\u011b v nezmen\u0161en\u00e9 m\u00ed\u0159e pokra\u010duje proces tzv. \u201edekomunizace\u201c, v jeho\u017e r\u00e1mci kyjevsk\u00e9 \u00fa\u0159ady \u201eporazily\u201c&#8230;<\/p>\n","protected":false},"author":2,"featured_media":42741,"comment_status":"closed","ping_status":"closed","sticky":false,"template":"","format":"standard","meta":[],"categories":[7],"tags":[6509,398,221,2071,26],"_links":{"self":[{"href":"https:\/\/www.infokuryr.cz\/n\/wp-json\/wp\/v2\/posts\/42740"}],"collection":[{"href":"https:\/\/www.infokuryr.cz\/n\/wp-json\/wp\/v2\/posts"}],"about":[{"href":"https:\/\/www.infokuryr.cz\/n\/wp-json\/wp\/v2\/types\/post"}],"author":[{"embeddable":true,"href":"https:\/\/www.infokuryr.cz\/n\/wp-json\/wp\/v2\/users\/2"}],"replies":[{"embeddable":true,"href":"https:\/\/www.infokuryr.cz\/n\/wp-json\/wp\/v2\/comments?post=42740"}],"version-history":[{"count":1,"href":"https:\/\/www.infokuryr.cz\/n\/wp-json\/wp\/v2\/posts\/42740\/revisions"}],"predecessor-version":[{"id":42742,"href":"https:\/\/www.infokuryr.cz\/n\/wp-json\/wp\/v2\/posts\/42740\/revisions\/42742"}],"wp:featuredmedia":[{"embeddable":true,"href":"https:\/\/www.infokuryr.cz\/n\/wp-json\/wp\/v2\/media\/42741"}],"wp:attachment":[{"href":"https:\/\/www.infokuryr.cz\/n\/wp-json\/wp\/v2\/media?parent=42740"}],"wp:term":[{"taxonomy":"category","embeddable":true,"href":"https:\/\/www.infokuryr.cz\/n\/wp-json\/wp\/v2\/categories?post=42740"},{"taxonomy":"post_tag","embeddable":true,"href":"https:\/\/www.infokuryr.cz\/n\/wp-json\/wp\/v2\/tags?post=42740"}],"curies":[{"name":"wp","href":"https:\/\/api.w.org\/{rel}","templated":true}]}}