{"id":4269,"date":"2021-08-23T03:47:15","date_gmt":"2021-08-23T01:47:15","guid":{"rendered":"http:\/\/www.infokuryr.cz\/n\/?p=4269"},"modified":"2021-08-23T03:55:13","modified_gmt":"2021-08-23T01:55:13","slug":"zase-ta-snaha-utvaret-udalosti-k-obrazu-svemu-aneb-mic-je-na-strane-cikanskeho-etnika","status":"publish","type":"post","link":"https:\/\/www.infokuryr.cz\/n\/2021\/08\/23\/zase-ta-snaha-utvaret-udalosti-k-obrazu-svemu-aneb-mic-je-na-strane-cikanskeho-etnika\/","title":{"rendered":"Zase ta snaha utv\u00e1\u0159et ud\u00e1losti k obrazu sv\u00e9mu. Aneb, m\u00ed\u010d je na stran\u011b cik\u00e1nsk\u00e9ho etnika!"},"content":{"rendered":"<div id=\"fb-root\"><\/div>\n<p>V souvislosti s pietn\u00edm shrom\u00e1\u017ed\u011bn\u00edm k 78. v\u00fdro\u010d\u00ed vypraven\u00ed transportu dev\u00edti stovek moravsk\u00fdch \u201eRom\u016f\u201c a \u201eSint\u016f\u201c do vyhlazovac\u00edho t\u00e1bora Auschwitz II &#8211; Birkenau, kter\u00e9 se konalo v Pam\u00e1tn\u00edku tzv. cik\u00e1nsk\u00e9ho pracovn\u00edho t\u00e1bora Hodon\u00edn u Kun\u0161t\u00e1tu se mj. \u00fa\u010dastnila tak\u00e9 \u0159editelka Muzea romsk\u00e9 kultury (MRK) pan\u00ed Jana Horv\u00e1thov\u00e1.<\/p>\n<p>Ta ve sv\u00e9m vystoupen\u00ed mj. tak\u00e9\u00a0 p\u0159ipomn\u011bla po\u010dty ob\u011bt\u00ed\u00a0 a h\u0159bitovy, ve kter\u00e9m je pochov\u00e1na jen mal\u00e1 \u010d\u00e1st t\u011bchto ob\u011bt\u00ed, p\u0159i\u010dem\u017e v\u011bt\u0161ina z 849 ob\u011bt\u00ed skon\u010dila pr\u00e1v\u011b ve zm\u00edn\u011bn\u00edm t\u00e1bo\u0159e Auschwitz II \u2013 Birkenau.\u00a0 Tolik velmi stru\u010dn\u011b k pietn\u00edmu shrom\u00e1\u017ed\u011bn\u00ed, nicm\u00e9n\u011b nen\u00ed od v\u011bci zm\u00ednit jist\u00e9 z\u00e1sadn\u00ed nep\u0159esnosti.<\/p>\n<p>P\u0159edev\u0161\u00edm, jak je v \u00favodu zm\u00edn\u011bno, pietn\u00ed shrom\u00e1\u017ed\u011bn\u00ed se konalo v Pam\u00e1tn\u00edku\u00a0 \u201etzv.\u201c cik\u00e1nsk\u00e9ho pracovn\u00edho t\u00e1bora\u00a0 Hodon\u00edn u Kun\u0161t\u00e1tu, \u010d\u00edm\u017e bylo p\u0159ipomenuto 78. v\u00fdro\u010d\u00ed vypraven\u00ed transportu dev\u00edti stovek moravsk\u00fdch \u201eRom\u016f\u201c a \u201eSint\u016f\u201c do t\u00e1bora v Auschwitz II \u2013 Birkenau. Zde je nutno upozornit nep\u0159esnosti, nebo\u0165 je zde uvedeno, \u017ee shrom\u00e1\u017ed\u011bn\u00ed se konalo v \u201etzv.\u201c cik\u00e1nsk\u00e9m pracovn\u00edm t\u00e1bo\u0159e, kde se cik\u00e1nsk\u00e1 entita p\u0159ipom\u00edn\u00e1 jen jako \u201etak zvan\u00e1\u201c, nicm\u00e9n\u011b ze stejn\u00e9ho t\u00e1bora byl tak\u00e9 vypraven transport dev\u00edti stovek nikoliv Cik\u00e1n\u016f, ale Rom\u016f a Sint\u016f, co\u017e si zna\u010dn\u011b odporuje v logice, nemluv\u011b o tom, \u017ee to neodpov\u00edd\u00e1 realit\u011b t\u00e9 doby.<\/p>\n<p>V tu dobu toti\u017e neexistovalo pro ob\u010dany t\u00e9to komunity jin\u00e9 ofici\u00e1ln\u00ed pojmenovan\u00ed \u010di etnick\u00fd n\u00e1zev, ne\u017e Cik\u00e1ni, o \u010dem\u017e sv\u011bd\u010d\u00ed nem\u00e1lo p\u00edsemn\u00fdch \u00fa\u0159edn\u00edch z\u00e1znam\u016f a dokument\u016f z t\u00e9 doby. P\u0159esn\u011bji \u0159e\u010deno, zm\u00edn\u011bn\u00fdch dev\u011bt set Rom\u016f a Sint\u016f neodpov\u00edd\u00e1 realit\u011b\u00a0 t\u00e9 doby, proto\u017ee \u0161lo o prost\u00e9 Cik\u00e1ny jako takov\u00e9. Je zde tedy evidentn\u00ed snaha n\u011bkter\u00e9 skute\u010dnosti stran tohoto etnika uv\u00e1d\u011bt tzv. k obrazu sv\u00e9mu, nebo\u0165 pojmenov\u00e1n\u00ed tohoto etnika jinak ne\u017e jako \u201eCik\u00e1ni\u201c se v tu dobu nepou\u017e\u00edvalo. Toto pojmenov\u00e1n\u00ed toti\u017e p\u0159i\u0161lo (\u00fa\u010delov\u011b) a\u017e s obdob\u00edm n\u00e1stupu tzv. demokracie a prosazov\u00e1n\u00ed lidsk\u00fdch pr\u00e1v a svobod apod., po roce 1989!<\/p>\n<p>Horv\u00e1thov\u00e1 tak\u00e9 upozornila, \u017ee velk\u00e1 \u010d\u00e1st ve\u0159ejnosti v \u010cR je pr\u00fd ovlivn\u011bna st\u00e1le se opakuj\u00edc\u00edm nem\u011bnn\u00fdm n\u00e1hledem na Romy a na minulost, kterou byli nuceni za v\u00e1lky pro\u017e\u00edt. Jejich genocida je podle Horv\u00e1thov\u00e9 upoza\u010fov\u00e1na, pojem holokaust je uplat\u0148ov\u00e1n pouze u \u017did\u016f. Tak\u017ee, \u0159editelka MRK m\u00e1 skute\u010dn\u011b pravdu v tom, \u017ee velk\u00e1 \u010d\u00e1st ve\u0159ejnosti v \u010cR je (a nutno poznamenat opr\u00e1vn\u011bn\u011b)\u00a0 st\u00e1le ovlivn\u011bna\u00a0 opakuj\u00edc\u00edm se nem\u011bnn\u00fdm n\u00e1hledem na Romy a jejich minulost. D\u016fvod?Je to proto, \u017ee v\u011bt\u0161ina ob\u010dan\u016f tohoto etnika, jemu\u017e se z jist\u00fdch a mo\u017eno \u0159\u00edct z nepochopiteln\u00fdch d\u016fvod\u016f za\u010dalo po listopadu 89 \u0159\u00edkat Romov\u00e9, resp. Sintov\u00e9 ( faktick\u00e1 pozn\u00e1mka: Cik\u00e1ni jako takov\u00ed dnes tak\u00e9 existuj\u00ed v mnoha evropsk\u00fdch st\u00e1tech, nap\u0159. Francii, \u0160pan\u011blsku, It\u00e1lii, Rusku a jinde a p\u0159esto nejsou naz\u00fdv\u00e1n\u00ed jako Romov\u00e9! Pro\u010d asi?<\/p>\n<p>Aprop\u00f3, nen\u00ed v\u00fdjimkou, \u017ee \u0159ada Cik\u00e1n\u016f jsou na sv\u00e9 pojmenov\u00e1n\u00ed \u201eCik\u00e1n\u201c hrd\u00ed) se bohu\u017eel z velk\u00e9 \u010d\u00e1sti dosud nep\u0159izp\u016fsobila \u017eivotu, pr\u00e1ci a z\u00e1konn\u00fdm povinnostem v\u011bt\u0161iny pracuj\u00edch , pr\u00e1v a povinnost\u00ed respektuj\u00edc\u00edch spoluob\u010dan\u016f \u010cR! Zmi\u0148uje-li pan\u00ed Horv\u00e1thov\u00e1 minulost tohoto etnika v dob\u011b v\u00e1lky, pak to bylo zase p\u0159edev\u0161\u00edm ze stejn\u00fdch d\u016fvod\u016f, tedy jejich nekal\u00e9ho zp\u016fsobu \u017eivota, zp\u016fsobu ob\u017eivy, p\u00e1ch\u00e1n\u00ed trestn\u00e9 \u010dinnosti atd.\u00a0 Na druh\u00e9 stran\u011b je v\u0161ak tak\u00e9 nutn\u00e9 zm\u00ednit, \u017ee za v\u00e1lky netrp\u011bli jen Cik\u00e1ni, ale tak\u00e9 mnoz\u00ed jin\u00ed, mnohdy nevinn\u00ed ob\u010dan\u00e9 \u010ceskoslovenska, ale ze zcela jin\u00fdch (politick\u00fdch) d\u016fvod\u016f. Tak\u017ee vyd\u00e1vat najevo utrpen\u00ed cik\u00e1nsk\u00e9ho etnika na \u00fakor \u010desk\u00fdch (p\u0159\u00edpadn\u011b jin\u00fdch ciz\u00edch) ob\u010dan\u016f (a ob\u011bt\u00ed) lze pova\u017eovat rovn\u011b\u017e za neetick\u00e9.<\/p>\n<p>Na druh\u00e9 stran\u011b nelze souhlasit s t\u00edm, \u017ee by pojem holokaust byl uplat\u0148ov\u00e1n jen u \u017did\u016f. Pokud se tomu tak d\u011bje, pak to nen\u00ed v\u011bt\u0161inov\u00fd n\u00e1zor ob\u010dan\u016f, ale n\u00e1zor jist\u00fdch kruh\u016f \u010di lid\u00ed, kte\u0159\u00ed k ot\u00e1zce \u017eidovsk\u00e9ho holocaustu a v\u016fbec \u017eidovsk\u00e9 ot\u00e1zce zauj\u00edmaj\u00ed sv\u016fj specifick\u00fd, osobn\u00ed n\u00e1zor. Pova\u017eovat to za v\u011bt\u0161inov\u00fd trend je naprosto nepat\u0159i\u010dn\u00e9.<\/p>\n<p>Je\u0161t\u011b pokud jde o n\u00e1zev \u010di pojmenov\u00e1v\u00e1n\u00ed cik\u00e1nsk\u00e9ho etnika nutno konstatovat, \u017ee projevy jist\u00e9ho nem\u011bnn\u00e9ho n\u00e1hledu na toto etnikum je mj. i v p\u0159\u00edm\u00e9 souvislosti\u00a0 s nepochopiteln\u00fdm \u201ep\u0159eona\u010den\u00edm\u201c Cik\u00e1n\u016f na Romy (event. Sinty), co\u017e ve\u0159ejnost p\u0159ijala (a akceptuje) velmi nelib\u011b a pova\u017euje to za vylo\u017een\u011b \u00fa\u010delov\u00e9. Zm\u011bnou n\u00e1zvu tohoto etnika z Cik\u00e1n\u016f na Romy se v podstat\u011b nic efektivn\u00edho \u010di pozitivn\u00edho (snad a\u017e na vz\u00e1cn\u00e9 v\u00fdjimky) nep\u0159ineslo!<\/p>\n<p>Sp\u00ed\u0161e naopak, nebo\u0165 z hlediska\u00a0 existence jist\u00fdch demokratick\u00fdch princip\u016f, lidsk\u00fdch pr\u00e1v a svobod se jejich postaven\u00ed zlep\u0161ilo jen form\u00e1ln\u011b, nikoliv v\u0161ak fakticky. Toho jist\u00ed lid\u00e9 vyu\u017e\u00edvaj\u00ed ke sv\u00fdm nejen osobn\u00edm,\u00a0 ale i politick\u00fdm a ekonomick\u00fdm c\u00edl\u016fm. Je to stejn\u00e9, jako se ve sv\u011bt\u011b sna\u017e\u00ed jist\u00ed lid\u00e9 prosazovat, ne-li p\u0159\u00edmo zakazovat pou\u017e\u00edv\u00e1n\u00ed v\u0161eho, co ve sv\u00e9m v\u00fdznamu obn\u00e1\u0161\u00ed slovo \u010dern\u00fd, \u010dern\u00e1, \u010dern\u00e9, nap\u0159. nenaz\u00fdvat lidi tmav\u00e9 pleti \u201e\u010dernochy-\u010derno\u0161ky\u201c,\u00a0 ale jako lidi \u201ejin\u00e9\u201c barvy pleti, resp. v USA jako \u201eafroameri\u010dany\u201c!<\/p>\n<p>T\u011bchto n\u011bkolik v\u011bcn\u00fdch a faktick\u00fdch\u00a0 pozn\u00e1mek \u010di p\u0159ipom\u00ednek<strong>\u00a0budi\u017e ch\u00e1pano nikoli v duchu rasismu, diskriminace, xenofobie, up\u00edr\u00e1n\u00ed pr\u00e1v etnick\u00e9 men\u0161in\u011b,<\/strong>\u00a0ale jako re\u00e1ln\u00e1 snaha uv\u00e1d\u011bt v\u011bci a skute\u010dnosti v duchu (bohu\u017eel profl\u00e1knut\u00e9ho) Havlova sloganu: \u201ePravda a l\u00e1ska zv\u00edt\u011bz\u00ed\u201c. Bude-li v\u0161ak p\u0159etrv\u00e1vat snaha o zkreslov\u00e1n\u00ed \u010di p\u0159ekrucov\u00e1n\u00ed skute\u010dnost\u00ed jen proto, \u017ee se to n\u011bkomu hod\u00ed do kr\u00e1mu navzdory tomu, \u017ee se situace s existenc\u00ed tohoto etnika od r.1989 z\u00e1sadn\u011b nezm\u011bnila, bude-li skute\u010dn\u00e1 pravda o tomto etniku nad\u00e1le potla\u010dov\u00e1na, promptn\u011b odsuzov\u00e1na a pova\u017eov\u00e1na za nep\u0159ijatelnou, pak bude cik\u00e1nsk\u00e9 etnikum nad\u00e1le pova\u017eov\u00e1no za nep\u0159izp\u016fsobiv\u00e9 s p\u0159etrv\u00e1vaj\u00edc\u00ed tendec\u00ed p\u0159\u00ed\u017eivnictv\u00ed, zneu\u017e\u00edv\u00e1n\u00ed tzv. \u201eromsk\u00e9, resp. soci\u00e1ln\u00ed ot\u00e1zky a lidsk\u00fdch pr\u00e1v\u201c na \u00fakor v\u011bt\u0161inov\u00e9 \u010d\u00e1sti ob\u010dansk\u00e9 ve\u0159ejnosti.<\/p>\n<p>V takov\u00e9m p\u0159\u00edpad\u011b se n\u00e1hled a n\u00e1zory v\u011bt\u0161inov\u00e9 \u010d\u00e1sti \u010desk\u00e9 ve\u0159ejnosti na toto etnikum je\u0161t\u011b dl\u00f3uho nezm\u011bn\u00ed! Lidov\u011b \u0159e\u010deno:\u00a0<strong>m\u00ed\u010d je na stran\u011b cik\u00e1nsk\u00e9ho etnika<\/strong>!<\/p>\n<p>Ji\u0159\u00ed Ba\u0165a<\/p>\n<p><img decoding=\"async\" loading=\"lazy\" class=\"alignnone wp-image-1539\" src=\"http:\/\/www.infokuryr.cz\/n\/wp-content\/uploads\/2021\/05\/jiri-bata-225x300.jpg\" alt=\"\" width=\"160\" height=\"213\" srcset=\"https:\/\/www.infokuryr.cz\/n\/wp-content\/uploads\/2021\/05\/jiri-bata-225x300.jpg 225w, https:\/\/www.infokuryr.cz\/n\/wp-content\/uploads\/2021\/05\/jiri-bata.jpg 280w\" sizes=\"(max-width: 160px) 100vw, 160px\" \/><\/p>\n<p>&nbsp;<\/p>\n<p>&nbsp;<\/p>\n<p>&nbsp;<\/p>\n","protected":false},"excerpt":{"rendered":"<p>V souvislosti s pietn\u00edm shrom\u00e1\u017ed\u011bn\u00edm k 78. v\u00fdro\u010d\u00ed vypraven\u00ed transportu dev\u00edti stovek moravsk\u00fdch \u201eRom\u016f\u201c a&#8230;<\/p>\n","protected":false},"author":2,"featured_media":3582,"comment_status":"closed","ping_status":"closed","sticky":false,"template":"","format":"standard","meta":[],"categories":[6],"tags":[897,29],"_links":{"self":[{"href":"https:\/\/www.infokuryr.cz\/n\/wp-json\/wp\/v2\/posts\/4269"}],"collection":[{"href":"https:\/\/www.infokuryr.cz\/n\/wp-json\/wp\/v2\/posts"}],"about":[{"href":"https:\/\/www.infokuryr.cz\/n\/wp-json\/wp\/v2\/types\/post"}],"author":[{"embeddable":true,"href":"https:\/\/www.infokuryr.cz\/n\/wp-json\/wp\/v2\/users\/2"}],"replies":[{"embeddable":true,"href":"https:\/\/www.infokuryr.cz\/n\/wp-json\/wp\/v2\/comments?post=4269"}],"version-history":[{"count":0,"href":"https:\/\/www.infokuryr.cz\/n\/wp-json\/wp\/v2\/posts\/4269\/revisions"}],"wp:featuredmedia":[{"embeddable":true,"href":"https:\/\/www.infokuryr.cz\/n\/wp-json\/wp\/v2\/media\/3582"}],"wp:attachment":[{"href":"https:\/\/www.infokuryr.cz\/n\/wp-json\/wp\/v2\/media?parent=4269"}],"wp:term":[{"taxonomy":"category","embeddable":true,"href":"https:\/\/www.infokuryr.cz\/n\/wp-json\/wp\/v2\/categories?post=4269"},{"taxonomy":"post_tag","embeddable":true,"href":"https:\/\/www.infokuryr.cz\/n\/wp-json\/wp\/v2\/tags?post=4269"}],"curies":[{"name":"wp","href":"https:\/\/api.w.org\/{rel}","templated":true}]}}