{"id":42686,"date":"2023-12-16T03:15:28","date_gmt":"2023-12-16T02:15:28","guid":{"rendered":"http:\/\/www.infokuryr.cz\/n\/?p=42686"},"modified":"2023-12-16T03:15:28","modified_gmt":"2023-12-16T02:15:28","slug":"robert-bridge-liberalove-institucionalizuji-spatne-chovani-a-stahuji-ameriku-ke-dnu","status":"publish","type":"post","link":"https:\/\/www.infokuryr.cz\/n\/2023\/12\/16\/robert-bridge-liberalove-institucionalizuji-spatne-chovani-a-stahuji-ameriku-ke-dnu\/","title":{"rendered":"Robert Bridge: Liber\u00e1lov\u00e9 institucionalizuj\u00ed \u0161patn\u00e9 chov\u00e1n\u00ed a stahuj\u00ed Ameriku ke dnu"},"content":{"rendered":"<div id=\"fb-root\"><\/div>\n<section class=\"perex\">Ameri\u010dan\u00e9 jsou nuceni akceptovat nestandardn\u00ed, \u010di dokonce krimin\u00e1ln\u00ed chov\u00e1n\u00ed jako novou normu, od n\u00e1siln\u00fdch \u010din\u016f teenager\u016f a\u017e po nezaslou\u017een\u00e9 zn\u00e1mky univerzitn\u00edch student\u016f.<\/p>\n<\/section>\n<section class=\"clanek-obsah\">Tento t\u00fdden byli diskontn\u00ed dopravci Southwest Airlines oslavov\u00e1ni \u201ez\u00e1kazn\u00edky velk\u00fdch rozm\u011br\u016f\u201c (tj. ob\u00e9zn\u00edmi cestuj\u00edc\u00edmi) pot\u00e9, co bylo ozn\u00e1meno, \u017ee mohou dostat dodate\u010dn\u00e1 sedadla, aby se p\u0159izp\u016fsobila jejich mimo\u0159\u00e1dn\u011b \u0161irok\u00fdm t\u011bl\u016fm.<\/p>\n<p>Na prvn\u00ed pohled se\u00a0<a href=\"https:\/\/www.southwest.com\/help\/booking\/extra-seat-policy\" target=\"_blank\" rel=\"external noopener\">nov\u00e9 podm\u00ednky<\/a>\u00a0zdaj\u00ed b\u00fdt naprosto rozumn\u00e9, nebo\u0165 poskytuj\u00ed cestuj\u00edc\u00edm \u201ese zvl\u00e1\u0161tn\u00edmi pot\u0159ebami\u201c mo\u017enost \u201ezakoupit si p\u0159ed cestou pot\u0159ebn\u00fd po\u010det sedadel, aby bylo zaji\u0161t\u011bno, \u017ee dodate\u010dn\u00e9 sedadlo (sedadla) bude k dispozici\u201c. Jin\u00fdmi slovy, pokud cestuj\u00edc\u00ed s nadm\u011brn\u00fdmi rozm\u011bry c\u00edt\u00ed pot\u0159ebu koupit si dal\u0161\u00ed sedadlo \u2013 nebo dokonce celou uli\u010dku \u2013 aby se c\u00edtil pohodln\u011b, koho to zaj\u00edm\u00e1, \u017ee? Nov\u00e1 politika spole\u010dnosti Southwest v\u0161ak jde je\u0161t\u011b d\u00e1l. Cestuj\u00edc\u00ed s nadv\u00e1hou dostanou zdarma sedadlo (sedadla), aby se p\u0159izp\u016fsobili sv\u00e9mu nadm\u011brn\u00e9mu pasu.<\/p>\n<p>\u201ePo cest\u011b se na n\u00e1s m\u016f\u017eete obr\u00e1tit s \u017e\u00e1dost\u00ed o vr\u00e1cen\u00ed n\u00e1klad\u016f na dodate\u010dn\u00e9 sedadlo,\u201c uv\u00e1d\u00ed spole\u010dnost Southwest s odkazem na sv\u00e9 Z\u00e1sady pro z\u00e1kazn\u00edky o velikosti a dodate\u010dn\u00e9m sedadle. \u201ePokud bude zji\u0161t\u011bno, \u017ee je pot\u0159eba druh\u00e9 (nebo t\u0159et\u00ed) sedadlo, bude v\u00e1m poskytnuto bezplatn\u00e9 dodate\u010dn\u00e9 sedadlo.\u201c<\/p>\n<p>Ti, kte\u0159\u00ed by mohli b\u00fdt v poku\u0161en\u00ed h\u00e1jit pr\u00e1va t\u011bchto extra velk\u00fdch cestuj\u00edc\u00edch, by si mo\u017en\u00e1 m\u011bli nejprve p\u0159e\u010d\u00edst drobn\u00e9 p\u00edsmo. Jak\u00a0<a href=\"https:\/\/www.foxbusiness.com\/media\/southwest-airlines-celebrated-policy-give-full-row-passengers-free\" target=\"_blank\" rel=\"external noopener\">uvedla<\/a>\u00a0spole\u010dnost Fox Business, letov\u00fd t\u00fdm spole\u010dnosti Southwest by mohl b\u00fdt nucen kv\u016fli \u201enepl\u00e1novan\u00e9mu poskytnut\u00ed m\u00edsta\u201c p\u0159esunout ostatn\u00ed cestuj\u00edc\u00ed.<\/p>\n<p>P\u0159edstavte si, \u017ee pohodln\u011b sed\u00edte na vytou\u017een\u00e9m sedadle u uli\u010dky, va\u0161e zavazadla jsou ulo\u017eena nad hlavou, kdy\u017e v\u00e1m n\u00e1hle letu\u0161ka ozn\u00e1m\u00ed, \u017ee mus\u00edte sv\u00e9 placen\u00e9 m\u00edsto p\u0159enechat osob\u011b, kter\u00e1 se rozhodla pro nadv\u00e1hu v d\u016fsledku sv\u00e9ho \u017eivotn\u00edho stylu (jen nepatrn\u00fd zlomek osob trp\u00ed obezitou v d\u016fsledku nel\u00e9\u010diteln\u00e9ho zdravotn\u00edho stavu). Jak takov\u00fd po\u017eadavek projde u v\u011bt\u0161iny plat\u00edc\u00edch z\u00e1kazn\u00edk\u016f? Tato ot\u00e1zka nen\u00ed plan\u00e1. Podle CDC je v sou\u010dasnosti ob\u00e9zn\u00edch 42,4 % dosp\u011bl\u00fdch v USA. To je podstatn\u00fd n\u00e1r\u016fst oproti 30,5 % nam\u011b\u0159en\u00fdm v roce 2000.<\/p>\n<p>Mezit\u00edm lze argumentovat, \u017ee mnoho cestuj\u00edc\u00edch m\u00e1 tak\u00e9 \u201ezvl\u00e1\u0161tn\u00ed pot\u0159eby\u201c, kter\u00e9 vy\u017eaduj\u00ed \u00fapravu, jako jsou mal\u00e1 k\u0159i\u010d\u00edc\u00ed batolata a zavazadla nav\u00edc. \u017d\u00e1dn\u00e1 leteck\u00e1 spole\u010dnost ned\u00e1v\u00e1 rodin\u00e1m s mal\u00fdmi potomky m\u00edsta zdarma, ani neposkytuje p\u0159\u00edsp\u011bvky cestuj\u00edc\u00edm, kte\u0159\u00ed p\u0159ekro\u010d\u00ed v\u00e1hov\u00fd limit sv\u00fdch zavazadel. Proto se zd\u00e1 b\u00fdt spravedliv\u00e9 a logick\u00e9, \u017ee cestuj\u00edc\u00ed s nadv\u00e1hou by m\u011bli b\u00fdt tak\u00e9 povinni platit pokutu \u2013 nebo p\u0159inejmen\u0161\u00edm neb\u00fdt odm\u011b\u0148ov\u00e1ni \u2013 za to, \u017ee si do letadla p\u0159inesou nadm\u011brnou hmotnost. To proto, \u017ee \u201ebezplatn\u00e1\u201c m\u00edsta pro ob\u00e9zn\u00ed osoby s sebou nesou skryt\u00e9 n\u00e1klady (nap\u0159\u00edklad vy\u0161\u0161\u00ed n\u00e1klady na palivo, co\u017e je d\u016fvod, pro\u010d leteck\u00e9 spole\u010dnosti \u00fa\u010dtuj\u00ed z\u00e1kazn\u00edk\u016fm poplatky za nadv\u00e1hu jejich zavazadel), kter\u00e9 se nakonec zaplat\u00ed v podob\u011b vy\u0161\u0161\u00edch cen letenek. A\u0165 u\u017e je to jakkoli, bude zaj\u00edmav\u00e9 sledovat, kolik dal\u0161\u00edch rva\u010dek b\u011bhem letu tato nov\u00e1 \u201eslu\u017eba\u201c vyvol\u00e1.<\/p>\n<p><img decoding=\"async\" loading=\"lazy\" class=\"alignnone  wp-image-40285 aligncenter\" src=\"http:\/\/www.infokuryr.cz\/n\/wp-content\/uploads\/2023\/11\/11pro-300x79.png\" alt=\"\" width=\"611\" height=\"161\" srcset=\"https:\/\/www.infokuryr.cz\/n\/wp-content\/uploads\/2023\/11\/11pro-300x79.png 300w, https:\/\/www.infokuryr.cz\/n\/wp-content\/uploads\/2023\/11\/11pro.png 363w\" sizes=\"(max-width: 611px) 100vw, 611px\" \/><\/p>\n<p>Bezd\u016fvodn\u00e9 odm\u011b\u0148ov\u00e1n\u00ed nedbal\u00e9ho chov\u00e1n\u00ed v\u0161ak nekon\u010d\u00ed u p\u0159ep\u00e1\u017eky s letenkami. B\u011bhem protest\u016f Black Lives Matter v roce 2020, kter\u00e9 vypukly po vra\u017ed\u011b George Floyda rukou b\u011blo\u0161sk\u00e9ho policisty, vy\u0161ly do americk\u00fdch ulic tis\u00edce protestuj\u00edc\u00edch a rozpoutaly orgie n\u00e1hodn\u00e9ho n\u00e1sil\u00ed.<\/p>\n<p>Mezi 26. kv\u011btnem a 7. \u010dervnem 2020 za\u017eil Minneapolis-St. Paul druh\u00e9 nejni\u010div\u011bj\u0161\u00ed obdob\u00ed ob\u010dansk\u00fdch nepokoj\u016f v historii USA (druh\u00e9 po nepokoj\u00edch v Los Angeles v roce 1992). B\u011bhem t\u011bchto nepokoj\u016f bylo po\u0161kozeno nebo zni\u010deno p\u0159ibli\u017en\u011b 1 500 podnik\u016f, z nich\u017e mnoh\u00e9 provozovali m\u00edstn\u00ed podnikatel\u00e9, a to za 500 milion\u016f dolar\u016f. Jak byli vandalov\u00e9 za sv\u00e9 odporn\u00e9 chov\u00e1n\u00ed potrest\u00e1ni? Stru\u010dn\u00e1 odpov\u011b\u010f: nebyli.<\/p>\n<p>M\u00edsto toho, aby protestuj\u00edc\u00ed str\u00e1vili alespo\u0148 n\u011bkolik dn\u00ed za m\u0159\u00ed\u017eemi,\u00a0<a href=\"https:\/\/www.foxnews.com\/entertainment\/steve-carell-seth-rogen-stars-donating-bail-out-minneapolis-protesters\" target=\"_blank\" rel=\"external noopener\">v\u011bnovaly<\/a>\u00a0celebrity a \u201einfluence\u0159i\u201c soci\u00e1ln\u00edch m\u00e9di\u00ed, kte\u0159\u00ed vyjad\u0159uj\u00ed ctnost, vysok\u00e9 \u010d\u00e1stky pen\u011bz r\u016fzn\u00fdm fond\u016fm, kter\u00e9 zaplatily kauci za poru\u0161itele z\u00e1kona. To samoz\u0159ejm\u011b pos\u00edlilo p\u0159edstavu, \u017ee \u201ezlo\u010din se vypl\u00e1c\u00ed\u201c \u2013 zejm\u00e9na kdy\u017e v mnoha st\u00e1tech pracuj\u00ed\u00a0<a href=\"https:\/\/nypost.com\/2023\/01\/22\/george-soros-spent-40m-getting-lefty-district-attorneys-officials-elected-all-over-the-country\/\" target=\"_blank\" rel=\"external noopener\">Sorosem jmenovan\u00ed<\/a>\u00a0gener\u00e1ln\u00ed prokur\u00e1to\u0159i, kte\u0159\u00ed aktivn\u011b prosazuj\u00ed \u201eprotipolicejn\u00ed\u201c agendu.<\/p>\n<p>Dnes se r\u016fzn\u00e9 druhy zlo\u010din\u016f, jako je rabov\u00e1n\u00ed a\u00a0<a href=\"https:\/\/www.npr.org\/sections\/codeswitch\/2020\/08\/27\/906642178\/one-authors-argument-in-defense-of-looting\" target=\"_blank\" rel=\"external noopener\">hromadn\u00e9 vyvlast\u0148ov\u00e1n\u00ed majetku<\/a>, staly p\u0159ijateln\u00fdmi jako forma \u201eod\u0161kodn\u011bn\u00ed\u201c, kter\u00e9 si \u010derno\u0161sk\u00e9 obyvatelstvo \u201ezaslou\u017eilo\u201c jako kompenzaci za l\u00e9ta otroctv\u00ed. Nehled\u011b na to, \u017ee p\u0159ed mnoha lety prob\u011bhla t\u011b\u017ek\u00e1 ob\u010dansk\u00e1 v\u00e1lka a hnut\u00ed za ob\u010dansk\u00e1 pr\u00e1va, aby se tyto historick\u00e9 k\u0159ivdy napravily.<\/p>\n<p>Mezit\u00edm se na druh\u00e9 stran\u011b p\u0159\u00edslove\u010dn\u00fdch \u017eelezni\u010dn\u00edch kolej\u00ed, v \u00fapln\u011b jin\u00e9 \u010dtvrti, kuje dal\u0161\u00ed, nem\u00e9n\u011b bezohledn\u00e1 zpr\u00e1va, tentokr\u00e1t ur\u010den\u00e1 student\u016fm jedn\u00e9 z nejpresti\u017en\u011bj\u0161\u00edch vzd\u011bl\u00e1vac\u00edch instituc\u00ed ve Spojen\u00fdch st\u00e1tech.<\/p>\n<p>V poklidn\u00e9m kampusu Yaleovy univerzity bylo v minul\u00e9m akademick\u00e9m roce t\u00e9m\u011b\u0159\u00a0<a href=\"https:\/\/static01.nyt.com\/newsgraphics\/documenttools\/9a0c325a00990358\/6c01cc82-full.pdf\" target=\"_blank\" rel=\"external noopener\">80 procent v\u0161ech zn\u00e1mek<\/a>\u00a0ud\u011blen\u00fdch student\u016fm bakal\u00e1\u0159sk\u00e9ho studia jedni\u010dek nebo jedna-m\u00ednusek, co\u017e je trend, kter\u00fd se\u00a0<a href=\"https:\/\/www.thecrimson.com\/article\/2023\/10\/5\/faculty-debate-grade-inflation-compression\/\" target=\"_blank\" rel=\"external noopener\">projevuje<\/a>\u00a0i na Harvardu. P\u0159iznejme si, \u017ee tyto d\u011bti jsou chytr\u00e9, ale ne a\u017e tak moc.<\/p>\n<p>I kdy\u017e je je\u0161t\u011b p\u0159\u00edli\u0161 brzy na to, aby se prok\u00e1zala jednozna\u010dn\u00e1 p\u0159\u00ed\u010dina a n\u00e1sledek, zd\u00e1 se velmi pravd\u011bpodobn\u00e9, \u017ee \u201evirus probuzen\u00ed\u201c, kter\u00fd v posledn\u00edm desetilet\u00ed zachv\u00e1til americk\u00e9 srdce (a mo\u017en\u00e1 tento t\u00fdden\u00a0<a href=\"https:\/\/www.nytimes.com\/2023\/12\/12\/us\/harvard-president-claudine-gay.html\" target=\"_blank\" rel=\"external noopener\">zachr\u00e1nil<\/a>\u00a0m\u00edsto rektorce Harvardovy univerzity Claudine Gayov\u00e9), m\u00e1 s \u201einflac\u00ed zn\u00e1mek\u201c mnoho spole\u010dn\u00e9ho.<\/p>\n<p>Po cel\u00e9 zemi, v r\u016fzn\u00fdch oborech a odv\u011btv\u00edch, se stalo prakticky nemo\u017en\u00e9 kritizovat nebo neslou\u017eit negativn\u00edmu, chybn\u00e9mu chov\u00e1n\u00ed, ani\u017e by se \u010dlov\u011bk dostal pod nep\u0159im\u011b\u0159en\u00fd tlak, n\u00e1tlak a mo\u017en\u00e1 i pr\u00e1vn\u00ed postih. Je z\u0159ejm\u00e9, \u017ee tudy cesta nevede.<\/p>\n<p>Krom toho, \u017ee by se cel\u00e1 zem\u011b m\u011bla za\u010d\u00edt styd\u011bt za tlou\u0161\u0165ku, kriminalitu a zn\u00e1mkov\u00e1n\u00ed, Amerihttps:\/\/zvedavec.news\/komentare\/2023\/12\/9909-liberalove-institucionalizuji-spatne-chovani-a-stahuji-ameriku-ke-dnu.htmka zoufale pot\u0159ebuje n\u00e1vrat ke star\u00e9 dobr\u00e9 kritice a trest\u016fm.<\/p>\n<div class=\"podcarou\">\n<p><a href=\"https:\/\/strategic-culture.su\/news\/2023\/12\/15\/liberals-institutionalizing-poor-behavior-is-dragging-america-down\/\" target=\"_blank\" rel=\"external noopener\">Liberals Institutionalizing Poor Behavior Is Dragging America Down<\/a> vy\u0161el 15.12.2023 na Strategic Culture. P\u0159eklad\u00a0<a href=\"https:\/\/zvedavec.news\/komentare\/2023\/12\/9909-liberalove-institucionalizuji-spatne-chovani-a-stahuji-ameriku-ke-dnu.htm\">Zvedavec.org<\/a><\/p>\n<\/div>\n<\/section>\n<p>&nbsp;<\/p>\n<p>&nbsp;<\/p>\n<p>&nbsp;<\/p>\n","protected":false},"excerpt":{"rendered":"<p>Ameri\u010dan\u00e9 jsou nuceni akceptovat nestandardn\u00ed, \u010di dokonce krimin\u00e1ln\u00ed chov\u00e1n\u00ed jako novou normu, od n\u00e1siln\u00fdch \u010din\u016f&#8230;<\/p>\n","protected":false},"author":2,"featured_media":11876,"comment_status":"closed","ping_status":"closed","sticky":false,"template":"","format":"standard","meta":[],"categories":[7],"tags":[29,371,122,2385,37],"_links":{"self":[{"href":"https:\/\/www.infokuryr.cz\/n\/wp-json\/wp\/v2\/posts\/42686"}],"collection":[{"href":"https:\/\/www.infokuryr.cz\/n\/wp-json\/wp\/v2\/posts"}],"about":[{"href":"https:\/\/www.infokuryr.cz\/n\/wp-json\/wp\/v2\/types\/post"}],"author":[{"embeddable":true,"href":"https:\/\/www.infokuryr.cz\/n\/wp-json\/wp\/v2\/users\/2"}],"replies":[{"embeddable":true,"href":"https:\/\/www.infokuryr.cz\/n\/wp-json\/wp\/v2\/comments?post=42686"}],"version-history":[{"count":0,"href":"https:\/\/www.infokuryr.cz\/n\/wp-json\/wp\/v2\/posts\/42686\/revisions"}],"wp:featuredmedia":[{"embeddable":true,"href":"https:\/\/www.infokuryr.cz\/n\/wp-json\/wp\/v2\/media\/11876"}],"wp:attachment":[{"href":"https:\/\/www.infokuryr.cz\/n\/wp-json\/wp\/v2\/media?parent=42686"}],"wp:term":[{"taxonomy":"category","embeddable":true,"href":"https:\/\/www.infokuryr.cz\/n\/wp-json\/wp\/v2\/categories?post=42686"},{"taxonomy":"post_tag","embeddable":true,"href":"https:\/\/www.infokuryr.cz\/n\/wp-json\/wp\/v2\/tags?post=42686"}],"curies":[{"name":"wp","href":"https:\/\/api.w.org\/{rel}","templated":true}]}}