{"id":42662,"date":"2023-12-16T00:48:40","date_gmt":"2023-12-15T23:48:40","guid":{"rendered":"http:\/\/www.infokuryr.cz\/n\/?p=42662"},"modified":"2023-12-15T19:09:24","modified_gmt":"2023-12-15T18:09:24","slug":"velitel-americkeho-centcomu-po-serii-utoku-navstivil-irak-a-syrii","status":"publish","type":"post","link":"https:\/\/www.infokuryr.cz\/n\/2023\/12\/16\/velitel-americkeho-centcomu-po-serii-utoku-navstivil-irak-a-syrii\/","title":{"rendered":"Velitel americk\u00e9ho CENTCOMu po s\u00e9rii \u00fatok\u016f nav\u0161t\u00edvil Ir\u00e1k a S\u00fdrii"},"content":{"rendered":"<div id=\"fb-root\"><\/div>\n<p><strong><span>Gener\u00e1l Michael Erik Kurilla, velitel \u00dast\u0159edn\u00edho velitelstv\u00ed Spojen\u00fdch st\u00e1t\u016f (CENTCOM), odcestoval do Ir\u00e1ku a S\u00fdrie, ozn\u00e1milo velen\u00ed\u00a0<\/span><\/strong><\/p>\n<p><span>N\u00e1v\u0161t\u011bva, kter\u00e1 se uskute\u010dnila ve dnech 13. a\u017e 14. prosince, byla prvn\u00ed velitelem od doby, kdy \u00fatoky na americk\u00e9 s\u00edly v obou zem\u00edch za\u010daly 17. \u0159\u00edjna v reakci na izraelskou v\u00e1lku v palestinsk\u00e9m p\u00e1smu Gazy, kter\u00e1 vypukla o deset dn\u00ed d\u0159\u00edve.<\/span><\/p>\n<p><span>B\u011bhem pobytu v Ir\u00e1ku se gener\u00e1l Kurilla setkal s ir\u00e1ck\u00fdm premi\u00e9rem Mohammadem Shia\u2019 al-Sudani; n\u00e1\u010deln\u00edk gener\u00e1ln\u00edho \u0161t\u00e1bu, gener\u00e1l Abdel Emir Yarallah; Spole\u010dn\u00e9 opera\u010dn\u00ed velitelstv\u00ed \u2013 velitel Ir\u00e1ku, \u0161t\u00e1bn\u00ed gener\u00e1l Quis Khalaf Rahimah Al-Muhammadawi; a t\u00fdm americk\u00e9ho velvyslanectv\u00ed.<\/span><\/p>\n<p><span>Podle CENTCOM l\u00edd\u0159i diskutovali o aktu\u00e1ln\u00edch region\u00e1ln\u00edch a m\u00edstn\u00edch bezpe\u010dnostn\u00edch obav\u00e1ch se zvl\u00e1\u0161tn\u00edm d\u016frazem na \u00fatoky proti americk\u00fdm sil\u00e1m. Gener\u00e1l Kurilla cestoval do Bagd\u00e1du, na leteckou z\u00e1kladnu Ayn al-Assad a na leti\u0161t\u011b Erbil, kde nav\u0161t\u00edvil v\u016fdce koalice a p\u0159\u00edslu\u0161n\u00edky slu\u017eeb, aby z\u00edskal opera\u010dn\u00ed aktualizace a vyhodnotil sou\u010dasnou bezpe\u010dnostn\u00ed situaci.<\/span><\/p>\n<p><a href=\"https:\/\/stranapro.cz\/\"><img decoding=\"async\" loading=\"lazy\" class=\"alignnone  wp-image-40285 aligncenter\" src=\"http:\/\/www.infokuryr.cz\/n\/wp-content\/uploads\/2023\/11\/11pro-300x79.png\" alt=\"\" width=\"539\" height=\"142\" srcset=\"https:\/\/www.infokuryr.cz\/n\/wp-content\/uploads\/2023\/11\/11pro-300x79.png 300w, https:\/\/www.infokuryr.cz\/n\/wp-content\/uploads\/2023\/11\/11pro.png 363w\" sizes=\"(max-width: 539px) 100vw, 539px\" \/><\/a><\/p>\n<p><span>V S\u00fdrii gener\u00e1l Kurilla cestoval na n\u011bkolik z\u00e1kladen, aby se setkal s kl\u00ed\u010dov\u00fdmi partnery v takzvan\u00e9 \u201epor\u00e1\u017ece ISIS\u201c a p\u0159\u00edslu\u0161n\u00edky slu\u017eeb, aby z\u00edskal celkov\u00e9 hodnocen\u00ed pokroku v misi a ochrann\u00e9 pozice americk\u00fdch sil.<\/span><\/p>\n<p><em>\u201eTyto n\u00e1v\u0161t\u011bvy poskytuj\u00ed cenn\u00e9 poznatky, kter\u00e9 nem\u016f\u017eete z\u00edskat, ani\u017e byste do regionu necestovali a nevid\u011bli ho z prvn\u00ed ruky. Odch\u00e1zel jsem s velk\u00fdm pocitem hrdosti na profesionalitu, ob\u011btavost a kompetence na\u0161ich neuv\u011b\u0159iteln\u00fdch \u010dlen\u016f slu\u017eby, kte\u0159\u00ed byli nasazeni v ohro\u017een\u00ed,\u201c \u0159ekl gener\u00e1l Kurilla podle prohl\u00e1\u0161en\u00ed vydan\u00e9ho CENTCOM.<\/em><\/p>\n<p><span>N\u00e1v\u0161t\u011bva byla ohl\u00e1\u0161ena jen p\u00e1r hodin pot\u00e9, co Isl\u00e1msk\u00fd odpor v Ir\u00e1ku (IRI), zast\u0159e\u0161uj\u00edc\u00ed skupina ozbrojen\u00fdch frakc\u00ed podporovan\u00fdch \u00cdr\u00e1nem, provedla bezpilotn\u00ed \u00fatok na Ain Al-Assad.<\/span><\/p>\n<p><span>IRI se p\u0159ihl\u00e1sila k odpov\u011bdnosti za v\u011bt\u0161inu z t\u00e9m\u011b\u0159 stovky \u00fatok\u016f, kter\u00e9 se od za\u010d\u00e1tku v\u00e1lky v Gaze zam\u011b\u0159ovaly na americk\u00e9 s\u00edly v Ir\u00e1ku a S\u00fdrii.<\/span><\/p>\n<p><span>Spojen\u00e9 st\u00e1ty po vypuknut\u00ed v\u00e1lky v p\u00e1smu Strip rozm\u00edstily kolem 1200 voj\u00e1k\u016f a tucet syst\u00e9m\u016f protivzdu\u0161n\u00e9 obrany do t\u011bchto dvou zem\u00ed a dal\u0161\u00edch zem\u00ed na Bl\u00edzk\u00e9m v\u00fdchod\u011b, aby pos\u00edlily svou vojenskou p\u0159\u00edtomnost v regionu, proto\u017ee poskytovaly bezpodm\u00edne\u010dnou podporu Izraeli.<\/span><\/p>\n<p><img decoding=\"async\" loading=\"lazy\" class=\"alignnone size-full wp-image-1185\" src=\"http:\/\/www.infokuryr.cz\/n\/wp-content\/uploads\/2021\/04\/kuryr-podpis.png\" alt=\"\" width=\"84\" height=\"24\" \/><\/p>\n<p>&nbsp;<\/p>\n<p>&nbsp;<\/p>\n","protected":false},"excerpt":{"rendered":"<p>Gener\u00e1l Michael Erik Kurilla, velitel \u00dast\u0159edn\u00edho velitelstv\u00ed Spojen\u00fdch st\u00e1t\u016f (CENTCOM), odcestoval do Ir\u00e1ku a S\u00fdrie,&#8230;<\/p>\n","protected":false},"author":2,"featured_media":20528,"comment_status":"closed","ping_status":"closed","sticky":false,"template":"","format":"standard","meta":[],"categories":[7],"tags":[80,267,147,37,3526],"_links":{"self":[{"href":"https:\/\/www.infokuryr.cz\/n\/wp-json\/wp\/v2\/posts\/42662"}],"collection":[{"href":"https:\/\/www.infokuryr.cz\/n\/wp-json\/wp\/v2\/posts"}],"about":[{"href":"https:\/\/www.infokuryr.cz\/n\/wp-json\/wp\/v2\/types\/post"}],"author":[{"embeddable":true,"href":"https:\/\/www.infokuryr.cz\/n\/wp-json\/wp\/v2\/users\/2"}],"replies":[{"embeddable":true,"href":"https:\/\/www.infokuryr.cz\/n\/wp-json\/wp\/v2\/comments?post=42662"}],"version-history":[{"count":1,"href":"https:\/\/www.infokuryr.cz\/n\/wp-json\/wp\/v2\/posts\/42662\/revisions"}],"predecessor-version":[{"id":42663,"href":"https:\/\/www.infokuryr.cz\/n\/wp-json\/wp\/v2\/posts\/42662\/revisions\/42663"}],"wp:featuredmedia":[{"embeddable":true,"href":"https:\/\/www.infokuryr.cz\/n\/wp-json\/wp\/v2\/media\/20528"}],"wp:attachment":[{"href":"https:\/\/www.infokuryr.cz\/n\/wp-json\/wp\/v2\/media?parent=42662"}],"wp:term":[{"taxonomy":"category","embeddable":true,"href":"https:\/\/www.infokuryr.cz\/n\/wp-json\/wp\/v2\/categories?post=42662"},{"taxonomy":"post_tag","embeddable":true,"href":"https:\/\/www.infokuryr.cz\/n\/wp-json\/wp\/v2\/tags?post=42662"}],"curies":[{"name":"wp","href":"https:\/\/api.w.org\/{rel}","templated":true}]}}