{"id":4266,"date":"2021-08-23T03:35:30","date_gmt":"2021-08-23T01:35:30","guid":{"rendered":"http:\/\/www.infokuryr.cz\/n\/?p=4266"},"modified":"2021-08-23T03:35:30","modified_gmt":"2021-08-23T01:35:30","slug":"nedelnik-adama-b-bartose-50-covidova-mafie-se-pripravuje-na-zari-odpirac-vakcin-terorista","status":"publish","type":"post","link":"https:\/\/www.infokuryr.cz\/n\/2021\/08\/23\/nedelnik-adama-b-bartose-50-covidova-mafie-se-pripravuje-na-zari-odpirac-vakcin-terorista\/","title":{"rendered":"NED\u011aLN\u00cdK ADAMA B. BARTO\u0160E (50) COVIDOV\u00c1 MAFIE SE P\u0158IPRAVUJE NA Z\u00c1\u0158\u00cd. ODP\u00cdRA\u010c VAKC\u00cdN = TERORISTA"},"content":{"rendered":"<div id=\"fb-root\"><\/div>\n<h2 class=\"entry-title\"><span style=\"font-size: 12pt;\">NED\u011aLN\u00cdK ADAMA B. BARTO\u0160E (50) COVIDOV\u00c1 MAFIE SE P\u0158IPRAVUJE NA Z\u00c1\u0158\u00cd. ODP\u00cdRA\u010c VAKC\u00cdN = TERORISTA. ZBLBNUL OKAMURA I KLAUSE, NEBO JE KLAUS SOU\u010c\u00c1ST\u00cd SYST\u00c9MU? A M\u00c1TE ASPO\u0147 VY ODVAHU VOLIT SKUTE\u010cN\u011a ALTERNATIVN\u011a?<\/span><\/h2>\n<p>Kr\u00e1snou dobrou ned\u011bli. No \u2013 kr\u00e1snou\u2026 Uplynul\u00fd t\u00fdden p\u0159inesl zase spoustu novinek, kter\u00e9 \u2013 pokud se net\u00fdkaj\u00ed p\u0159\u00edmo na\u0161\u00ed zem\u011b \u2013 budou na ni m\u00edt jist\u00fd (a dodejme \u017ee neblah\u00fd) vliv.<\/p>\n<p>Sanit\u00e1rn\u00ed mafie s bl\u00ed\u017e\u00edc\u00edm se podzimem st\u00e1le v\u00edce vyhro\u017euje a brous\u00ed si na n\u00e1s zuby, aby n\u00e1s dal\u0161\u00edmi opat\u0159en\u00edmi (\u010dti: omezen\u00edmi) op\u011bt vystresovala, sotva\u017ee jsme si p\u0159es l\u00e9to mohli u\u017e\u00edt alespo\u0148 trochu \u201estar\u00e9ho sv\u011bta\u201c. Ne ve m\u011bst\u011b \u2013 tam se nad\u00e1le nos\u00ed n\u00e1hubky (m\u00e1lokdo si v\u0161iml, \u017ee t\u00edm, \u017ee je mus\u00edme nosit i v l\u00e9t\u011b, je vlastn\u011b nos\u00edme cel\u00fd rok bez v\u00fdjimky a nikomu to nep\u0159ijde divn\u00e9), ale m\u011bl-li n\u011bkdo to \u0161t\u011bst\u00ed, \u017ee mohl b\u00fdt p\u0159es l\u00e9to v p\u0159\u00edrod\u011b \u010di t\u0159eba na chat\u011b, mohl na \u010das na nesmysln\u00e9 buzerace vl\u00e1dn\u00edch buzerant\u016f zapomenout. Nesm\u011bl se ale p\u0159ipojovat na internet\u2026<\/p>\n<p>Kdo se p\u0159ipojil na internet, mohl se nap\u0159\u00edklad do\u010d\u00edst, \u017ee netestovan\u00ed a neo\u010dkovan\u00ed \u017e\u00e1ci nebudou moci ve \u0161kole\u00a0<a href=\"https:\/\/www.idnes.cz\/zpravy\/domaci\/skoly-pravidla-testovani-koronavirus-vojtech-plaga.A210817_060734_domaci_kop\" target=\"_blank\" rel=\"noopener\"><em><strong>zp\u00edvat ani cvi\u010dit<\/strong><\/em><\/a>. T\u011b\u017eko bychom na\u0161li p\u0159il\u00e9hav\u011bj\u0161\u00ed p\u0159\u00edklad segregace, diskriminace a apartheidu ne\u017e to, \u017ee netestovan\u00ed a neo\u010dkovan\u00ed \u017e\u00e1ci budou ve \u0161kol\u00e1ch vylou\u010deni z kolektivu, buzerov\u00e1ni a omezeni na sv\u00fdch pr\u00e1vech, ba dokonce vystaveni zdrav\u00ed \u0161kodliv\u00fdm na\u0159\u00edzen\u00edm (sed\u011bt cel\u00fd den v respir\u00e1torech, o kter\u00fdch se je\u0161t\u011b na ja\u0159e tvrdilo, \u017ee jsou pro d\u011bti ve \u0161kole nevhodn\u00e9). Absurditu cel\u00e9ho z\u00e1kazu podtrhuje to, \u017ee \u010desk\u00fdm d\u011btem zakazuje zp\u00edvat nejzn\u00e1m\u011bj\u0161\u00ed \u010desk\u00fd zp\u011bv\u00e1\u010dek \u2013 Adam \u201eSuperstar\u201c Vojt\u011bch, jak vtipn\u011b poznamenal m\u016fj kolega Ladislav B\u00e1tora. A dodal: \u201eAsi p\u0159i\u0161el \u010das zasko\u010dit se nadechnout svobody v zemi kr\u00e1le Miroslava. Ale co to pl\u00e1c\u00e1m: v zemi presidenta \u0410\u043b\u0435\u043a\u0441\u0430\u043d\u0434\u0440\u0430.\u201c<\/p>\n<p>A jako kdybychom sv\u00fdch probl\u00e9m\u016f nem\u011bli m\u00e1lo, za\u010dali jsme si tento t\u00fdden tak\u00e9 dov\u00e1\u017eet prvn\u00ed afgh\u00e1nsk\u00e9 kolaboranty. Rozum\u011bj: \u00fadajn\u00e9 p\u0159ekladatele, p\u0159esn\u011bji agenty, spolupracovn\u00edky, kolaboranty USA a spojeneck\u00fdch zem\u00ed, kter\u00fdm jde \u00fadajn\u011b v jejich zemi o kejh\u00e1k, proto\u017ee si na n\u011b brous\u00ed zuby Talib\u00e1n. Cel\u00e9 je to divadlo, dop\u0159edu re\u017e\u00edrovan\u00e9 americk\u00fdmi tajn\u00fdmi slu\u017ebami, kdy sta\u017een\u00ed se z Afgh\u00e1nist\u00e1nu m\u00e1 vytvo\u0159it migra\u010dn\u00ed krizi, kter\u00e1 postihne Evropu mo\u017en\u00e1 je\u0161t\u011b v\u00edce, ne\u017e ta p\u0159ed p\u011bti lety. Aby se skute\u010dn\u011b povedla, Ameri\u010dan\u00e9 \u201ejako\u201c zapomn\u011bli v K\u00e1bulu seznamy sv\u00fdch spolupracovn\u00edk\u016f, aby jimi placen\u00fd Talib\u00e1n mohl tyto (z pohledu Afgh\u00e1nc\u016f) zr\u00e1dce potrestat asi tak, jako se trestalo po pra\u017esk\u00e9m kv\u011btnov\u00e9m povst\u00e1n\u00ed. Tedy \u017eiveln\u011b. To vytvo\u0159\u00ed pat\u0159i\u010dnou hr\u016fzu, kter\u00e1 na n\u00e1s bude chrlena m\u00e9dii a kter\u00e1 bude z\u00e1rove\u0148 z\u00e1minkou, jak stovky dal\u0161\u00edch \u201ep\u0159ekladatel\u016f\u201c lifrovat do Evropy u\u017e nejen vojensk\u00fdmi speci\u00e1ly, ale nejsp\u00ed\u0161e zase t\u011bmi pov\u011bstn\u00fdmi soro\u0161ovsk\u00fdmi b\u00e1rkami, nafukovac\u00edmi \u010dluny, v kamionech, v dod\u00e1vk\u00e1ch, prost\u011b v\u0161\u00edm, co jezd\u00ed, plave nebo l\u00edt\u00e1. Jist\u011b budeme pat\u0159i\u010dn\u00fdmi \u201est\u00e1tn\u00edky\u201c ubezpe\u010deni, \u017ee \u201eto zvl\u00e1dneme\u201c \u010di \u017ee \u201emy chceme znovu imigrante!\u201c Zaj\u00edmavost\u00ed je, \u017ee T\u00e1lib\u00e1nci odm\u00edtaj\u00ed z\u00e1padn\u00ed vakc\u00ednu jako d\u00edlo \u010f\u00e1blovo, co\u017e m\u00e1 asi v budoucnu polo\u017eit rovn\u00edtko mezi n\u00e1s \u2013 odp\u00edra\u010de vakc\u00edn a je \u2013 teroristy. Odp\u00edra\u010d vakc\u00edn rovn\u00e1 se terorista, t\u00e1lib\u00e1nec. Ale to by bylo na jin\u00e9 pov\u00edd\u00e1n\u00ed\u2026<\/p>\n<p>Zpr\u00e1v k uzouf\u00e1n\u00ed, sm\u011b\u0161n\u00fdch a vylhan\u00fdch bylo v onom t\u00fddnu, jako v ka\u017ed\u00e9m jin\u00e9m dal\u0161\u00edm, des\u00edtky a\u017e stovky. Vybral jsem jen ty nejk\u0159iklav\u011bj\u0161\u00ed, nebo vlastn\u011b p\u0159esn\u011bji ty, kter\u00e9 jsem zaznamenal, kdy\u017e jsem se \u201eve star\u00e9m sv\u011bt\u011b\u201c na chat\u011b ob\u010das p\u0159ipojil na internet.<\/p>\n<p>Nab\u00edz\u00ed se tak ot\u00e1zka, co s t\u00edm. Jak dlouho s sebou nech\u00e1me orat, jak dlouho se nech\u00e1me buzerovat vlastn\u00edmi politiky, kte\u0159\u00ed podl\u00e9haj\u00ed internacion\u00e1ln\u00ed bankovn\u00ed mafii, jej\u00ed\u017e covidov\u00e1, davosko-schwabovsk\u00e1 odno\u017e, je moment\u00e1ln\u011b nejhalasn\u011bj\u0161\u00ed. Jeden by si mohl \u0159\u00edci, \u017ee kdy\u017e jsou p\u0159ed n\u00e1mi volby, m\u016f\u017eeme prost\u011b jen vym\u011bnit politiky. Probl\u00e9m je v\u0161ak v tom, \u017ee nadn\u00e1rodn\u00ed mafie si pojistila politiky t\u00e9m\u011b\u0159 v\u0161ech stran. Hezky je to vid\u011bt na p\u0159\u00edkladu Aspenu, v jeho\u017e slu\u017eb\u00e1ch sed\u00ed jak v\u00fd\u0161e zm\u00edn\u011bn\u00fd zp\u011bv\u00e1\u010dek za ANO, tak nap\u0159\u00edklad \u201ek\u00e1dry\u201c \u010cSSD, ale i \u201er\u00e1doby opozi\u010dn\u00ed\u201c loutky z TOPky, STANu, KDU-\u010cSL, ODS \u010di Pir\u00e1t\u016f. Jsou tam prost\u011b v\u0161ichni. Nevyberete si. V\u0161echny parlamentn\u00ed strany \u201ekolaboruj\u00ed\u201c s ciz\u00ed moc\u00ed. Ve Sn\u011bmovn\u011b nen\u00ed nikdo, kdo by myslel na \u010ceskou republiku, pro koho by byla na prvn\u00edm m\u00edst\u011b, kdo by svoji ruku zvedal jen podle toho, zda je to pro \u010ceskou republiku v\u00fdhodn\u00e9, \u010di ne. V\u0161ichni zvedaj\u00ed sv\u00e9 pracky jen podle toho, jak je to v\u00fdhodn\u00e9 pro jejich partaje \u010di pro n\u011b samotn\u00e9. T\u00fdk\u00e1 se to i SPD, kter\u00e1 sice zat\u00edm sv\u00e9ho \u010dlov\u011bka v Aspenu nem\u00e1, ale svoji politiku beztak \u0159\u00edd\u00ed podle toho, co si v Aspenu p\u0159ej\u00ed. Od jin\u00fdch stran byste ji nerozeznali.<\/p>\n<p>To, \u017ee se ji chyst\u00e1 volit b\u00fdval\u00fd prezident V\u00e1clav Klaus, vypov\u00edd\u00e1 mnoh\u00e9 i o n\u011bm samotn\u00e9m \u2013 t\u0159eba\u017ee se kdysi zakl\u00ednal \u201ezm\u011bnou paradigmatu\u201c, jede i on v Syst\u00e9mu, kde se \u017e\u00e1dn\u00e1 zm\u011bna paradigmatu nikdy nekonala a konat nebude. Ukazuje to, jak i k\u00e1dry, kter\u00e9 bychom \u2013 s p\u0159imhou\u0159en\u00edm o\u010d\u00ed \u2013 mohli pova\u017eovat za pron\u00e1rodn\u00ed, jsou omezen\u00ed, bez fantazie, vy\u010dp\u011bl\u00ed, bez n\u00e1pad\u016f, bez nad\u011bje. Jist\u011b \u2013 ka\u017ed\u00fd m\u016f\u017ee a m\u011bl b\u00fdt (jak to tu u\u017e n\u011bkolik ned\u011bl opakuji) volit podle sv\u00e9ho srdce \u010di podle sv\u00e9ho gusta, ale jde i o to, jak\u00fd sign\u00e1l t\u00edm vys\u00edlaj\u00ed, kdy\u017e n\u011bco takov\u00e9ho \u010din\u00ed, lid\u00e9, kte\u0159\u00ed jsou nejv\u00edce na o\u010d\u00edch. Pokud n\u011bkdo, kdo si neust\u00e1le (p\u0159ed ka\u017ed\u00fdmi volbami) ve\u0159ejn\u011b st\u011b\u017euje, \u017ee tu nen\u00ed koho volit, \u017ee se \u017e\u00e1dn\u00e1 zm\u011bna konat nebude, \u017ee volby\u00a0<a href=\"https:\/\/www.lidovky.cz\/domov\/kralovehradecky-pout-snezka-krkonose-mse-vavrinecka.A210810_142721_ln_domov_kov\" target=\"_blank\" rel=\"noopener\"><em><strong>nic nov\u00e9ho nep\u0159inesou<\/strong><\/em><\/a>, \u017ee je v\u0161e \u0161patn\u011b, bude ve volb\u00e1ch volit prosyst\u00e9movou SPD prolezlou p\u0159eb\u011bhl\u00edky z \u010cSSD, Zemanovc\u016f \u010di ODS, vys\u00edl\u00e1 t\u00edm vzkaz, \u017ee \u017e\u00e1dnou zm\u011bnu ve skute\u010dnosti nechce a je jen stejnou loutkou mezin\u00e1rodn\u00ed mafie, jako ti v\u0161ichni v\u00fd\u0161e zm\u00edn\u011bn\u00ed.<\/p>\n<p>Aby mi n\u011bkdo nepodsouval, \u017ee to m\u00e1m V\u00e1clavu Klausovi za zl\u00e9: nejde mi ani tak o V\u00e1clava Klause (vzal jsem si ho pouze jako p\u0159\u00edklad) ani o to, \u017ee nechce volit skute\u010dnou alternativu, tedy n\u00e1s. \u010cili nejsem zap\u0161kl\u00fd a ura\u017een\u00fd, proto\u017ee bych ostatn\u011b nikdy ne\u010dekal, \u017ee by Klaus volil skute\u010dnou alternativu. Nemluv\u00ed ze mne ani z\u00e1vist, \u017ee Okamura zase oblbne v\u011bt\u0161inu vlastenc\u016f, tak\u017ee jejich hlasy sice nepropadnou, ale poslou\u017e\u00ed Syst\u00e9mu pr\u00e1v\u011b tak, jak je pot\u0159eba (pro\u010de\u017e byla SPD v\u016fbec vymy\u0161lena).<\/p>\n<p>Jde sp\u00ed\u0161e o to, \u017ee postr\u00e1d\u00e1m odv\u00e1\u017en\u00e9 lidi, ze v\u0161ech sf\u00e9r: akademiky, ve\u0159ejn\u011b zn\u00e1m\u00e9 osobnosti, velk\u00e9 podnikatele, kter\u00fdm z\u00e1le\u017e\u00ed nejen na jejich majetku, ale i na t\u00e9to zemi, kte\u0159\u00ed se zvednou, alespo\u0148 na chv\u00edli odhod\u00ed strach, kter\u00fd je sv\u00edr\u00e1 a zbab\u011blost, do kter\u00e9 jsou u\u017e roky od\u011bni, vystoup\u00ed ze sv\u00e9ho st\u00ednu a \u0159eknou: poj\u010fme volit letos jinak. Poj\u010fme ud\u011blat revoluci u voleb.<\/p>\n<p>A aby mne nikdo nepodez\u00edral ani z ni\u010deho jin\u00e9ho, pro jistotu dod\u00e1v\u00e1m: nejde mi ani o mn\u011b, aby si n\u011bkdo zase nemyslel. Samoz\u0159ejm\u011b jsem p\u0159esv\u011bd\u010den, \u017ee n\u00e1\u0161 program (program Aliance n\u00e1rodn\u00edch sil a N\u00e1rodn\u00ed demokracie) je nejlep\u0161\u00ed a \u017ee nejjednodu\u0161\u0161\u00ed cesta, jak ze sou\u010dasn\u00e9ho marasmu ven, je volit pr\u00e1v\u011b na\u0161i formaci, ale na\u0161e strany jsou z\u00e1rove\u0148 natolik st\u00e1totvorn\u00e9, \u017ee \u201enehraj\u00ed jen na sebe\u201c. I proto jsme se \u2013 by\u0165 nakonec ne\u00fasp\u011b\u0161n\u011b \u2013 pokou\u0161eli o spolupr\u00e1ci s Voln\u00fdm blokem i s Trikol\u00f3rou (ale byli odm\u00edtnuti).<\/p>\n<p>Pro mne by byl \u00fasp\u011bch u\u017e to, kdyby se letos poda\u0159ilo zm\u011bnit nastaven\u00ed mysli voli\u010d\u016f: aby p\u0159estali uva\u017eovat v kategorii \u201evolby men\u0161\u00edho zla\u201c a strachu z \u201epropadnut\u00ed hlasu\u201c, a ti, co jsou nastaveni alternativn\u011b, aby skute\u010dn\u011b alternativn\u011b volili: na v\u00fdb\u011br p\u0159ece maj\u00ed \u2013 mohou volit ze t\u0159\u00ed hlavn\u00edch alternativn\u00edch blok\u016f. Jeden z nich, samoz\u0159ejm\u011b ten nejv\u00edce autentick\u00fd, je Aliance n\u00e1rodn\u00edch sil s podporou N\u00e1rodn\u00ed demokracie. To, kter\u00fd z nich bude m\u00edt nakonec v\u00edce hlas\u016f (v\u00edce d\u016fv\u011bry voli\u010d\u016f), je jin\u00e1 v\u011bc, proto\u017ee krom\u011b autenticity se voli\u010di rozhoduj\u00ed i podle dal\u0161\u00edch krit\u00e9ri\u00ed (nap\u0159\u00edklad podle toho, kdo m\u00e1 v\u00edce pen\u011bz a tedy nap\u0159\u00edklad v\u00edce billboard\u016f a je tedy v\u00edce vid\u011bt). Neplat\u00ed to ale stoprocentn\u011b \u2013 do kampan\u011b vynalo\u017een\u00e9 miliony neznamenaj\u00ed automaticky v\u00edce hlas\u016f. Co ale rozhoduje spolehliv\u011b, je televizn\u00ed obrazovka. N\u00e1\u0161 blok v p\u0159edvolebn\u00edch debat\u00e1ch ur\u010dit\u011b neuvid\u00edte, proto\u017ee na televizn\u00edch obrazovk\u00e1ch m\u00e1me stopku. Pokud se n\u011bjak\u00e1 \u201ealternativn\u00ed\u201c strana na televizn\u00ed obrazovky dostane, je to neklamn\u00fdm znamen\u00edm, \u017ee alternativu jen p\u0159edst\u00edr\u00e1 a nebo pr\u00e1v\u011b v z\u00e1kulis\u00ed uzav\u0159ela kompromis.<\/p>\n<p>Jak tedy z toho ven? Jak m\u016f\u017ee usp\u011bt volebn\u00ed uskupen\u00ed, kter\u00e9 nem\u00e1 miliony na kampa\u0148 a kter\u00e9 m\u00e1 z\u00e1rove\u0148 nepsan\u00fd z\u00e1kaz objevit se ve sd\u011blovac\u00edch prost\u0159edc\u00edch a d\u00e1t tak o sob\u011b v\u011bd\u011bt v\u011bt\u0161in\u011b voli\u010d\u016f, kte\u0159\u00ed si informace nesh\u00e1n\u011bj\u00ed sami a spol\u00e9haj\u00ed jen na p\u0159edv\u00fdb\u011br, kter\u00fd jim mainstreamov\u00e1 m\u00e9dia ud\u011blaj\u00ed?<\/p>\n<p>\u0158e\u0161en\u00edm by mohla b\u00fdt pr\u00e1v\u011b ona \u201evzpoura elit\u201c, kter\u00e9 by \u0161ly p\u0159\u00edkladem. Vzpoura dav\u016f se nekon\u00e1, proto\u017ee davy jsou d\u00e1vno ovl\u00e1dnuty. Dav\u016fm mus\u00ed n\u011bkdo uk\u00e1zat sm\u011br. Probl\u00e9m elit ale zase je v tom, \u017ee jsou n\u011bkdy hloup\u011bj\u0161\u00ed ne\u017e ten oby\u010dejn\u00fd ob\u010dan. S\u00e1z\u00ed sice na svou podnikatelskou \u00fasp\u011b\u0161nost, div\u00e1ckou oblibu, sportovn\u00ed \u00fasp\u011bch \u010di akademick\u00e9 v\u00fdsledky, ale mnohdy se chovaj\u00ed je\u0161t\u011b zaslepen\u011bji ne\u017e v\u011bt\u0161inov\u00e1 ve\u0159ejnost. Dob\u0159e to vid\u00edme na covidu \u2013 v\u00edce vzd\u011blan\u00ed jsou mnohdy v\u011bt\u0161\u00edmi fanatiky v obhajov\u00e1n\u00ed experiment\u00e1ln\u00edch vakc\u00edn, zat\u00edmco zdrav\u00fd rozum oby\u010dejn\u00e9ho \u010dlov\u011bka z davu vel\u00ed k obez\u0159etnosti. Vysv\u011btlen\u00ed je v tom, \u017ee vzd\u011bl\u00e1n\u00ed nerovn\u00e1 se moudrost.<\/p>\n<p>Tak\u017ee jak z toho ven, kdy\u017e je to tak za\u0161modrchan\u00e9? Kdy\u017e elity slou\u017e\u00ed syst\u00e9mu a boj\u00ed se mu vzep\u0159\u00edt a kdy\u017e dav, kter\u00fd sice Syst\u00e9m podporovat nechce, se nech\u00e1 op\u00edt fale\u0161n\u00fdmi mesi\u00e1\u0161i a v bl\u00e1hov\u00e9 v\u00ed\u0159e, \u017ee vol\u00ed proti Syst\u00e9mu, vol\u00ed Mesi\u00e1\u0161e, kter\u00fd je Syst\u00e9mem placen?<\/p>\n<p>Omlouv\u00e1m se, \u017ee v\u00e1s p\u0159i ned\u011bli zaplavuji v\u00edce \u0159e\u010dnick\u00fdmi ot\u00e1zkami, ne\u017e abych nab\u00edzel jednoduch\u00e1 \u0159e\u0161en\u00ed. Jednoduch\u00e1 \u0159e\u0161en\u00ed toti\u017e neexistuj\u00ed.<\/p>\n<p>Ono n\u00e1m toti\u017e nezbyde nic jin\u00e9ho, ne\u017e toto slo\u017eit\u00e9 dilema vy\u0159e\u0161it ka\u017ed\u00fd s\u00e1m v sob\u011b. Nespol\u00e9hejme na Klause, ani si j\u00edm nenechme radit, koho volit. Nespol\u00e9hejme na Zemana, ani si j\u00edm nenechme radit, koho volit. Nespol\u00e9hejme na elity, proto\u017ee ty jsou ustra\u0161en\u00e9 a klepou se o m\u00edsto na v\u00fdslun\u00ed. Nespol\u00e9hejme na dav, proto\u017ee ten podl\u00e9h\u00e1 emoc\u00edm. Rozhodnout se bude muset jeden ka\u017ed\u00fd z n\u00e1s: zda to vzd\u00e1 a z\u016fstane (pod r\u016fzn\u00fdmi v\u00fdmluvami) doma, nebo p\u016fjde volit. A kdy\u017e se rozhodne j\u00edt volit, zda bude volit syst\u00e9mov\u011b, nebo alternativn\u011b. A v p\u0159\u00edpad\u011b, \u017ee se p\u0159iklon\u00ed k alternativ\u011b, zda si z n\u00ed dok\u00e1\u017ee vybrat tu pravou, proto\u017ee jsou i alternativy fale\u0161n\u00e9. Ale o tom \u2013 a tak\u00e9 o P\u0159\u00ed\u010dovech \u00b421 \u2013 zase p\u0159\u00ed\u0161t\u011b\u2026<\/p>\n<p><em>Adam B. Barto\u0161, p\u0159edseda N\u00e1rodn\u00ed demokracie a l\u00eddr pro \u00dasteck\u00fd kraj na kandid\u00e1tce Aliance n\u00e1rodn\u00edch sil<\/em><\/p>\n<p>PS: A na z\u00e1v\u011br vt\u00edpek z d\u00edlny CD89.cz (z t\u00e9ho\u017e zdroje je i \u00favodn\u00ed fotka):<\/p>\n<p><img decoding=\"async\" loading=\"lazy\" class=\"alignnone size-full wp-image-12220 lazy-loaded\" src=\"https:\/\/narodnidemokracie.cz\/wp-content\/uploads\/2021\/08\/kovid-nevyhra.jpg\" sizes=\"(max-width: 640px) 100vw, 640px\" srcset=\"https:\/\/narodnidemokracie.cz\/wp-content\/uploads\/2021\/08\/kovid-nevyhra.jpg 640w, https:\/\/narodnidemokracie.cz\/wp-content\/uploads\/2021\/08\/kovid-nevyhra-300x200.jpg 300w, https:\/\/narodnidemokracie.cz\/wp-content\/uploads\/2021\/08\/kovid-nevyhra-391x260.jpg 391w\" alt=\"\" width=\"640\" height=\"426\" data-lazy-type=\"image\" data-src=\"https:\/\/narodnidemokracie.cz\/wp-content\/uploads\/2021\/08\/kovid-nevyhra.jpg\" data-srcset=\"\" \/><\/p>\n<p>&nbsp;<\/p>\n<p><img decoding=\"async\" loading=\"lazy\" class=\"alignnone size-full wp-image-678\" src=\"http:\/\/www.infokuryr.cz\/n\/wp-content\/uploads\/2021\/04\/narodni_demokracie_logo.jpg\" alt=\"\" width=\"300\" height=\"85\" \/><\/p>\n<p>&nbsp;<\/p>\n","protected":false},"excerpt":{"rendered":"<p>NED\u011aLN\u00cdK ADAMA B. BARTO\u0160E (50) COVIDOV\u00c1 MAFIE SE P\u0158IPRAVUJE NA Z\u00c1\u0158\u00cd. ODP\u00cdRA\u010c VAKC\u00cdN = TERORISTA&#8230;.<\/p>\n","protected":false},"author":2,"featured_media":679,"comment_status":"closed","ping_status":"closed","sticky":false,"template":"","format":"standard","meta":[],"categories":[6],"tags":[367,29,85,27],"_links":{"self":[{"href":"https:\/\/www.infokuryr.cz\/n\/wp-json\/wp\/v2\/posts\/4266"}],"collection":[{"href":"https:\/\/www.infokuryr.cz\/n\/wp-json\/wp\/v2\/posts"}],"about":[{"href":"https:\/\/www.infokuryr.cz\/n\/wp-json\/wp\/v2\/types\/post"}],"author":[{"embeddable":true,"href":"https:\/\/www.infokuryr.cz\/n\/wp-json\/wp\/v2\/users\/2"}],"replies":[{"embeddable":true,"href":"https:\/\/www.infokuryr.cz\/n\/wp-json\/wp\/v2\/comments?post=4266"}],"version-history":[{"count":0,"href":"https:\/\/www.infokuryr.cz\/n\/wp-json\/wp\/v2\/posts\/4266\/revisions"}],"wp:featuredmedia":[{"embeddable":true,"href":"https:\/\/www.infokuryr.cz\/n\/wp-json\/wp\/v2\/media\/679"}],"wp:attachment":[{"href":"https:\/\/www.infokuryr.cz\/n\/wp-json\/wp\/v2\/media?parent=4266"}],"wp:term":[{"taxonomy":"category","embeddable":true,"href":"https:\/\/www.infokuryr.cz\/n\/wp-json\/wp\/v2\/categories?post=4266"},{"taxonomy":"post_tag","embeddable":true,"href":"https:\/\/www.infokuryr.cz\/n\/wp-json\/wp\/v2\/tags?post=4266"}],"curies":[{"name":"wp","href":"https:\/\/api.w.org\/{rel}","templated":true}]}}