{"id":42620,"date":"2023-12-15T04:46:07","date_gmt":"2023-12-15T03:46:07","guid":{"rendered":"http:\/\/www.infokuryr.cz\/n\/?p=42620"},"modified":"2023-12-15T04:46:07","modified_gmt":"2023-12-15T03:46:07","slug":"herecka-ktera-obvinila-depardieu-ze-sexualniho-napadeni-spachala-sebevrazdu","status":"publish","type":"post","link":"https:\/\/www.infokuryr.cz\/n\/2023\/12\/15\/herecka-ktera-obvinila-depardieu-ze-sexualniho-napadeni-spachala-sebevrazdu\/","title":{"rendered":"Here\u010dka, kter\u00e1 obvinila Depardieu ze sexu\u00e1ln\u00edho napaden\u00ed, sp\u00e1chala sebevra\u017edu"},"content":{"rendered":"<div id=\"fb-root\"><\/div>\n<p class=\"lead\"><strong>Francouzsk\u00e1 here\u010dka, kter\u00e1 jako prvn\u00ed obvinila Gerarda Depardieu ze sexu\u00e1ln\u00edho napaden\u00ed, Emmanuelle Debever, sp\u00e1chala sebevra\u017edu. Informuje o tom port\u00e1l\u00a0<a href=\"https:\/\/deadline.com\/\">https:\/\/deadline.com\/<\/a><\/strong><\/p>\n<p><span>Jej\u00ed t\u011blo bylo nalezeno v Sein\u011b a policie smrt klasifikovala jako sebevra\u017edu. Here\u010dce bylo 60 let.<\/span><\/p>\n<p><span>Zem\u0159ela 7. prosince, v ten den vy\u0161el ve francouzsk\u00e9 televizi dokument o Depardieuovi, na\u010de\u017e mnoho televizn\u00edch a filmov\u00fdch postav prohl\u00e1silo, \u017ee s hv\u011bzdou u\u017e nikdy nebudou spolupracovat. Sou\u010d\u00e1st\u00ed nahr\u00e1vky byla i Debeverina obvin\u011bn\u00ed.<\/span><\/p>\n<p><span>Jak bylo ozn\u00e1meno<\/span><span>\u00a07. prosince byl ve\u0159ejnopr\u00e1vn\u00ed televizn\u00ed kan\u00e1l France 2\u00a0<\/span><a href=\"https:\/\/eadaily.com\/ru\/news\/2023\/12\/09\/zherara-deparde-ne-hotyat-snimat-vo-francii-posle-skandala-s-vizitom-v-severnuyu-koreyu\" target=\"_blank\" rel=\"noopener\"><span>vys\u00edl\u00e1n\u00a0dokument\u00e1rn\u00ed film \u201eDepardieu: Fall of the Ogre.\u201c<\/span><\/a><\/p>\n<p><span>Film vypr\u00e1v\u00ed p\u0159\u00edb\u011bh hercovy n\u00e1v\u0161t\u011bvy Severn\u00ed Koreje, kter\u00e1 byla na\u010dasov\u00e1na na oslavu 70. v\u00fdro\u010d\u00ed zem\u011b v roce 2018. Herec, kter\u00fd do Pchjongjangu p\u0159ijel s filmov\u00fdm \u0161t\u00e1bem, v\u011bd\u011bl, \u017ee je neust\u00e1le nat\u00e1\u010den, ale z\u00e1rove\u0148 se o \u017een\u00e1ch vyjad\u0159oval chl\u00edpn\u011b, opakovan\u011b sexu\u00e1ln\u011b obt\u011b\u017eoval p\u0159ekladatelku a sexu\u00e1ln\u011b komentoval dosp\u00edvaj\u00edc\u00ed d\u00edvku v jezdeck\u00e9m klubu.<\/span><\/p>\n<p><span>Materi\u00e1l ve filmu nav\u00edc vyu\u017e\u00edv\u00e1 obvin\u011bn\u00ed ze sexu\u00e1ln\u00edho n\u00e1sil\u00ed vznesen\u00fdch proti francouzsk\u00e9 filmov\u00e9 hv\u011bzd\u011b 13 \u017eenami, mluv\u00edme o incidentech v obdob\u00ed 2004 a\u017e 2022.<\/span><\/p>\n<p><span>Jedna z nich, here\u010dka\u00a0<\/span><strong><span>Charlotte Arnoux<\/span><\/strong><span>, obvinila herce ze zn\u00e1siln\u011bn\u00ed, kter\u00e9 je nyn\u00ed vy\u0161et\u0159ov\u00e1no v r\u00e1mci trestn\u00edho \u0159\u00edzen\u00ed.<\/span><\/p>\n<p><span>Za\u010d\u00e1tkem \u0159\u00edjna tohoto roku u\u010dinil Depardieu prohl\u00e1\u0161en\u00ed\u00a0na str\u00e1nk\u00e1ch den\u00edku Le Figaro pod nadpisem \u201eKone\u010dn\u011b v\u00e1m chci \u0159\u00edct celou pravdu.\u201c \u017dena, jej\u00ed\u017e jm\u00e9no v cel\u00e9m dopise ani jednou nezm\u00edn\u00ed, podle n\u011bj p\u0159i\u0161la k n\u011bmu dom\u016f z vlastn\u00ed iniciativy. Dala souhlas se v\u0161\u00edm, co se mezi nimi stalo. Depardieu zd\u016fraznil, \u017ee pokud n\u011bkoho urazil nebo \u0161okoval, \u017e\u00e1d\u00e1 o odpu\u0161t\u011bn\u00ed, proto\u017ee nikdy nem\u011bl v \u00famyslu nikomu ubl\u00ed\u017eit.<\/span><\/p>\n<p><em><strong><span style=\"font-size: 10pt;\">Fotografie:<\/span><\/strong> G\u00e9rard Depardieu a Emmanuel Debever ve filmu Andrzeje Wajdy Danton (1982). Ilustrace: Getty obr\u00e1zky<\/em><\/p>\n<p><img decoding=\"async\" loading=\"lazy\" class=\"alignnone size-full wp-image-1185\" src=\"http:\/\/www.infokuryr.cz\/n\/wp-content\/uploads\/2021\/04\/kuryr-podpis.png\" alt=\"\" width=\"84\" height=\"24\" \/><\/p>\n<p>&nbsp;<\/p>\n<p>&nbsp;<\/p>\n","protected":false},"excerpt":{"rendered":"<p>Francouzsk\u00e1 here\u010dka, kter\u00e1 jako prvn\u00ed obvinila Gerarda Depardieu ze sexu\u00e1ln\u00edho napaden\u00ed, Emmanuelle Debever, sp\u00e1chala sebevra\u017edu&#8230;.<\/p>\n","protected":false},"author":2,"featured_media":42621,"comment_status":"closed","ping_status":"closed","sticky":false,"template":"","format":"standard","meta":[],"categories":[7],"tags":[130,6029,2167,695],"_links":{"self":[{"href":"https:\/\/www.infokuryr.cz\/n\/wp-json\/wp\/v2\/posts\/42620"}],"collection":[{"href":"https:\/\/www.infokuryr.cz\/n\/wp-json\/wp\/v2\/posts"}],"about":[{"href":"https:\/\/www.infokuryr.cz\/n\/wp-json\/wp\/v2\/types\/post"}],"author":[{"embeddable":true,"href":"https:\/\/www.infokuryr.cz\/n\/wp-json\/wp\/v2\/users\/2"}],"replies":[{"embeddable":true,"href":"https:\/\/www.infokuryr.cz\/n\/wp-json\/wp\/v2\/comments?post=42620"}],"version-history":[{"count":0,"href":"https:\/\/www.infokuryr.cz\/n\/wp-json\/wp\/v2\/posts\/42620\/revisions"}],"wp:featuredmedia":[{"embeddable":true,"href":"https:\/\/www.infokuryr.cz\/n\/wp-json\/wp\/v2\/media\/42621"}],"wp:attachment":[{"href":"https:\/\/www.infokuryr.cz\/n\/wp-json\/wp\/v2\/media?parent=42620"}],"wp:term":[{"taxonomy":"category","embeddable":true,"href":"https:\/\/www.infokuryr.cz\/n\/wp-json\/wp\/v2\/categories?post=42620"},{"taxonomy":"post_tag","embeddable":true,"href":"https:\/\/www.infokuryr.cz\/n\/wp-json\/wp\/v2\/tags?post=42620"}],"curies":[{"name":"wp","href":"https:\/\/api.w.org\/{rel}","templated":true}]}}