{"id":42574,"date":"2023-12-15T00:43:57","date_gmt":"2023-12-14T23:43:57","guid":{"rendered":"http:\/\/www.infokuryr.cz\/n\/?p=42574"},"modified":"2023-12-14T19:21:01","modified_gmt":"2023-12-14T18:21:01","slug":"iracky-odboj-utoci-na-americkou-posadku-nedalekou-zakladnu-v-syrskem-al-tanf","status":"publish","type":"post","link":"https:\/\/www.infokuryr.cz\/n\/2023\/12\/15\/iracky-odboj-utoci-na-americkou-posadku-nedalekou-zakladnu-v-syrskem-al-tanf\/","title":{"rendered":"Ir\u00e1ck\u00fd \u201eodboj\u201c \u00fato\u010d\u00ed na americkou pos\u00e1dku, nedalekou z\u00e1kladnu v syrsk\u00e9m Al-Tanf"},"content":{"rendered":"<div id=\"fb-root\"><\/div>\n<p><strong><span>Koncem 13. prosince Isl\u00e1msk\u00fd odpor v Ir\u00e1ku (IRI), zast\u0159e\u0161uj\u00edc\u00ed skupina ozbrojen\u00fdch frakc\u00ed podporovan\u00fdch \u00cdr\u00e1nem, ozn\u00e1mila, \u017ee za\u00fato\u010dila na pos\u00e1dku a z\u00e1kladnu arm\u00e1dy Spojen\u00fdch st\u00e1t\u016f v jihov\u00fdchodn\u00ed syrsk\u00e9 oblasti al-Tanf.<\/span><\/strong><\/p>\n<p><span>V prohl\u00e1\u0161en\u00ed IRI uvedla, \u017ee ob\u011b pozice byly zam\u011b\u0159eny sebevra\u017eedn\u00fdmi drony v reakci na izraelsk\u00e9 \u201ezlo\u010diny\u201c proti Palestinc\u016fm v p\u00e1smu Gazy.<\/span><\/p>\n<p><span>Americk\u00e1 arm\u00e1da zat\u00edm ozn\u00e1men\u00ed IRI nekomentovala.\u00a0Syrsk\u00e1 observato\u0159 pro lidsk\u00e1 pr\u00e1va v\u0161ak potvrdila, \u017ee al-Tanf byl napaden drony.<\/span><\/p>\n<p><a href=\"https:\/\/stranapro.cz\/\"><img decoding=\"async\" loading=\"lazy\" class=\"alignnone  wp-image-40285 aligncenter\" src=\"http:\/\/www.infokuryr.cz\/n\/wp-content\/uploads\/2023\/11\/11pro-300x79.png\" alt=\"\" width=\"589\" height=\"155\" srcset=\"https:\/\/www.infokuryr.cz\/n\/wp-content\/uploads\/2023\/11\/11pro-300x79.png 300w, https:\/\/www.infokuryr.cz\/n\/wp-content\/uploads\/2023\/11\/11pro.png 363w\" sizes=\"(max-width: 589px) 100vw, 589px\" \/><\/a><\/p>\n<p><span>Monitorovac\u00ed skupina se s\u00eddlem v Lond\u00fdn\u011b tak\u00e9 ozn\u00e1mila \u00fatoky raket a dron\u016f na americk\u00e9 z\u00e1kladny v plynov\u00e9 elektr\u00e1rn\u011b Conoco ve v\u00fdchodn\u00ed guvernor\u00e1tu Deir Ezzor a ve m\u011bst\u011b al-Shaddadi v severov\u00fdchodn\u00ed guvernor\u00e1tu al-Hasakah po\u010d\u00e1tkem 14. prosince. IRI se nep\u0159ihl\u00e1sila k odpov\u011bdnosti za oba \u00fatoky.<\/span><\/p>\n<p><span>\u00datoky na americk\u00e9 s\u00edly v Ir\u00e1ku a S\u00fdrii za\u010daly 17. \u0159\u00edjna v reakci na izraelskou v\u00e1lku v Gaze, kter\u00e1 vypukla o deset dn\u00ed d\u0159\u00edve.\u00a0K v\u011bt\u0161in\u011b \u00fatok\u016f se p\u0159ihl\u00e1sila IRI.<\/span><\/p>\n<p><span>Americk\u00e1 arm\u00e1da ji\u017e zah\u00e1jila n\u011bkolik odvetn\u00fdch \u00fader\u016f proti c\u00edl\u016fm IRI v S\u00fdrii a Ir\u00e1ku.\u00a0Skupina v\u0161ak z\u016fst\u00e1v\u00e1 neodstra\u0161en\u00e1.<\/span><\/p>\n<p><span>Opakovan\u00e9 \u00fatoky na americk\u00e9 z\u00e1kladny v Ir\u00e1ku a S\u00fdrii maj\u00ed p\u0159im\u011bt Washington, aby p\u0159ehodnotil svou bezpodm\u00edne\u010dnou politickou a vojenskou podporu izraelsk\u00e9 v\u00e1lce v Gaze, kter\u00e1 si dosud vy\u017e\u00e1dala \u017eivoty v\u00edce ne\u017e 18 000 Palestinc\u016f.<\/span><\/p>\n<p><img decoding=\"async\" loading=\"lazy\" class=\"alignnone size-full wp-image-1185\" src=\"http:\/\/www.infokuryr.cz\/n\/wp-content\/uploads\/2021\/04\/kuryr-podpis.png\" alt=\"\" width=\"84\" height=\"24\" \/><\/p>\n<p>&nbsp;<\/p>\n<p>&nbsp;<\/p>\n","protected":false},"excerpt":{"rendered":"<p>Koncem 13. prosince Isl\u00e1msk\u00fd odpor v Ir\u00e1ku (IRI), zast\u0159e\u0161uj\u00edc\u00ed skupina ozbrojen\u00fdch frakc\u00ed podporovan\u00fdch \u00cdr\u00e1nem, ozn\u00e1mila,&#8230;<\/p>\n","protected":false},"author":2,"featured_media":42575,"comment_status":"closed","ping_status":"closed","sticky":false,"template":"","format":"standard","meta":[],"categories":[7],"tags":[80,147,37,1863],"_links":{"self":[{"href":"https:\/\/www.infokuryr.cz\/n\/wp-json\/wp\/v2\/posts\/42574"}],"collection":[{"href":"https:\/\/www.infokuryr.cz\/n\/wp-json\/wp\/v2\/posts"}],"about":[{"href":"https:\/\/www.infokuryr.cz\/n\/wp-json\/wp\/v2\/types\/post"}],"author":[{"embeddable":true,"href":"https:\/\/www.infokuryr.cz\/n\/wp-json\/wp\/v2\/users\/2"}],"replies":[{"embeddable":true,"href":"https:\/\/www.infokuryr.cz\/n\/wp-json\/wp\/v2\/comments?post=42574"}],"version-history":[{"count":1,"href":"https:\/\/www.infokuryr.cz\/n\/wp-json\/wp\/v2\/posts\/42574\/revisions"}],"predecessor-version":[{"id":42576,"href":"https:\/\/www.infokuryr.cz\/n\/wp-json\/wp\/v2\/posts\/42574\/revisions\/42576"}],"wp:featuredmedia":[{"embeddable":true,"href":"https:\/\/www.infokuryr.cz\/n\/wp-json\/wp\/v2\/media\/42575"}],"wp:attachment":[{"href":"https:\/\/www.infokuryr.cz\/n\/wp-json\/wp\/v2\/media?parent=42574"}],"wp:term":[{"taxonomy":"category","embeddable":true,"href":"https:\/\/www.infokuryr.cz\/n\/wp-json\/wp\/v2\/categories?post=42574"},{"taxonomy":"post_tag","embeddable":true,"href":"https:\/\/www.infokuryr.cz\/n\/wp-json\/wp\/v2\/tags?post=42574"}],"curies":[{"name":"wp","href":"https:\/\/api.w.org\/{rel}","templated":true}]}}