{"id":42556,"date":"2023-12-15T00:37:48","date_gmt":"2023-12-14T23:37:48","guid":{"rendered":"http:\/\/www.infokuryr.cz\/n\/?p=42556"},"modified":"2023-12-14T18:36:28","modified_gmt":"2023-12-14T17:36:28","slug":"jak-jsou-padli-zachraneni-a-identifikovani-sokujici-videodokument","status":"publish","type":"post","link":"https:\/\/www.infokuryr.cz\/n\/2023\/12\/15\/jak-jsou-padli-zachraneni-a-identifikovani-sokujici-videodokument\/","title":{"rendered":"Jak jsou padl\u00ed zachr\u00e1n\u011bni a identifikov\u00e1ni \u2013 \u0161okuj\u00edc\u00ed videodokument"},"content":{"rendered":"<div id=\"fb-root\"><\/div>\n<p><span>Tento videodokument n\u00e1m ukazuje, \u017ee nejde jen o \u201e\u010d\u00edsla\u201c, ale o lidi, kdy\u017e sly\u0161\u00edme, \u017ee tolik mlad\u00fdch mu\u017e\u016f na Ukrajin\u011b mus\u00ed zcela bez\u00fa\u010deln\u011b ob\u011btovat sv\u016fj \u017eivot. Bezp\u0159edm\u011btn\u00e9, proto\u017ee v\u00fdsledek v\u00e1lky je ji\u017e jist\u00fd.\u00a0Jak\u00e9koli dal\u0161\u00ed dod\u00e1vky zbran\u00ed ze Z\u00e1padu jen prodlu\u017euj\u00ed boje a toto prodlu\u017eov\u00e1n\u00ed je v\u00fdhradn\u011b v z\u00e1jmu t\u011bch kruh\u016f, kter\u00e9 v\u017edy t\u011b\u017eily z v\u00e1lek: toti\u017e zbrojn\u00edho pr\u016fmyslu!<\/span><\/p>\n<p><span>Tito chamtiv\u00ed zlo\u010dinci jsou zjevn\u011b tak mocn\u00ed, \u017ee politici na Z\u00e1pad\u011b tan\u010d\u00ed podle jejich melodie a dokonce i mainstreamov\u00e1 m\u00e9dia v na\u0161\u00ed \u00fadajn\u011b svobodn\u00e9 spole\u010dnosti se nech\u00e1vaj\u00ed pou\u017e\u00edvat jako org\u00e1ny k podn\u011bcov\u00e1n\u00ed v\u00e1le\u010dn\u00e9 propagandy.<\/span><\/p>\n<p><span>A za v\u0161\u00edm stoj\u00ed n\u00e1\u0161 velk\u00fd \u201ep\u0159\u00edtel\u201c, USA, bez kter\u00fdch by druh\u00e1 sv\u011btov\u00e1 v\u00e1lka nebyla.\u00a0Kdyby, nedej bo\u017ee, m\u011bla b\u00fdt t\u0159et\u00ed sv\u011btov\u00e1 v\u00e1lka, pak by to bylo tak\u00e9 z\u00e1sluhou str\u00fd\u010dka Sama.<\/span><\/p>\n<p><span>Spoluvin\u00edky a stoupence takov\u00fdch hororov\u00fdch sc\u00e9n\u00e1\u0159\u016f zde aktu\u00e1ln\u011b najdete v \u010derveno\/zelen\u00fdch skupin\u00e1ch, kte\u0159\u00ed je\u0161t\u011b p\u0159ed posledn\u00edmi volbami vyv\u011b\u0161ovali plak\u00e1ty, kter\u00e9 byly opakem toho, co d\u011blaj\u00ed nyn\u00ed. Z l\u017eiv\u00fdch m\u00edrov\u00fdch aktivist\u016f se stali nejhor\u0161\u00ed v\u00e1le\u010dn\u00ed \u0161tv\u00e1\u010di.<\/span><\/p>\n<p>&nbsp;<\/p>\n<p><iframe loading=\"lazy\" title=\"An der Front: Was passiert mit toten Soldaten im Ukraine-Krieg?\" width=\"640\" height=\"360\" src=\"https:\/\/www.youtube.com\/embed\/-3w2yOFWktU?start=481&#038;feature=oembed\" frameborder=\"0\" allow=\"accelerometer; autoplay; clipboard-write; encrypted-media; gyroscope; picture-in-picture; web-share\" allowfullscreen><\/iframe><\/p>\n<p><img decoding=\"async\" loading=\"lazy\" class=\"alignnone size-full wp-image-1185\" src=\"http:\/\/www.infokuryr.cz\/n\/wp-content\/uploads\/2021\/04\/kuryr-podpis.png\" alt=\"\" width=\"84\" height=\"24\" \/><\/p>\n<p>&nbsp;<\/p>\n<p><a href=\"https:\/\/stranapro.cz\/\"><img decoding=\"async\" loading=\"lazy\" class=\"wp-image-40286 aligncenter\" src=\"http:\/\/www.infokuryr.cz\/n\/wp-content\/uploads\/2023\/11\/12pro-300x87.png\" alt=\"\" width=\"1031\" height=\"299\" srcset=\"https:\/\/www.infokuryr.cz\/n\/wp-content\/uploads\/2023\/11\/12pro-300x87.png 300w, https:\/\/www.infokuryr.cz\/n\/wp-content\/uploads\/2023\/11\/12pro.png 366w\" sizes=\"(max-width: 1031px) 100vw, 1031px\" \/><\/a><\/p>\n<p>&nbsp;<\/p>\n<p>&nbsp;<\/p>\n","protected":false},"excerpt":{"rendered":"<p>Tento videodokument n\u00e1m ukazuje, \u017ee nejde jen o \u201e\u010d\u00edsla\u201c, ale o lidi, kdy\u017e sly\u0161\u00edme, \u017ee&#8230;<\/p>\n","protected":false},"author":2,"featured_media":42557,"comment_status":"closed","ping_status":"closed","sticky":false,"template":"","format":"standard","meta":[],"categories":[7],"tags":[871,35,26,40,889],"_links":{"self":[{"href":"https:\/\/www.infokuryr.cz\/n\/wp-json\/wp\/v2\/posts\/42556"}],"collection":[{"href":"https:\/\/www.infokuryr.cz\/n\/wp-json\/wp\/v2\/posts"}],"about":[{"href":"https:\/\/www.infokuryr.cz\/n\/wp-json\/wp\/v2\/types\/post"}],"author":[{"embeddable":true,"href":"https:\/\/www.infokuryr.cz\/n\/wp-json\/wp\/v2\/users\/2"}],"replies":[{"embeddable":true,"href":"https:\/\/www.infokuryr.cz\/n\/wp-json\/wp\/v2\/comments?post=42556"}],"version-history":[{"count":1,"href":"https:\/\/www.infokuryr.cz\/n\/wp-json\/wp\/v2\/posts\/42556\/revisions"}],"predecessor-version":[{"id":42558,"href":"https:\/\/www.infokuryr.cz\/n\/wp-json\/wp\/v2\/posts\/42556\/revisions\/42558"}],"wp:featuredmedia":[{"embeddable":true,"href":"https:\/\/www.infokuryr.cz\/n\/wp-json\/wp\/v2\/media\/42557"}],"wp:attachment":[{"href":"https:\/\/www.infokuryr.cz\/n\/wp-json\/wp\/v2\/media?parent=42556"}],"wp:term":[{"taxonomy":"category","embeddable":true,"href":"https:\/\/www.infokuryr.cz\/n\/wp-json\/wp\/v2\/categories?post=42556"},{"taxonomy":"post_tag","embeddable":true,"href":"https:\/\/www.infokuryr.cz\/n\/wp-json\/wp\/v2\/tags?post=42556"}],"curies":[{"name":"wp","href":"https:\/\/api.w.org\/{rel}","templated":true}]}}