{"id":42536,"date":"2023-12-14T05:53:48","date_gmt":"2023-12-14T04:53:48","guid":{"rendered":"http:\/\/www.infokuryr.cz\/n\/?p=42536"},"modified":"2023-12-14T05:53:48","modified_gmt":"2023-12-14T04:53:48","slug":"kevin-barrett-proc-liberalni-media-podnecuji-ke-genocide","status":"publish","type":"post","link":"https:\/\/www.infokuryr.cz\/n\/2023\/12\/14\/kevin-barrett-proc-liberalni-media-podnecuji-ke-genocide\/","title":{"rendered":"Kevin Barrett: Pro\u010d liber\u00e1ln\u00ed m\u00e9dia podn\u011bcuj\u00ed ke genocid\u011b?"},"content":{"rendered":"<div id=\"fb-root\"><\/div>\n<p><span style=\"font-size: 18pt;\"><strong>Izraelci a Ukrajinci jsou jedin\u00ed \u201epravicov\u011b extremisti\u010dt\u00ed nacist\u00e9\u201c. Ale liber\u00e1ln\u00ed establishment je miluje. Pro\u010d?<\/strong><\/span><\/p>\n<p>Pokud jste si nev\u0161imli, liber\u00e1ln\u00ed m\u00e9dia a liber\u00e1ln\u00ed establishment za nimi nen\u00e1vid\u00ed \u201epravicov\u00e9 extremisty\u201c. Od roku 2016, kdy byl Trump zvolen na platform\u011b kontroly hranic, nahradil \u201epravicov\u00fd extremismus\u201c jako nov\u00fd stra\u0161\u00e1k \u201eisl\u00e1msk\u00fd terorismus\u201c. Nel\u00edb\u00ed se v\u00e1m povinn\u00e9 o\u010dkov\u00e1n\u00ed a uzav\u00edr\u00e1n\u00ed COVID? Jste \u201epravicov\u00fd extremista\u201c a zaslou\u017e\u00edte si cenzuru. Nel\u00edb\u00ed se v\u00e1m cenzura? Obhajujete \u201epravicov\u00e9 extremisty\u201c, tak\u017ee j\u00edm mus\u00edte b\u00fdt sami. Nel\u00edb\u00ed se v\u00e1m v\u00e1lka proti Rusku? Mus\u00edte b\u00fdt \u201epravicov\u00fd extremista\u201c jako Putin, kter\u00fd je nov\u00fdm Hitlerem, proto\u017ee se mu nel\u00edb\u00ed indoktrinace LGBTQ a povinn\u00e1 operace zm\u011bny pohlav\u00ed pro batolata.<\/p>\n<p>&nbsp;<\/p>\n<div class='videoWrapper'>\r\n\t            <iframe src='https:\/\/rumble.com\/embed\/pj.v3xqa8a\/' frameborder='0' allowfullscreen><\/iframe>\r\n\t        <\/div>\n<p>&nbsp;<\/p>\n<p>V minulosti v\u00e1s protiv\u00e1le\u010dn\u00e9 postoje, postoje na podporu svobody slova, ob\u010dansk\u00fdch svobod a alternativn\u00ed medic\u00edny \u0159adily na levou stranu spektra. Nyn\u00ed jsou to v\u0161echno znaky \u201epravicov\u00e9ho extremismu\u201c.<\/p>\n<p>Co je na tomto \u201epravicov\u00e9m extremismu\u201c tak stra\u0161n\u00e9ho? V kone\u010dn\u00e9m d\u016fsledku jde o nacisty. Pokud jste pro svobodu projevu, d\u00e1v\u00e1te prostor nacist\u016fm. Pokud podporujete disidenty z COVID, mus\u00edte m\u00edt r\u00e1di toho jednoho chl\u00e1pka s vytetovan\u00fdm h\u00e1kov\u00fdm k\u0159\u00ed\u017eem na shrom\u00e1\u017ed\u011bn\u00ed, kde mluvil RFK Jr. A pokud nepodporujete v\u00e1lku proti Rusku a odm\u00edt\u00e1te sklapnout podpatky a sig heil pro Zelensk\u00e9ho, mus\u00ed to b\u00fdt proto, \u017ee jste stoupenci nov\u00e9ho Hitlera, Vladimira Putina.<\/p>\n<p>Logika je asi takov\u00e1to: Pravicov\u00ed extremist\u00e9 jsou nacist\u00e9. Nacist\u00e9, jak v\u0161ichni v\u00edme, p\u00e1chaj\u00ed genocidu. Pokud tedy extremist\u016fm dovol\u00edme, aby podporovali kontrolu hranic, stav\u011bli se proti v\u00e1lce s Ruskem, \u0159\u00edkali sv\u00e9 n\u00e1zory bez cenzury a m\u00edsto maskov\u00e1n\u00ed a p\u00edch\u00e1n\u00ed praktikovali alternativn\u00ed medic\u00ednu, jedna v\u011bc povede k druh\u00e9 a zanedlouho budou p\u00e1chat genocidu.<\/p>\n<p>Dalo by se \u0159\u00edci, \u017ee jde o novou teorii domina.<\/p>\n<p>Je\u0161t\u011b \u0161\u00edlen\u011bj\u0161\u00ed je, \u017ee na Zemi jsou ve skute\u010dnosti jen dv\u011b m\u00edsta, kde \u201epravicov\u011b extremisti\u010dt\u00ed nacist\u00e9\u201c p\u00e1chaj\u00ed genocidu: Izrael pod veden\u00edm v\u016fdce Netanjahua a Ukrajina pod veden\u00edm v\u016fdce Zelensk\u00e9ho. Ale liber\u00e1ln\u00ed m\u00e9dia navzdory sv\u00e9 zd\u00e1nliv\u00e9 nen\u00e1visti k pravicov\u011b extremistick\u00fdm nacist\u016fm ob\u011b genocidy podporuj\u00ed! Zelinsk\u00e9ho snaha vyvra\u017edit a vyhnat ruskojazy\u010dn\u00e9 obyvatelstvo v\u00fdchodn\u00ed Ukrajiny a vyhladit kulturu v\u0161ech, kte\u0159\u00ed z\u016fstali, je u\u010debnicov\u00fdm p\u0159\u00edpadem genocidy a p\u0159\u00edm\u00fdm pokra\u010dovatelem Hitlerova projektu lebensraum s jeho pl\u00e1novan\u00fdm vyvra\u017ed\u011bn\u00edm a vyhn\u00e1n\u00edm milion\u016f Slovan\u016f. A Netanjahu\u016fv je\u0161t\u011b krvav\u011bj\u0161\u00ed pokus o vyvra\u017ed\u011bn\u00ed a vyhn\u00e1n\u00ed Palestinc\u016f je \u0159\u00e1dov\u011b hor\u0161\u00ed \u2013 pravd\u011bpodobn\u011b\u00a0<a href=\"https:\/\/www.unz.com\/announcement\/the-holocaust-debate\/\" target=\"_blank\" rel=\"external noopener\">hor\u0161\u00ed ne\u017e cokoli, co kdy ud\u011blal Hitler<\/a>.<\/p>\n<p>Jak Zelensk\u00e9ho Ukrajina, tak Netanjahu\u016fv Izrael jsou fanatick\u00e9 pravicov\u00e9 ultranacionalistick\u00e9 re\u017eimy, postaven\u00e9 na vyzdvihov\u00e1n\u00ed \u201enad\u0159azen\u00e9 rasy\u201c (v jednom p\u0159\u00edpad\u011b Ukrajinc\u016f\/\u017did\u016f, v druh\u00e9m jen oby\u010dejn\u00fdch \u017did\u016f) a genocidn\u00ed d\u00e9monizaci untermenschen (ruskojazy\u010dn\u00fdch k\u0159es\u0165an\u016f na Ukrajin\u011b, Palestinc\u016f v Palestin\u011b). Tyto dva re\u017eimy jsou apote\u00f3zou v\u0161eho, co pro-tolerantn\u00ed, antirasisti\u010dt\u00ed a promultikulturn\u00ed liber\u00e1lov\u00e9 vyzn\u00e1vaj\u00ed jako nen\u00e1vist. A p\u0159esto je liber\u00e1ln\u00ed establishment miluje, a dokonce jejich jm\u00e9nem\u00a0<a href=\"https:\/\/thegrayzone.com\/2023\/12\/06\/scandal-israeli-october-7-fabrications\/\" target=\"_blank\" rel=\"external noopener\">vede nep\u0159etr\u017eitou pro-genocidn\u00ed propagandu<\/a>. Co si ti liber\u00e1lov\u00e9 mohou myslet?<\/p>\n<h2>Kosmopolitn\u00ed \u0159\u00ed\u0161e<\/h2>\n<p>Kdy\u017e odloupneme okle\u0161t\u011bnou slupku \u010d\u00edm d\u00e1l t\u00edm v\u00edc o\u0161oupan\u00e9ho liberalismu, zjist\u00edme, \u017ee takzvan\u00fd liber\u00e1ln\u00ed establishment v\u016fbec nen\u00ed p\u0159\u00edli\u0161 liber\u00e1ln\u00ed. Jeho skute\u010dn\u00e9 ko\u0159eny tkv\u00ed v trockismu a iluminismu, nikoli v klasick\u00e9m osv\u00edcensk\u00e9m liberalismu, a jeho kone\u010dn\u00fdm c\u00edlem je totalitn\u00ed glob\u00e1ln\u00ed diktatura. To je alespo\u0148 argument nov\u00e9 knihy Petera Myerse\u00a0<a href=\"https:\/\/www.amazon.com\/Cosmopolitan-Empire-One-World-Whose\/dp\/0645836117\" target=\"_blank\" rel=\"external noopener\">Kosmopolitn\u00ed imp\u00e9rium<\/a>.<\/p>\n<p>Myers o tom vypr\u00e1v\u00ed tak, \u017ee od doby, kdy osv\u00edcenstv\u00ed explodovalo ve Francouzskou revoluci, se nekonzervativn\u00ed s\u00edly v podstat\u011b rozd\u011blily na dva t\u00e1bory. Do prvn\u00edho t\u00e1bora, reformist\u016f, pat\u0159\u00ed klasi\u010dt\u00ed liber\u00e1lov\u00e9, demokrati\u010dt\u00ed socialist\u00e9, um\u00edrn\u011bn\u00ed libertari\u00e1ni a dal\u0161\u00ed, kte\u0159\u00ed usiluj\u00ed o postupn\u00e9 a pokojn\u00e9 zm\u011bny. Druh\u00fd t\u00e1bor tvo\u0159\u00ed nihilist\u00e9, tedy ti, kdo usiluj\u00ed o\u00a0<a href=\"https:\/\/medium.com\/dan-sanchez\/clean-break-to-dirty-wars-d5ebc5fda9f9\" target=\"_blank\" rel=\"external noopener\">\u010dist\u00fd rozchod<\/a>\u00a0se sou\u010dasn\u00fdm \u0159\u00e1dem prost\u0159ednictv\u00edm\u00a0<a href=\"https:\/\/circleof13.blogspot.com\/2008\/04\/creative-destruction-is-our-middle-name.html\" target=\"_blank\" rel=\"external noopener\">kreativn\u00ed destrukce<\/a>, aby na jeho trosk\u00e1ch mohli vybudovat glob\u00e1ln\u00ed diktaturu. Myers sleduje tuto skupinu od ilumin\u00e1t\u016f Adama Weishaupta p\u0159es marxistick\u00fd komunismus a\u017e k neotrockist\u016fm, kter\u00e9 pova\u017euje za skute\u010dnou hybnou s\u00edlu dne\u0161n\u00edho pseudoliber\u00e1ln\u00edho establishmentu.<\/p>\n<p>Myers se neboj\u00ed zm\u00ednit ani slona v porcel\u00e1nu: \u017eidovsk\u00e9 spojen\u00ed s nihilistick\u00fdm t\u00e1borem. Jestli\u017ee \u017did\u00e9 tradi\u010dn\u011b opovrhovali g\u00f3jsk\u00fdmi spole\u010dnostmi, kter\u00e9 je hostily, a p\u0159\u00edle\u017eitostn\u011b se sna\u017eili tyto spole\u010dnosti podkopat, zd\u00e1 se p\u0159irozen\u00e9, \u017ee se n\u011bkte\u0159\u00ed z nich \u00fa\u010dastnili modern\u00edch hnut\u00ed, kter\u00e1 se sna\u017eila zni\u010dit tradi\u010dn\u00ed spole\u010dnosti ve slu\u017eb\u00e1ch utopick\u00e9 vize ne nepodobn\u00e9 t\u00e9, kter\u00e1 dlouho inspirovala mnoh\u00e9 p\u0159\u00edchut\u011b \u017eidovsk\u00e9ho mesi\u00e1\u0161sk\u00e9ho milenarismu, nebo je dokonce vedli. Tato utopick\u00e1 vize p\u0159edstavuje Mesi\u00e1\u0161e, kter\u00fd si podman\u00ed sv\u011bt a podrob\u00ed g\u00f3jsk\u00e9 obyvatelstvo \u017did\u016fm, \u010d\u00edm\u017e se sv\u011bt stane r\u00e1jem pro \u017didy, z nich\u017e ka\u017ed\u00fd\u00a0<a href=\"https:\/\/www.youtube.com\/watch?v=Y1XKOKsjxdg\" target=\"_blank\" rel=\"external noopener\">bude vlastnit 2800 g\u00f3jsk\u00fdch otrok\u016f<\/a>.<\/p>\n<p><a href=\"https:\/\/stranapro.cz\/\"><img decoding=\"async\" loading=\"lazy\" class=\"alignnone  wp-image-40285 aligncenter\" src=\"http:\/\/www.infokuryr.cz\/n\/wp-content\/uploads\/2023\/11\/11pro-300x79.png\" alt=\"\" width=\"653\" height=\"172\" srcset=\"https:\/\/www.infokuryr.cz\/n\/wp-content\/uploads\/2023\/11\/11pro-300x79.png 300w, https:\/\/www.infokuryr.cz\/n\/wp-content\/uploads\/2023\/11\/11pro.png 363w\" sizes=\"(max-width: 653px) 100vw, 653px\" \/><\/a><\/p>\n<p>Zd\u00e1nliv\u011b sekul\u00e1rn\u00ed nihilisti\u010dt\u00ed radik\u00e1lov\u00e9, od Weishaupta p\u0159es Lenina a Trock\u00e9ho a\u017e po H. G. Wellse a George Sorose, vedli nepom\u011brn\u011b v\u00edce sekul\u00e1rn\u011b-\u017eidovsk\u00e1 hnut\u00ed, jejich\u017e c\u00edlem bylo zni\u010dit tradi\u010dn\u00ed n\u00e1bo\u017eenstv\u00ed a kultury, aby vytvo\u0159ili sv\u011btov\u00fd st\u00e1t, tedy technokratickou glob\u00e1ln\u00ed diktaturu ovl\u00e1danou privilegovanou elitou. Tento projekt jednoho sv\u011bta, nikoli klasick\u00fd liberalismus, se zd\u00e1 b\u00fdt hnac\u00ed silou dne\u0161n\u00edho establishmentu. A pr\u00e1v\u011b proto \u201eliber\u00e1ln\u00ed\u201c establishment podporuje genocidn\u00ed ubernacionalisty na Ukrajin\u011b a v okupovan\u00e9 Palestin\u011b. Ukrajin\u0161t\u00ed nacist\u00e9 (financovan\u00ed \u017eidovsk\u00fdmi oligarchy) jsou vyzbrojeni proti obrod\u011b Ruska s jeho vlastenectv\u00edm, pravoslavn\u00fdm n\u00e1bo\u017eenstv\u00edm a rodinn\u00fdmi hodnotami; zat\u00edmco zio-nacist\u00e9 jsou vyzbrojeni proti tradi\u010dn\u00ed isl\u00e1msk\u00e9 civilizaci.<\/p>\n<p>Fale\u0161n\u011b liber\u00e1ln\u00ed establishment propaguje tyto genocidy a krvav\u00e9 l\u00e1zn\u011b nikoli proto, \u017ee by jeho nejvy\u0161\u0161\u00ed hodnotou byla svoboda a d\u016fstojnost jednotlivce, jak by to cht\u011bl klasick\u00fd liberalismus, ale proto, \u017ee jeho liber\u00e1ln\u00ed bromy jsou jen kou\u0159ovou clonou pro projekt totalitn\u00edho ovl\u00e1dnut\u00ed sv\u011bta. Jin\u00fdmi slovy, jejich motivac\u00ed nen\u00ed \u201esvoboda\u201c dvoulet\u00fdch d\u011bt\u00ed nechat si zm\u011bnit pohlav\u00ed. M\u00edsto toho fale\u0161n\u00ed liber\u00e1lov\u00e9 vedou v\u00e1lku proti tradi\u010dn\u00ed rodin\u011b, kter\u00e1 je z\u00e1kladem organick\u00e9ho tradi\u010dn\u00edho spole\u010densk\u00e9ho \u017eivota, proto\u017ee stoj\u00ed v cest\u011b jejich totalitn\u00edmu sv\u011btov\u00e9mu st\u00e1tu. Stejn\u011b tak nen\u00e1vid\u00ed Putina ne proto, \u017ee neschvaluje duhov\u00e9 vlajky, ale proto, \u017ee mobilizuje Rusko, aby se jako suver\u00e9nn\u00ed k\u0159es\u0165ansko-muslimsk\u00fd n\u00e1rod postavilo hroz\u00edc\u00ed glob\u00e1ln\u00ed diktatu\u0159e.<\/p>\n<p>Myersovo sch\u00e9ma pom\u00e1h\u00e1 vysv\u011btlit, pro\u010d tolik ateistick\u00fdch \u017did\u016f \u201ep\u0159e\u0161lo\u201c od trockist\u016f k neokonzervativc\u016fm.\u00a0<a href=\"https:\/\/mailstar.net\/shpak-fraud-neocons.html\" target=\"_blank\" rel=\"external noopener\">Max Shpak napsal<\/a>:<\/p>\n<p><em>Mo\u017en\u00e1 je\u0161t\u011b v\u00fdznamn\u011bj\u0161\u00edm faktorem p\u0159i vzniku neokonzervatismu byl vznik nez\u00e1visl\u00e9ho izraelsk\u00e9ho st\u00e1tu. Zat\u00edmco mnoz\u00ed \u017eidov\u0161t\u00ed marxist\u00e9 sionistick\u00fd st\u00e1t horliv\u011b podporovali, intelektu\u00e1ln\u011b d\u016fsledn\u011bj\u0161\u00ed levice se postavila proti sionismu s od\u016fvodn\u011bn\u00edm, \u017ee v\u0161echny nacionalismy, v\u010detn\u011b \u017eidovsk\u00e9ho, jsou nep\u0159\u00e1teli glob\u00e1ln\u00ed prolet\u00e1\u0159sk\u00e9 revoluce. \u017didov\u0161t\u00ed levi\u010d\u00e1ci, kte\u0159\u00ed kdysi obhajovali internacionalismus pro ne\u017eidovsk\u00e9 n\u00e1rody, se tak museli vyrovnat s d\u016fsledky t\u00e9to ideologie pro sv\u00e9 vlastn\u00ed nacionalistick\u00e9 c\u00edt\u011bn\u00ed. Pot\u0159ebovali tedy ideologii, kter\u00e1 by jim umo\u017enila m\u00edt sv\u016fj kol\u00e1\u010d (odpor proti g\u00f3jsk\u00e9mu nacionalismu) a z\u00e1rove\u0148 ho sn\u00edst (podporou Izraele), a pr\u00e1v\u011b takov\u00fd sv\u011bton\u00e1zor na\u0161li v neokonzervatismu.<\/em><\/p>\n<p>Neokonzervativci zd\u011bdili Trock\u00e9ho projekt zni\u010den\u00ed n\u00e1rod\u016f a n\u00e1bo\u017eenstv\u00ed a rodin, na nich\u017e jsou zalo\u017eeny, v nad\u011bji, \u017ee se z trosek vyno\u0159\u00ed utopie. T\u00edm, \u017ee se vyd\u00e1vaj\u00ed za liber\u00e1ly \u2013 jako v p\u0159\u00edpad\u011b\u00a0<a href=\"https:\/\/kevinbarrett.substack.com\/p\/did-robert-kagan-just-call-for-the\" target=\"_blank\" rel=\"external noopener\">Kaganovy zast\u0159en\u00e9 v\u00fdzvy k Trumpov\u011b zavra\u017ed\u011bn\u00ed<\/a>\u00a0pod z\u00e1minkou, \u017ee Trump ohro\u017euje liber\u00e1ln\u00ed demokracii \u2013 se neokonzervativc\u016fm poda\u0159ilo p\u0159etvo\u0159it to, co se vyd\u00e1v\u00e1 za liberalismus, k obrazu sv\u00e9mu.<\/p>\n<p>Nen\u00ed divu, \u017ee dne\u0161n\u00ed \u201eliberalismus\u201c je totalitn\u00ed a genocidn\u00ed.<\/p>\n<div class=\"podcarou\">\n<p><a href=\"https:\/\/www.unz.com\/kbarrett\/why-is-the-liberal-media-inciting-genocide\/\" target=\"_blank\" rel=\"external noopener\">Why Is the Liberal Media Inciting Genocide?<\/a> vy\u0161el 9.12.2023 na unz.com. P\u0159eklad\u00a0<a href=\"https:\/\/zvedavec.news\/komentare\/2023\/12\/9906-proc-liberalni-media-podnecuji-ke-genocide.htm\">Zvedavec.org<\/a><\/p>\n<\/div>\n<p>&nbsp;<\/p>\n<p>&nbsp;<\/p>\n<p>&nbsp;<\/p>\n","protected":false},"excerpt":{"rendered":"<p>Izraelci a Ukrajinci jsou jedin\u00ed \u201epravicov\u011b extremisti\u010dt\u00ed nacist\u00e9\u201c. Ale liber\u00e1ln\u00ed establishment je miluje. Pro\u010d? Pokud&#8230;<\/p>\n","protected":false},"author":2,"featured_media":39874,"comment_status":"closed","ping_status":"closed","sticky":false,"template":"","format":"standard","meta":[],"categories":[7],"tags":[1042,107,158,26],"_links":{"self":[{"href":"https:\/\/www.infokuryr.cz\/n\/wp-json\/wp\/v2\/posts\/42536"}],"collection":[{"href":"https:\/\/www.infokuryr.cz\/n\/wp-json\/wp\/v2\/posts"}],"about":[{"href":"https:\/\/www.infokuryr.cz\/n\/wp-json\/wp\/v2\/types\/post"}],"author":[{"embeddable":true,"href":"https:\/\/www.infokuryr.cz\/n\/wp-json\/wp\/v2\/users\/2"}],"replies":[{"embeddable":true,"href":"https:\/\/www.infokuryr.cz\/n\/wp-json\/wp\/v2\/comments?post=42536"}],"version-history":[{"count":0,"href":"https:\/\/www.infokuryr.cz\/n\/wp-json\/wp\/v2\/posts\/42536\/revisions"}],"wp:featuredmedia":[{"embeddable":true,"href":"https:\/\/www.infokuryr.cz\/n\/wp-json\/wp\/v2\/media\/39874"}],"wp:attachment":[{"href":"https:\/\/www.infokuryr.cz\/n\/wp-json\/wp\/v2\/media?parent=42536"}],"wp:term":[{"taxonomy":"category","embeddable":true,"href":"https:\/\/www.infokuryr.cz\/n\/wp-json\/wp\/v2\/categories?post=42536"},{"taxonomy":"post_tag","embeddable":true,"href":"https:\/\/www.infokuryr.cz\/n\/wp-json\/wp\/v2\/tags?post=42536"}],"curies":[{"name":"wp","href":"https:\/\/api.w.org\/{rel}","templated":true}]}}