{"id":42494,"date":"2023-12-14T00:42:58","date_gmt":"2023-12-13T23:42:58","guid":{"rendered":"https:\/\/www.infokuryr.cz\/n\/?p=42494"},"modified":"2023-12-13T18:26:01","modified_gmt":"2023-12-13T17:26:01","slug":"80-francouzu-podporuje-zakaz-pristehovalectvi-dve-tretiny-souhlasi-s-referendem","status":"publish","type":"post","link":"https:\/\/www.infokuryr.cz\/n\/2023\/12\/14\/80-francouzu-podporuje-zakaz-pristehovalectvi-dve-tretiny-souhlasi-s-referendem\/","title":{"rendered":"80 % Francouz\u016f podporuje z\u00e1kaz p\u0159ist\u011bhovalectv\u00ed, dv\u011b t\u0159etiny souhlas\u00ed s referendem"},"content":{"rendered":"<div id=\"fb-root\"><\/div>\n<p><span style=\"font-size: 18pt;\"><strong>Francouzi jsou st\u00e1le v\u00edce znepokojeni rychl\u00fdm n\u00e1r\u016fstem nov\u011b p\u0159\u00edchoz\u00edch do jejich zem\u011b<\/strong><\/span><\/p>\n<p><span>P\u0159ev\u00e1\u017en\u00e1 v\u011bt\u0161ina francouzsk\u00fdch ob\u010dan\u016f si nemysl\u00ed, \u017ee by jejich vl\u00e1da m\u011bla ve Francii v\u00edtat dal\u0161\u00ed migranty a dv\u011b t\u0159etiny zem\u011b podporuj\u00ed referendum o p\u0159ist\u011bhovalectv\u00ed, uk\u00e1zal ned\u00e1vn\u00fd pr\u016fzkum.<\/span><\/p>\n<p><span>Podle pr\u016fzkumu Institutu CSA pro\u00a0<\/span><a href=\"https:\/\/www.cnews.fr\/france\/2023-12-13\/sondage-2-francais-sur-3-favorables-un-referendum-sur-limmigration-1429152\"><span>CNEWS<\/span><\/a><span>\u00a0zve\u0159ejn\u011bn\u00e9ho v \u00fater\u00fd si 80 procent lid\u00ed ve Francii p\u0159eje z\u00e1kaz p\u0159ist\u011bhovalectv\u00ed, ve srovn\u00e1n\u00ed s pouh\u00fdmi 19 procenty ve prosp\u011bch dal\u0161\u00edch nov\u011b p\u0159\u00edchoz\u00edch.<\/span><\/p>\n<p><span>Odpor k masov\u011bj\u0161\u00ed imigraci je v\u011bt\u0161inov\u00fdm n\u00e1zorem v\u0161ech v\u011bkov\u00fdch skupin.\u00a0Nejvst\u0159\u00edcn\u011bj\u0161\u00ed demografickou skupinou jsou mlad\u0161\u00ed lid\u00e9;\u00a0nicm\u00e9n\u011b 68 procent z\u016fst\u00e1v\u00e1 proti v\u011bt\u0161\u00edmu p\u0159ist\u011bhovalectv\u00ed ve srovn\u00e1n\u00ed s 31 procenty pro.<\/span><\/p>\n<p><span>V\u011bkov\u00e1 skupina, kter\u00e1 je nejv\u00edce proti otev\u0159en\u00fdm hranic\u00edm, je 50-64 let, kde je 88 procent proti, co\u017e je o p\u011bt procentn\u00edch bod\u016f v\u00edce ne\u017e ve v\u011bku 65+.<\/span><\/p>\n<p><a href=\"https:\/\/stranapro.cz\/\"><img decoding=\"async\" loading=\"lazy\" class=\"wp-image-40285 aligncenter\" src=\"http:\/\/www.infokuryr.cz\/n\/wp-content\/uploads\/2023\/11\/11pro-300x79.png\" alt=\"\" width=\"604\" height=\"159\" srcset=\"https:\/\/www.infokuryr.cz\/n\/wp-content\/uploads\/2023\/11\/11pro-300x79.png 300w, https:\/\/www.infokuryr.cz\/n\/wp-content\/uploads\/2023\/11\/11pro.png 363w\" sizes=\"(max-width: 604px) 100vw, 604px\" \/><\/a><\/p>\n<p><span>Zat\u00edmco odpor k masov\u00e9 imigraci je mezi pravicov\u011b orientovan\u00fdmi voli\u010di t\u00e9m\u011b\u0159 jednomysln\u00fd \u2013 100 procent voli\u010d\u016f Reconqu\u00eate \u00c9rica Zemmoura a 98 procent voli\u010d\u016f National Rally je proti \u2013 st\u00e1le v\u011bt\u0161\u00ed po\u010det levicov\u00fdch sympatizant\u016f tak\u00e9 zpochyb\u0148uje po\u010det nov\u011b p\u0159\u00edchoz\u00edch do Francie.<\/span><\/p>\n<p><span>Celkem 56 procent levicov\u00fdch voli\u010d\u016f je proti v\u011bt\u0161\u00ed imigraci, p\u0159i\u010dem\u017e jedinou t\u011bsnou v\u011bt\u0161inu pro na\u0161li p\u0159\u00edznivci Radik\u00e1ln\u00ed strany levice (55 procent), LFI (55 procent) a Zelen\u00fdch (52 procent).<\/span><\/p>\n<p><span>Pr\u016fzkum byl proveden ve dnech 11. a\u017e 12. prosince, kdy\u017e francouzsk\u00fd parlament zam\u00edtl imigra\u010dn\u00ed z\u00e1kon francouzsk\u00e9 vl\u00e1dy.\u00a0Levicov\u00e9 parlamentn\u00ed frakce v\u011b\u0159ily, \u017ee z\u00e1kon poru\u0161uje lidsk\u00e1 pr\u00e1va, zat\u00edmco pravicov\u00ed politici v\u010detn\u011b Marine Le Penov\u00e9 uvedli, \u017ee z\u00e1kon je \u201eproimigra\u010dn\u00ed\u201c.<\/span><\/p>\n<p><span>Stejn\u00fd\u00a0<\/span><a href=\"https:\/\/www.cnews.fr\/france\/2023-12-13\/sondage-2-francais-sur-3-favorables-un-referendum-sur-limmigration-1429152\"><span>pr\u016fzkum<\/span><\/a><span>\u00a0uk\u00e1zal, \u017ee dv\u011b t\u0159etiny francouzsk\u00fdch ob\u010dan\u016f tak\u00e9 podporuj\u00ed referendum o p\u0159ist\u011bhovalectv\u00ed, co\u017e je krok, kter\u00fd ji\u017e n\u011bjakou dobu navrhuj\u00ed pravicov\u00e9 strany, kter\u00e9 se domn\u00edvaj\u00ed, \u017ee p\u0159\u00edliv nov\u011b p\u0159\u00edchoz\u00edch ohro\u017euje soci\u00e1ln\u00ed soudr\u017enost v zemi a vedl k n\u00e1r\u016fstu zlo\u010din.<\/span><\/p>\n<p><span>N\u00e1r\u016fst kriminality kv\u016fli imigraci dolo\u017eil minul\u00fd t\u00fdden ministr vnitra G\u00e9rald Darmanin, kter\u00fd odhalil, \u017ee 60 procent lid\u00ed zat\u010den\u00fdch ve Francii jsou ciz\u00ed st\u00e1tn\u00ed p\u0159\u00edslu\u0161n\u00edci.<\/span><\/p>\n<div class=\"twitter-tweet twitter-tweet-rendered\"><iframe id=\"twitter-widget-0\" class=\"\" title=\"X Post\" src=\"https:\/\/platform.twitter.com\/embed\/Tweet.html?dnt=false&amp;embedId=twitter-widget-0&amp;features=eyJ0ZndfdGltZWxpbmVfbGlzdCI6eyJidWNrZXQiOltdLCJ2ZXJzaW9uIjpudWxsfSwidGZ3X2ZvbGxvd2VyX2NvdW50X3N1bnNldCI6eyJidWNrZXQiOnRydWUsInZlcnNpb24iOm51bGx9LCJ0ZndfdHdlZXRfZWRpdF9iYWNrZW5kIjp7ImJ1Y2tldCI6Im9uIiwidmVyc2lvbiI6bnVsbH0sInRmd19yZWZzcmNfc2Vzc2lvbiI6eyJidWNrZXQiOiJvbiIsInZlcnNpb24iOm51bGx9LCJ0ZndfZm9zbnJfc29mdF9pbnRlcnZlbnRpb25zX2VuYWJsZWQiOnsiYnVja2V0Ijoib24iLCJ2ZXJzaW9uIjpudWxsfSwidGZ3X21peGVkX21lZGlhXzE1ODk3Ijp7ImJ1Y2tldCI6InRyZWF0bWVudCIsInZlcnNpb24iOm51bGx9LCJ0ZndfZXhwZXJpbWVudHNfY29va2llX2V4cGlyYXRpb24iOnsiYnVja2V0IjoxMjA5NjAwLCJ2ZXJzaW9uIjpudWxsfSwidGZ3X3Nob3dfYmlyZHdhdGNoX3Bpdm90c19lbmFibGVkIjp7ImJ1Y2tldCI6Im9uIiwidmVyc2lvbiI6bnVsbH0sInRmd19kdXBsaWNhdGVfc2NyaWJlc190b19zZXR0aW5ncyI6eyJidWNrZXQiOiJvbiIsInZlcnNpb24iOm51bGx9LCJ0ZndfdXNlX3Byb2ZpbGVfaW1hZ2Vfc2hhcGVfZW5hYmxlZCI6eyJidWNrZXQiOiJvbiIsInZlcnNpb24iOm51bGx9LCJ0ZndfdmlkZW9faGxzX2R5bmFtaWNfbWFuaWZlc3RzXzE1MDgyIjp7ImJ1Y2tldCI6InRydWVfYml0cmF0ZSIsInZlcnNpb24iOm51bGx9LCJ0ZndfbGVnYWN5X3RpbWVsaW5lX3N1bnNldCI6eyJidWNrZXQiOnRydWUsInZlcnNpb24iOm51bGx9LCJ0ZndfdHdlZXRfZWRpdF9mcm9udGVuZCI6eyJidWNrZXQiOiJvbiIsInZlcnNpb24iOm51bGx9fQ%3D%3D&amp;frame=false&amp;hideCard=false&amp;hideThread=false&amp;id=1733234664033116350&amp;lang=cs&amp;origin=https%3A%2F%2Frmx.news%2Fmigration%2F80-of-french-support-ban-on-more-immigration-two-thirds-back-referendum%2F&amp;sessionId=cabb00f2f0e95d4d2541399cf61a682404887769&amp;theme=light&amp;widgetsVersion=2615f7e52b7e0%3A1702314776716&amp;width=550px\" frameborder=\"0\" scrolling=\"no\" allowfullscreen=\"allowfullscreen\" data-tweet-id=\"1733234664033116350\" data-mce-fragment=\"1\"><\/iframe><\/div>\n<p><span>Tuto my\u0161lenku op\u011bt podporuje ka\u017ed\u00e1 v\u011bkov\u00e1 skupina v cel\u00e9 zemi, p\u0159i\u010dem\u017e nejsiln\u011bji ji podporuj\u00ed lid\u00e9 ve v\u011bku 50\u201364 let, a to 73 procent.\u00a0Mlad\u00ed lid\u00e9 ve v\u011bku 18-24 let podporuj\u00ed nejm\u00e9n\u011b, ale st\u00e1le z\u00edsk\u00e1v\u00e1 v\u011bt\u0161inu 64 procent pro, 36 procent proti.<\/span><\/p>\n<p><img decoding=\"async\" loading=\"lazy\" class=\"alignnone size-full wp-image-1185\" src=\"http:\/\/www.infokuryr.cz\/n\/wp-content\/uploads\/2021\/04\/kuryr-podpis.png\" alt=\"\" width=\"84\" height=\"24\" \/><\/p>\n<p>&nbsp;<\/p>\n<p>&nbsp;<\/p>\n","protected":false},"excerpt":{"rendered":"<p>Francouzi jsou st\u00e1le v\u00edce znepokojeni rychl\u00fdm n\u00e1r\u016fstem nov\u011b p\u0159\u00edchoz\u00edch do jejich zem\u011b P\u0159ev\u00e1\u017en\u00e1 v\u011bt\u0161ina francouzsk\u00fdch&#8230;<\/p>\n","protected":false},"author":2,"featured_media":42495,"comment_status":"closed","ping_status":"closed","sticky":false,"template":"","format":"standard","meta":[],"categories":[7],"tags":[130,119,620],"_links":{"self":[{"href":"https:\/\/www.infokuryr.cz\/n\/wp-json\/wp\/v2\/posts\/42494"}],"collection":[{"href":"https:\/\/www.infokuryr.cz\/n\/wp-json\/wp\/v2\/posts"}],"about":[{"href":"https:\/\/www.infokuryr.cz\/n\/wp-json\/wp\/v2\/types\/post"}],"author":[{"embeddable":true,"href":"https:\/\/www.infokuryr.cz\/n\/wp-json\/wp\/v2\/users\/2"}],"replies":[{"embeddable":true,"href":"https:\/\/www.infokuryr.cz\/n\/wp-json\/wp\/v2\/comments?post=42494"}],"version-history":[{"count":1,"href":"https:\/\/www.infokuryr.cz\/n\/wp-json\/wp\/v2\/posts\/42494\/revisions"}],"predecessor-version":[{"id":42496,"href":"https:\/\/www.infokuryr.cz\/n\/wp-json\/wp\/v2\/posts\/42494\/revisions\/42496"}],"wp:featuredmedia":[{"embeddable":true,"href":"https:\/\/www.infokuryr.cz\/n\/wp-json\/wp\/v2\/media\/42495"}],"wp:attachment":[{"href":"https:\/\/www.infokuryr.cz\/n\/wp-json\/wp\/v2\/media?parent=42494"}],"wp:term":[{"taxonomy":"category","embeddable":true,"href":"https:\/\/www.infokuryr.cz\/n\/wp-json\/wp\/v2\/categories?post=42494"},{"taxonomy":"post_tag","embeddable":true,"href":"https:\/\/www.infokuryr.cz\/n\/wp-json\/wp\/v2\/tags?post=42494"}],"curies":[{"name":"wp","href":"https:\/\/api.w.org\/{rel}","templated":true}]}}