{"id":42491,"date":"2023-12-14T00:41:31","date_gmt":"2023-12-13T23:41:31","guid":{"rendered":"https:\/\/www.infokuryr.cz\/n\/?p=42491"},"modified":"2023-12-13T18:17:48","modified_gmt":"2023-12-13T17:17:48","slug":"nigel-farage-je-nyni-mezi-konzervativnimi-volici-mnohem-popularnejsi-nez-premier-rishi-sunak","status":"publish","type":"post","link":"https:\/\/www.infokuryr.cz\/n\/2023\/12\/14\/nigel-farage-je-nyni-mezi-konzervativnimi-volici-mnohem-popularnejsi-nez-premier-rishi-sunak\/","title":{"rendered":"Nigel Farage je nyn\u00ed mezi konzervativn\u00edmi voli\u010di mnohem popul\u00e1rn\u011bj\u0161\u00ed ne\u017e premi\u00e9r Rishi Sunak"},"content":{"rendered":"<div id=\"fb-root\"><\/div>\n<p><span style=\"font-size: 18pt;\"><strong>Nejnov\u011bj\u0161\u00ed pr\u016fzkum ve\u0159ejn\u00e9ho m\u00edn\u011bn\u00ed uk\u00e1zal prudk\u00fd n\u00e1r\u016fst popularity Farage po jeho p\u016fsoben\u00ed v australsk\u00e9 d\u017eungli v \u00fasp\u011b\u0161n\u00e9 britsk\u00e9 televizn\u00ed show \u201eI&#8217;m A Celebrity: Get Me Out Of Here\u201c<\/strong><\/span><\/p>\n<p><span>Hlasatel a b\u00fdval\u00fd frontov\u00fd politik Nigel Farage je nyn\u00ed mezi konzervativn\u00edmi voli\u010di popul\u00e1rn\u011bj\u0161\u00ed ne\u017e premi\u00e9r Rishi Sunak, uk\u00e1zal ned\u00e1vn\u00fd pr\u016fzkum.<\/span><\/p>\n<p><span>B\u00fdval\u00fd v\u016fdce UKIP a Brexit Party zaznamenal, \u017ee jeho popularita mezi konzervativn\u00edmi ob\u010dany prudce vzrostla po t\u0159\u00edt\u00fddenn\u00edm p\u016fsoben\u00ed v australsk\u00e9 d\u017eungli v \u00fasp\u011b\u0161n\u00e9 britsk\u00e9 reality show \u201eI&#8217;m A Celebrity: Get Me Out Of Here\u201c.<\/span><\/p>\n<p><span>Pr\u016fzkum, kter\u00fd provedla agentura JL Partners, uk\u00e1zal, \u017ee Farageovo sk\u00f3re popularity vzrostlo na +18 mezi voli\u010di, kte\u0159\u00ed podpo\u0159ili Konzervativn\u00ed stranu v posledn\u00edch v\u0161eobecn\u00fdch volb\u00e1ch v roce 2019. Celkem 46 procent ho vn\u00edmalo pozitivn\u011b, ve srovn\u00e1n\u00ed s 28 procenty, kte\u0159\u00ed m\u011bli negativn\u00ed pohled na moder\u00e1tora GB News.<\/span><\/p>\n<p><span>Farageovo sk\u00f3re prudce stouplo z \u010dist\u00e9ho kladn\u00e9ho hodnocen\u00ed +1 p\u0159ed show, co\u017e potvrdilo jeho rozhodnut\u00ed z\u00fa\u010dastnit se show, o n\u00ed\u017e v\u011b\u0159il, \u017ee je p\u0159\u00edle\u017eitost\u00ed oslovit \u0161ir\u0161\u00ed publikum p\u0159ed n\u00e1vratem do p\u0159edn\u00ed politick\u00e9 linie, o kter\u00e9m se tolik mluv\u00ed.<\/span><\/p>\n<p><span>Pro srovn\u00e1n\u00ed, popularita premi\u00e9ra Rishi Sunaka klesla na \u010dist\u00e9 negativn\u00ed sk\u00f3re -3 mezi voli\u010di jeho vlastn\u00ed strany a l\u00eddr Spojen\u00e9ho kr\u00e1lovstv\u00ed m\u00e1 sk\u00f3re -41 mezi \u0161ir\u0161\u00edmi voli\u010di ve srovn\u00e1n\u00ed s Farage -29.<\/span><\/p>\n<p><span>Od odchodu z australsk\u00e9 d\u017eungle, b\u011bhem kter\u00e9ho mu bylo zak\u00e1z\u00e1no komunikovat s vn\u011bj\u0161\u00edm sv\u011btem a dr\u017eet krok s aktu\u00e1ln\u00edm d\u011bn\u00edm, zah\u00e1jil Farage rozs\u00e1hl\u00fd \u00fatok na azylovou dohodu vl\u00e1dnouc\u00edch konzervativc\u016f ve Rwand\u011b \u2013 st\u011b\u017eejn\u00ed politiku veden\u00ed Rishi Sunaka.<\/span><\/p>\n<div class=\"twitter-tweet twitter-tweet-rendered\"><iframe id=\"twitter-widget-0\" class=\"\" title=\"X Post\" src=\"https:\/\/platform.twitter.com\/embed\/Tweet.html?dnt=false&amp;embedId=twitter-widget-0&amp;features=eyJ0ZndfdGltZWxpbmVfbGlzdCI6eyJidWNrZXQiOltdLCJ2ZXJzaW9uIjpudWxsfSwidGZ3X2ZvbGxvd2VyX2NvdW50X3N1bnNldCI6eyJidWNrZXQiOnRydWUsInZlcnNpb24iOm51bGx9LCJ0ZndfdHdlZXRfZWRpdF9iYWNrZW5kIjp7ImJ1Y2tldCI6Im9uIiwidmVyc2lvbiI6bnVsbH0sInRmd19yZWZzcmNfc2Vzc2lvbiI6eyJidWNrZXQiOiJvbiIsInZlcnNpb24iOm51bGx9LCJ0ZndfZm9zbnJfc29mdF9pbnRlcnZlbnRpb25zX2VuYWJsZWQiOnsiYnVja2V0Ijoib24iLCJ2ZXJzaW9uIjpudWxsfSwidGZ3X21peGVkX21lZGlhXzE1ODk3Ijp7ImJ1Y2tldCI6InRyZWF0bWVudCIsInZlcnNpb24iOm51bGx9LCJ0ZndfZXhwZXJpbWVudHNfY29va2llX2V4cGlyYXRpb24iOnsiYnVja2V0IjoxMjA5NjAwLCJ2ZXJzaW9uIjpudWxsfSwidGZ3X3Nob3dfYmlyZHdhdGNoX3Bpdm90c19lbmFibGVkIjp7ImJ1Y2tldCI6Im9uIiwidmVyc2lvbiI6bnVsbH0sInRmd19kdXBsaWNhdGVfc2NyaWJlc190b19zZXR0aW5ncyI6eyJidWNrZXQiOiJvbiIsInZlcnNpb24iOm51bGx9LCJ0ZndfdXNlX3Byb2ZpbGVfaW1hZ2Vfc2hhcGVfZW5hYmxlZCI6eyJidWNrZXQiOiJvbiIsInZlcnNpb24iOm51bGx9LCJ0ZndfdmlkZW9faGxzX2R5bmFtaWNfbWFuaWZlc3RzXzE1MDgyIjp7ImJ1Y2tldCI6InRydWVfYml0cmF0ZSIsInZlcnNpb24iOm51bGx9LCJ0ZndfbGVnYWN5X3RpbWVsaW5lX3N1bnNldCI6eyJidWNrZXQiOnRydWUsInZlcnNpb24iOm51bGx9LCJ0ZndfdHdlZXRfZWRpdF9mcm9udGVuZCI6eyJidWNrZXQiOiJvbiIsInZlcnNpb24iOm51bGx9fQ%3D%3D&amp;frame=false&amp;hideCard=false&amp;hideThread=false&amp;id=1734290115378176376&amp;lang=cs&amp;origin=https%3A%2F%2Frmx.news%2Farticle%2Fnigel-farage-is-now-far-more-popular-among-conservative-voters-than-prime-minister-rishi-sunak%2F&amp;sessionId=4c6ec7f30a55278a318f2c18eb6b3bde68236b9a&amp;theme=light&amp;widgetsVersion=2615f7e52b7e0%3A1702314776716&amp;width=550px\" frameborder=\"0\" scrolling=\"no\" allowfullscreen=\"allowfullscreen\" data-tweet-id=\"1734290115378176376\" data-mce-fragment=\"1\"><\/iframe><\/div>\n<p><span>&#8222;Tato vl\u00e1da je v zoufal\u00fdch pot\u00ed\u017e\u00edch a sm\u011b\u0159uje ke katastrof\u00e1ln\u00ed por\u00e1\u017ece,&#8220; \u0159ekl pot\u00e9, co p\u0159ist\u00e1l na lond\u00fdnsk\u00e9m leti\u0161ti Heathrow.<\/span><\/p>\n<p><span>&#8222;Nemaj\u00ed pon\u011bt\u00ed, co se k nim \u0159\u00edt\u00ed po dr\u00e1ze.&#8220;\u00a0A mysl\u00edm, \u017ee posledn\u00ed v\u011bc, kterou jsem sly\u0161el, ne\u017e jsem \u0161el do d\u017eungle, bylo, \u017ee Cameron se vr\u00e1til&#8230; pokud je to tak \u0161patn\u00e9, mus\u00ed m\u00edt skute\u010dn\u00fd probl\u00e9m.<\/span><\/p>\n<p><span>&#8222;A vid\u00edm, \u017ee se mu pr\u00e1v\u011b poda\u0159ilo prosadit hlasov\u00e1n\u00edm o Rwand\u011b.&#8220;\u00a0Ale mysl\u00edm, \u017ee na tom nebude v\u016fbec \u017e\u00e1dn\u00fd rozd\u00edl.\u00a0Ne, maj\u00ed hrozn\u00e9, hrozn\u00e9 pot\u00ed\u017ee.\u00a0A jedin\u00e9, co mus\u00ed labourist\u00e9 ud\u011blat, je, up\u0159\u00edmn\u011b \u0159e\u010deno, neroztrhat jeden druh\u00e9ho a hr\u00e1t na jistotu a mysl\u00edm, \u017ee volby jsou jejich,\u201c dodal.<\/span><\/p>\n<p><span>Farage v koment\u00e1\u0159i k pr\u016fzkumu \u0159ekl, \u017ee je t\u00edm \u201enaprosto ohromen\u201c.<\/span><\/p>\n<p><a href=\"https:\/\/stranapro.cz\/\"><img decoding=\"async\" loading=\"lazy\" class=\"wp-image-40285 aligncenter\" src=\"http:\/\/www.infokuryr.cz\/n\/wp-content\/uploads\/2023\/11\/11pro-300x79.png\" alt=\"\" width=\"615\" height=\"162\" srcset=\"https:\/\/www.infokuryr.cz\/n\/wp-content\/uploads\/2023\/11\/11pro-300x79.png 300w, https:\/\/www.infokuryr.cz\/n\/wp-content\/uploads\/2023\/11\/11pro.png 363w\" sizes=\"(max-width: 615px) 100vw, 615px\" \/><\/a><\/p>\n<p><span>&#8222;Mezi konzervativn\u00edmi voli\u010di v roce 2019 moje hodnocen\u00ed souhlasu vzrostlo o 20 procent b\u011bhem m\u00e9ho pobytu v d\u017eungli, \u010d\u00edm\u017e jsem o 21 procent p\u0159ed Rishi.&#8220;<\/span><\/p>\n<p><span>&#8222;Je to v\u0161echno velmi lichotiv\u00e9, trochu matouc\u00ed.&#8220;\u00a0Chv\u00edli mi potrv\u00e1, ne\u017e si to po\u0159\u00e1dn\u011b vezmu.\u00a0Ale fascinuj\u00edc\u00ed, \u017ee?&#8220;\u00a0\u0159ekl.<\/span><\/p>\n<p><span>Konzervativn\u00ed vl\u00e1da se v \u00fater\u00fd ve\u010der vyhnula poni\u017euj\u00edc\u00ed por\u00e1\u017ece, poda\u0159ilo se j\u00ed proj\u00edt druh\u00fdm \u010dten\u00edm sv\u00e9 rwandsk\u00e9 azylov\u00e9 politiky a vyhnout se prvn\u00ed vl\u00e1dn\u00ed por\u00e1\u017ece z\u00e1kona v t\u00e9to f\u00e1zi za 37 let.<\/span><\/p>\n<p><span>N\u011bkolik pravicov\u00fdch frakc\u00ed ve stran\u011b vyj\u00e1d\u0159ilo sv\u00e9 obavy, \u017ee n\u00e1vrh z\u00e1kona ve sv\u00e9m sou\u010dasn\u00e9m form\u00e1tu bude nedostate\u010dn\u00fd k zastaven\u00ed krize neleg\u00e1ln\u00edho p\u0159ist\u011bhovalectv\u00ed na ji\u017en\u00ed hranici Anglie s pevninskou Evropou, a v\u016fdci parlamentn\u00edch uskupen\u00ed vyzvali sv\u00e9 \u010dleny, aby n\u00e1vrh z\u00e1kona nepodpo\u0159ili.<\/span><\/p>\n<p><span>Kdy\u017e v\u0161ak do\u0161lo k hlasov\u00e1n\u00ed, zdr\u017eelo se pouze 37 poslanc\u016f \u2013 m\u00e9n\u011b ne\u017e polovina o\u010dek\u00e1van\u00fdch \u2013 co\u017e znamenalo, \u017ee n\u00e1vrh z\u00e1kona postoupil do f\u00e1ze v\u00fdboru 313 hlasy pro, 269 proti.<\/span><\/p>\n<p><img decoding=\"async\" loading=\"lazy\" class=\"alignnone size-full wp-image-1185\" src=\"http:\/\/www.infokuryr.cz\/n\/wp-content\/uploads\/2021\/04\/kuryr-podpis.png\" alt=\"\" width=\"84\" height=\"24\" \/><\/p>\n<p>&nbsp;<\/p>\n<p>&nbsp;<\/p>\n","protected":false},"excerpt":{"rendered":"<p>Nejnov\u011bj\u0161\u00ed pr\u016fzkum ve\u0159ejn\u00e9ho m\u00edn\u011bn\u00ed uk\u00e1zal prudk\u00fd n\u00e1r\u016fst popularity Farage po jeho p\u016fsoben\u00ed v australsk\u00e9 d\u017eungli&#8230;<\/p>\n","protected":false},"author":2,"featured_media":42492,"comment_status":"closed","ping_status":"closed","sticky":false,"template":"","format":"standard","meta":[],"categories":[7],"tags":[61,5947,4368,620],"_links":{"self":[{"href":"https:\/\/www.infokuryr.cz\/n\/wp-json\/wp\/v2\/posts\/42491"}],"collection":[{"href":"https:\/\/www.infokuryr.cz\/n\/wp-json\/wp\/v2\/posts"}],"about":[{"href":"https:\/\/www.infokuryr.cz\/n\/wp-json\/wp\/v2\/types\/post"}],"author":[{"embeddable":true,"href":"https:\/\/www.infokuryr.cz\/n\/wp-json\/wp\/v2\/users\/2"}],"replies":[{"embeddable":true,"href":"https:\/\/www.infokuryr.cz\/n\/wp-json\/wp\/v2\/comments?post=42491"}],"version-history":[{"count":1,"href":"https:\/\/www.infokuryr.cz\/n\/wp-json\/wp\/v2\/posts\/42491\/revisions"}],"predecessor-version":[{"id":42493,"href":"https:\/\/www.infokuryr.cz\/n\/wp-json\/wp\/v2\/posts\/42491\/revisions\/42493"}],"wp:featuredmedia":[{"embeddable":true,"href":"https:\/\/www.infokuryr.cz\/n\/wp-json\/wp\/v2\/media\/42492"}],"wp:attachment":[{"href":"https:\/\/www.infokuryr.cz\/n\/wp-json\/wp\/v2\/media?parent=42491"}],"wp:term":[{"taxonomy":"category","embeddable":true,"href":"https:\/\/www.infokuryr.cz\/n\/wp-json\/wp\/v2\/categories?post=42491"},{"taxonomy":"post_tag","embeddable":true,"href":"https:\/\/www.infokuryr.cz\/n\/wp-json\/wp\/v2\/tags?post=42491"}],"curies":[{"name":"wp","href":"https:\/\/api.w.org\/{rel}","templated":true}]}}