{"id":42443,"date":"2023-12-13T06:11:10","date_gmt":"2023-12-13T05:11:10","guid":{"rendered":"https:\/\/www.infokuryr.cz\/n\/?p=42443"},"modified":"2023-12-13T06:11:10","modified_gmt":"2023-12-13T05:11:10","slug":"valne-shromazdeni-osn-hlasovalo-drtivou-vetsinou-pro-primeri-v-gaze-cesko-podporilo-genocidu-a-vrazdeni-deti","status":"publish","type":"post","link":"https:\/\/www.infokuryr.cz\/n\/2023\/12\/13\/valne-shromazdeni-osn-hlasovalo-drtivou-vetsinou-pro-primeri-v-gaze-cesko-podporilo-genocidu-a-vrazdeni-deti\/","title":{"rendered":"Valn\u00e9 shrom\u00e1\u017ed\u011bn\u00ed OSN hlasovalo drtivou v\u011bt\u0161inou pro p\u0159\u00edm\u011b\u0159\u00ed v Gaze. \u010cesko podpo\u0159ilo genocidu a vra\u017ed\u011bn\u00ed d\u011bt\u00ed"},"content":{"rendered":"<div id=\"fb-root\"><\/div>\n<p><span style=\"font-size: 18pt;\"><em><b style=\"font-size: 18pt;\">USA, Izrael a \u010cesk\u00e1 republika byly jedny z m\u00e1la hlas\u016f proti nez\u00e1vazn\u00e9 rezoluci vyz\u00fdvaj\u00edc\u00ed k ukon\u010den\u00ed boj\u016f. Za\u010dne st\u00e1tn\u00ed z\u00e1stupkyn\u011b Brad\u00e1\u010dov\u00e1 trestn\u011b st\u00edhat na\u0161e diplomaty a vl\u00e1dn\u00ed p\u0159edstavitele za podporu <\/b><span style=\"font-size: 24px;\"><b>\u017eidovsk\u00e9<\/b><\/span><b style=\"font-size: 18pt;\">\u00a0genocidy!<\/b><\/em><\/span><\/p>\n<p><span><strong>193\u010dlenn\u00e9<\/strong> Valn\u00e9 shrom\u00e1\u017ed\u011bn\u00ed OSN (VZ OSN) drtivou v\u011bt\u0161inou hlasovalo pro rezoluci po\u017eaduj\u00edc\u00ed\u00a0<\/span><a href=\"https:\/\/www.aljazeera.com\/features\/2023\/11\/27\/we-want-permanent-ceasefire-palestinians-in-gaza-say-as-truce-extended\"><span>humanit\u00e1rn\u00ed p\u0159\u00edm\u011b\u0159\u00ed<\/span><\/a><span>\u00a0ve v\u00e1lkou zm\u00edtan\u00e9 Gaze.<\/span><\/p>\n<p><span>\u00datern\u00ed rezoluce byla schv\u00e1lena, <strong>kdy\u017e 153 zem\u00ed hlasovalo pro,<\/strong> <strong>23 se zdr\u017eelo<\/strong> hlasov\u00e1n\u00ed a <strong>10 zem\u00ed<\/strong> hlasovalo proti, v\u010detn\u011b Izraele, Spojen\u00fdch st\u00e1t\u016f a \u010cesk\u00e9 republiky. Rezoluce je sice nez\u00e1vazn\u00e1, ale slou\u017e\u00ed jako indik\u00e1tor glob\u00e1ln\u00edho m\u00edn\u011bn\u00ed.<\/span><\/p>\n<figure id=\"attachment_2554288\" class=\"wp-caption aligncenter\" style=\"width: 877px;\" aria-describedby=\"caption-attachment-2554288\"><img decoding=\"async\" loading=\"lazy\" class=\" wp-image-2554288\" src=\"https:\/\/www.aljazeera.com\/wp-content\/uploads\/2023\/12\/INTERACTIVE-UNGA-vote-demands-immediate-ceasefire-1702442981.png?w=770&amp;resize=770%2C769&amp;quality=80\" alt=\"INTERAKTIVN\u00cd \u2013 Hlasov\u00e1n\u00ed Valn\u00e9ho shrom\u00e1\u017ed\u011bn\u00ed OSN po\u017eaduje okam\u017eit\u00e9 p\u0159\u00edm\u011b\u0159\u00ed \u2013 1702442981\" width=\"877\" height=\"876\" data-recalc-dims=\"1\" \/><figcaption id=\"caption-attachment-2554288\" class=\"wp-caption-text\"><span>(Al Jazeera)<\/span><\/figcaption><\/figure>\n<p><span>&#8222;D\u011bkujeme v\u0161em, kte\u0159\u00ed podpo\u0159ili n\u00e1vrh rezoluce, kter\u00e1 byla pr\u00e1v\u011b p\u0159ijata obrovskou v\u011bt\u0161inou,&#8220; \u0159ekl velvyslanec Sa\u00fadsk\u00e9 Ar\u00e1bie p\u0159i OSN Abdulaziz Alwasil v pozn\u00e1mk\u00e1ch po hlasov\u00e1n\u00ed.\u00a0&#8222;To odr\u00e1\u017e\u00ed mezin\u00e1rodn\u00ed pozici vyz\u00fdvaj\u00edc\u00ed k prosazen\u00ed t\u00e9to rezoluce.&#8220;<\/span><\/p>\n<p><span>Hlasov\u00e1n\u00ed p\u0159ich\u00e1z\u00ed v dob\u011b, kdy mezin\u00e1rodn\u00ed tlak na Izrael roste, aby ukon\u010dil sv\u00e9 m\u011bs\u00edce trvaj\u00edc\u00ed \u00fatoky na Gazu, kde bylo zabito v\u00edce ne\u017e 18 000 Palestinc\u016f, z nich\u017e v\u011bt\u0161inu tvo\u0159\u00ed \u017eeny a d\u011bti.\u00a0V\u00edce ne\u017e 80 procent z 2,3 milionu obyvatel Gazy bylo tak\u00e9 vys\u00eddleno.<\/span><\/p>\n<div class=\"more-on\"><\/div>\n<p><span>Nel\u00edtostn\u00e9 leteck\u00e9 \u00fatoky a izraelsk\u00e9 obl\u00e9h\u00e1n\u00ed vytvo\u0159ily na palestinsk\u00e9m \u00fazem\u00ed humanit\u00e1rn\u00ed podm\u00ednky, kter\u00e9 p\u0159edstavitel\u00e9 OSN\u00a0<\/span><a href=\"https:\/\/www.aljazeera.com\/news\/liveblog\/2023\/12\/12\/israel-hamas-war-live-palestinians-going-hungry-as-israel-pounds-gaza\"><span>nazvali<\/span><\/a><span><strong>\u00a0\u201epeklem na zemi\u201c<\/strong>.\u00a0Izraelsk\u00e1 vojensk\u00e1 ofenz\u00edva v\u00fdrazn\u011b omezila\u00a0<\/span><a href=\"https:\/\/www.aljazeera.com\/news\/2023\/12\/7\/more-displacement-as-israeli-forces-press-deeper-into-south-gaza\"><span>p\u0159\u00edstup k potravin\u00e1m<\/span><\/a><span>\u00a0, palivu, vod\u011b a elekt\u0159in\u011b do p\u00e1sma Gazy.<\/span><\/p>\n<p><span>\u00datern\u00ed hlasov\u00e1n\u00ed p\u0159ich\u00e1z\u00ed v pat\u00e1ch p\u00e1te\u010dn\u00ed ne\u00fasp\u011b\u0161n\u00e9 rezoluce v Rad\u011b bezpe\u010dnosti OSN (BR OSN), kter\u00e1 rovn\u011b\u017e po\u017eadovala humanit\u00e1rn\u00ed p\u0159\u00edm\u011b\u0159\u00ed.<\/span><\/p>\n<p><span>USA\u00a0<\/span><a href=\"https:\/\/www.aljazeera.com\/news\/2023\/12\/8\/antonio-guterres-urges-un-security-council-to-push-for-gaza-ceasefire\"><span>n\u00e1vrh vetovaly<\/span><\/a><span>\u00a0, odevzdaly jedin\u00fd nesouhlasn\u00fd hlas, a t\u00edm odsoudily jeho pr\u016fchod.\u00a0Spojen\u00e9 kr\u00e1lovstv\u00ed se mezit\u00edm zdr\u017eelo hlasov\u00e1n\u00ed.\u00a0Na rozd\u00edl od hlasov\u00e1n\u00ed Valn\u00e9ho shrom\u00e1\u017ed\u011bn\u00ed OSN maj\u00ed rezoluce Rady bezpe\u010dnosti OSN z\u00e1vaznou pravomoc.<\/span><\/p>\n<p><span>Po p\u00e1te\u010dn\u00ed potopen\u00e9 rezoluci Rady bezpe\u010dnosti OSN u\u010dinil gener\u00e1ln\u00ed tajemn\u00edk OSN Antonio Guterres\u00a0<\/span><a href=\"https:\/\/www.aljazeera.com\/news\/2023\/12\/7\/more-displacement-as-israeli-forces-press-deeper-into-south-gaza\"><span>mimo\u0159\u00e1dn\u00fd krok<\/span><\/a><span>\u00a0a odvolal se na \u010dl\u00e1nek 99 Charty OSN, kter\u00fd mu umo\u017e\u0148uje vyd\u00e1vat varov\u00e1n\u00ed p\u0159ed v\u00e1\u017en\u00fdmi hrozbami pro mezin\u00e1rodn\u00ed m\u00edr.\u00a0Naposledy byl pou\u017eit v roce 1971.<\/span><\/p>\n<p><a href=\"https:\/\/stranapro.cz\/\"><img decoding=\"async\" loading=\"lazy\" class=\"alignnone  wp-image-40285 aligncenter\" src=\"http:\/\/www.infokuryr.cz\/n\/wp-content\/uploads\/2023\/11\/11pro-300x79.png\" alt=\"\" width=\"554\" height=\"146\" srcset=\"https:\/\/www.infokuryr.cz\/n\/wp-content\/uploads\/2023\/11\/11pro-300x79.png 300w, https:\/\/www.infokuryr.cz\/n\/wp-content\/uploads\/2023\/11\/11pro.png 363w\" sizes=\"(max-width: 554px) 100vw, 554px\" \/><\/a><\/p>\n<p><strong>Schv\u00e1len\u00ed nez\u00e1vazn\u00e9 rezoluce Valn\u00e9ho shrom\u00e1\u017ed\u011bn\u00ed OSN v \u00fater\u00fd v\u0161ak rovn\u011b\u017e narazilo na odpor USA.<\/strong><\/p>\n<p><span>USA i Rakousko zavedly pozm\u011b\u0148ovac\u00ed n\u00e1vrhy k rezoluci odsuzuj\u00edc\u00ed smrt\u00edc\u00ed \u00fatok Hamasu ze 7. \u0159\u00edjna, kter\u00fd znamenal za\u010d\u00e1tek sou\u010dasn\u00e9ho konfliktu.<\/span><\/p>\n<p><span>Korespondentka Al-D\u017eaz\u00edry Kristen Saloomeyov\u00e1 uvedla, \u017ee arabsk\u00e9 zem\u011b pova\u017euj\u00ed tyto pozm\u011b\u0148ovac\u00ed n\u00e1vrhy za snahu zpolitizovat hlasov\u00e1n\u00ed.\u00a0Ob\u011bma se nepoda\u0159ilo proj\u00edt.<\/span><\/p>\n<p><span>&#8222;To, co sly\u0161\u00edme z mnoha zem\u00ed, je, \u017ee je zde ohro\u017eena d\u016fv\u011bryhodnost Organizace spojen\u00fdch n\u00e1rod\u016f, \u017ee respekt k mezin\u00e1rodn\u00edmu pr\u00e1vu vy\u017eaduje respekt k humanit\u00e1rn\u00edmu \u00fasil\u00ed,&#8220; \u0159ekl Saloomey.<\/span><\/p>\n<p><span>Egyptsk\u00fd velvyslanec p\u0159i OSN Us\u00e1ma Abdelchalek ozna\u010dil n\u00e1vrh rezoluce za <strong>\u201evyv\u00e1\u017een\u00fd a neutr\u00e1ln\u00ed\u201c<\/strong> s t\u00edm, \u017ee po\u017eaduje ochranu civilist\u016f na obou stran\u00e1ch a propu\u0161t\u011bn\u00ed\u00a0<\/span><a href=\"https:\/\/www.aljazeera.com\/news\/2023\/12\/6\/israeli-captives-families-angry-after-meeting-with-netanyahu\"><span>v\u0161ech zajatc\u016f<\/span><\/a><span>\u00a0.<\/span><\/p>\n<p><span>Administrativa americk\u00e9ho prezidenta Joea Bidena rozhodn\u011b podporuje izraelskou vojenskou kampa\u0148 a tvrd\u00ed, \u017ee mus\u00ed b\u00fdt povoleno rozlo\u017eit Ham\u00e1s.<\/span><\/p>\n<p><span>Ale jak izraelsk\u00e9 s\u00edly srovn\u00e1vaj\u00ed cel\u00e9 \u010dtvrti,\u00a0<\/span><a href=\"https:\/\/www.aljazeera.com\/program\/newsfeed\/2023\/12\/11\/un-run-school-shelters-in-gaza-are-under-attack-by-israeli-forces\"><span>v\u010detn\u011b \u0161kol<\/span><\/a><span>\u00a0a nemocnic, USA se st\u00e1le v\u00edce ocitaj\u00ed v rozporu s mezin\u00e1rodn\u00edm m\u00edn\u011bn\u00edm.<\/span><\/p>\n<p><span>V \u00fatern\u00edch pozn\u00e1mk\u00e1ch v\u0161ak Biden\u00a0<\/span><a href=\"https:\/\/www.aljazeera.com\/news\/2023\/12\/12\/biden-warns-israel-losing-support-over-indiscriminate-gaza-bombing\"><span>zost\u0159il svou kritiku<\/span><\/a><span>\u00a0americk\u00e9ho spojence a prohl\u00e1sil, \u017ee Izrael ztr\u00e1c\u00ed mezin\u00e1rodn\u00ed podporu kv\u016fli \u201enerozli\u0161uj\u00edc\u00edmu bombardov\u00e1n\u00ed\u201c v Gaze.<\/span><\/p>\n<p><span>USA, kter\u00e9 ost\u0159e kritizovaly Rusko za podobn\u00e9 akce na Ukrajin\u011b, byly obvin\u011bny z uplat\u0148ov\u00e1n\u00ed\u00a0<\/span><a href=\"https:\/\/www.aljazeera.com\/news\/2023\/12\/9\/double-standards-world-reacts-to-us-vetoing-unsc-gaza-resolution\"><span>dvoj\u00edho metru<\/span><\/a><span> v oblasti lidsk\u00fdch pr\u00e1v.<\/span><\/p>\n<p><span>&#8222;S ka\u017ed\u00fdm krokem se USA zdaj\u00ed b\u00fdt izolovan\u011bj\u0161\u00ed od hlavn\u00edho proudu m\u00edn\u011bn\u00ed OSN,&#8220; \u0159ekl agentu\u0159e Reuters Richard Gowan, \u0159editel OSN v nevl\u00e1dn\u00ed organizaci International Crisis Group.<\/span><\/p>\n<p><img decoding=\"async\" loading=\"lazy\" class=\"alignnone size-full wp-image-1185\" src=\"http:\/\/www.infokuryr.cz\/n\/wp-content\/uploads\/2021\/04\/kuryr-podpis.png\" alt=\"\" width=\"84\" height=\"24\" \/><\/p>\n<p>&nbsp;<\/p>\n<p>&nbsp;<\/p>\n","protected":false},"excerpt":{"rendered":"<p>USA, Izrael a \u010cesk\u00e1 republika byly jedny z m\u00e1la hlas\u016f proti nez\u00e1vazn\u00e9 rezoluci vyz\u00fdvaj\u00edc\u00ed k&#8230;<\/p>\n","protected":false},"author":2,"featured_media":16483,"comment_status":"closed","ping_status":"closed","sticky":false,"template":"","format":"standard","meta":[],"categories":[7],"tags":[76,178,589,107,186,886],"_links":{"self":[{"href":"https:\/\/www.infokuryr.cz\/n\/wp-json\/wp\/v2\/posts\/42443"}],"collection":[{"href":"https:\/\/www.infokuryr.cz\/n\/wp-json\/wp\/v2\/posts"}],"about":[{"href":"https:\/\/www.infokuryr.cz\/n\/wp-json\/wp\/v2\/types\/post"}],"author":[{"embeddable":true,"href":"https:\/\/www.infokuryr.cz\/n\/wp-json\/wp\/v2\/users\/2"}],"replies":[{"embeddable":true,"href":"https:\/\/www.infokuryr.cz\/n\/wp-json\/wp\/v2\/comments?post=42443"}],"version-history":[{"count":1,"href":"https:\/\/www.infokuryr.cz\/n\/wp-json\/wp\/v2\/posts\/42443\/revisions"}],"predecessor-version":[{"id":42444,"href":"https:\/\/www.infokuryr.cz\/n\/wp-json\/wp\/v2\/posts\/42443\/revisions\/42444"}],"wp:featuredmedia":[{"embeddable":true,"href":"https:\/\/www.infokuryr.cz\/n\/wp-json\/wp\/v2\/media\/16483"}],"wp:attachment":[{"href":"https:\/\/www.infokuryr.cz\/n\/wp-json\/wp\/v2\/media?parent=42443"}],"wp:term":[{"taxonomy":"category","embeddable":true,"href":"https:\/\/www.infokuryr.cz\/n\/wp-json\/wp\/v2\/categories?post=42443"},{"taxonomy":"post_tag","embeddable":true,"href":"https:\/\/www.infokuryr.cz\/n\/wp-json\/wp\/v2\/tags?post=42443"}],"curies":[{"name":"wp","href":"https:\/\/api.w.org\/{rel}","templated":true}]}}