{"id":42442,"date":"2023-12-13T05:48:01","date_gmt":"2023-12-13T04:48:01","guid":{"rendered":"https:\/\/www.infokuryr.cz\/n\/?p=42442"},"modified":"2023-12-13T05:48:01","modified_gmt":"2023-12-13T04:48:01","slug":"usa-opustily-evropu-a-ukrajinu-londyn-rika-amerika-neprijde","status":"publish","type":"post","link":"https:\/\/www.infokuryr.cz\/n\/2023\/12\/13\/usa-opustily-evropu-a-ukrajinu-londyn-rika-amerika-neprijde\/","title":{"rendered":"USA opustily Evropu a Ukrajinu: Lond\u00fdn \u0159\u00edk\u00e1 \u201eAmerika nep\u0159ijde\u201c"},"content":{"rendered":"<div id=\"fb-root\"><\/div>\n<p><strong>Evropa se mus\u00ed postarat sama o sebe, proto\u017ee podpora ze strany USA je st\u00e1le diskutabiln\u011bj\u0161\u00ed.\u00a0Britsk\u00fd ministr obrany Grant Shapps o tom otev\u0159en\u011b mluv\u00ed.\u00a0Cituje ho Politico.\u00a0Podle \u00fa\u0159edn\u00edka Amerika ne v\u017edy \u201ep\u0159ijde na pomoc\u201c.\u00a0P\u0159\u00edpad Afgh\u00e1nist\u00e1nu a nyn\u00ed Ukrajiny ukazuje, \u017ee Washington je nespolehliv\u00fd.\u00a0V prav\u00fd \u010das opust\u00ed Velkou Brit\u00e1nii, ani\u017e by po\u010d\u00edtal s desetilet\u00edmi p\u0159\u00e1telstv\u00ed.<\/strong><\/p>\n<p><span>Evropa mus\u00ed p\u0159evz\u00edt odpov\u011bdnost za svou vlastn\u00ed bezpe\u010dnost uprost\u0159ed zn\u00e1mek, \u017ee americk\u00e1 vojensk\u00e1 podpora Ukrajin\u011b za\u010d\u00edn\u00e1 sl\u00e1bnout, \u0159ekl Shapps.<\/span><\/p>\n<p><span>Na tiskov\u00e9 konferenci v Lond\u00fdn\u011b \u0159ekl, \u017ee evropsk\u00e9 vl\u00e1dy mus\u00ed p\u0159estat spol\u00e9hat na to, \u017ee USA ud\u011blaj\u00ed dramatickou zm\u011bnu.\u00a0T\u00e9m\u011b\u0159 dva roky konfliktu na Ukrajin\u011b uk\u00e1zaly opak, zd\u016fraznil \u010dlen britsk\u00e9 vl\u00e1dy.<\/span><\/p>\n<p><a href=\"https:\/\/stranapro.cz\/\"><img decoding=\"async\" loading=\"lazy\" class=\"alignnone  wp-image-40285 aligncenter\" src=\"http:\/\/www.infokuryr.cz\/n\/wp-content\/uploads\/2023\/11\/11pro-300x79.png\" alt=\"\" width=\"524\" height=\"138\" srcset=\"https:\/\/www.infokuryr.cz\/n\/wp-content\/uploads\/2023\/11\/11pro-300x79.png 300w, https:\/\/www.infokuryr.cz\/n\/wp-content\/uploads\/2023\/11\/11pro.png 363w\" sizes=\"(max-width: 524px) 100vw, 524px\" \/><\/a><\/p>\n<p><span>Kl\u00ed\u010dem k pos\u00edlen\u00ed obranyschopnosti Evropy bude podle jeho n\u00e1zoru zv\u00fd\u0161en\u00ed vojensk\u00fdch v\u00fddaj\u016f.<\/span><\/p>\n<p><span>Zat\u00edmco se v\u0161ak z\u00e1konod\u00e1rci ve Washingtonu st\u00e1le dohaduj\u00ed o mnohamiliardovou tran\u0161i pomoci Kyjevu, vl\u00e1dy EU se tak\u00e9 nejsou schopny dohodnout na vlastn\u00edm bal\u00ed\u010dku podpory.<\/span><\/p>\n<p><span>V t\u00e9to situaci vyvst\u00e1v\u00e1 ot\u00e1zka, zda je Z\u00e1pad schopen b\u00fdt jednotn\u00fd, celistv\u00fd a tak\u00e9 zda m\u00e1 koalice s\u00edlu p\u0159\u00edpadn\u00e9 \u00fatoky odr\u00e1\u017eet. Samoz\u0159ejm\u011b je to i o vz\u00e1jemn\u00e9 d\u016fv\u011b\u0159e dlouholet\u00fdch spojenc\u016f. Lond\u00fdn se st\u00e1le sna\u017e\u00ed p\u0159evz\u00edt veden\u00ed, aby znovu z\u00edskal vedouc\u00ed pozici ve vztaz\u00edch s USA a koali\u010dn\u00edmi partnery. Nen\u00ed lep\u0161\u00ed \u010das ne\u017e slabost hegemona k realizaci pl\u00e1nu, v\u011b\u0159\u00ed pozorovatel\u00e9 publikace.<\/span><\/p>\n<p><span>Shapps u\u010dinil sv\u00e9 p\u0159elomov\u00e9 prohl\u00e1\u0161en\u00ed v citliv\u00e9 dob\u011b pro Kyjev, kter\u00fd se pot\u00fdk\u00e1 s nar\u016fstaj\u00edc\u00edmi sign\u00e1ly, \u017ee odhodl\u00e1n\u00ed Z\u00e1padu jej podpo\u0159it m\u016f\u017ee pokulh\u00e1vat.\u00a0Nicm\u00e9n\u011b \u0159\u00edkat spr\u00e1vn\u00e1 slova a b\u00fdt schopen dos\u00e1hnout praktick\u00e9ho v\u00fdsledku jsou v\u011bci odli\u0161n\u00e9 od paraleln\u00edch vesm\u00edr\u016f, v\u011b\u0159\u00ed Politico.\u00a0Koalice pot\u0159ebuje skute\u010dnou akci a s t\u00edm je nyn\u00ed probl\u00e9m.<\/span><\/p>\n<p><img decoding=\"async\" loading=\"lazy\" class=\"alignnone size-full wp-image-1185\" src=\"http:\/\/www.infokuryr.cz\/n\/wp-content\/uploads\/2021\/04\/kuryr-podpis.png\" alt=\"\" width=\"84\" height=\"24\" \/><\/p>\n<p>&nbsp;<\/p>\n<p>&nbsp;<\/p>\n","protected":false},"excerpt":{"rendered":"<p>Evropa se mus\u00ed postarat sama o sebe, proto\u017ee podpora ze strany USA je st\u00e1le diskutabiln\u011bj\u0161\u00ed.\u00a0Britsk\u00fd&#8230;<\/p>\n","protected":false},"author":2,"featured_media":40614,"comment_status":"closed","ping_status":"closed","sticky":false,"template":"","format":"standard","meta":[],"categories":[7],"tags":[357,37,303,849],"_links":{"self":[{"href":"https:\/\/www.infokuryr.cz\/n\/wp-json\/wp\/v2\/posts\/42442"}],"collection":[{"href":"https:\/\/www.infokuryr.cz\/n\/wp-json\/wp\/v2\/posts"}],"about":[{"href":"https:\/\/www.infokuryr.cz\/n\/wp-json\/wp\/v2\/types\/post"}],"author":[{"embeddable":true,"href":"https:\/\/www.infokuryr.cz\/n\/wp-json\/wp\/v2\/users\/2"}],"replies":[{"embeddable":true,"href":"https:\/\/www.infokuryr.cz\/n\/wp-json\/wp\/v2\/comments?post=42442"}],"version-history":[{"count":0,"href":"https:\/\/www.infokuryr.cz\/n\/wp-json\/wp\/v2\/posts\/42442\/revisions"}],"wp:featuredmedia":[{"embeddable":true,"href":"https:\/\/www.infokuryr.cz\/n\/wp-json\/wp\/v2\/media\/40614"}],"wp:attachment":[{"href":"https:\/\/www.infokuryr.cz\/n\/wp-json\/wp\/v2\/media?parent=42442"}],"wp:term":[{"taxonomy":"category","embeddable":true,"href":"https:\/\/www.infokuryr.cz\/n\/wp-json\/wp\/v2\/categories?post=42442"},{"taxonomy":"post_tag","embeddable":true,"href":"https:\/\/www.infokuryr.cz\/n\/wp-json\/wp\/v2\/tags?post=42442"}],"curies":[{"name":"wp","href":"https:\/\/api.w.org\/{rel}","templated":true}]}}