{"id":42424,"date":"2023-12-13T00:42:16","date_gmt":"2023-12-12T23:42:16","guid":{"rendered":"https:\/\/www.infokuryr.cz\/n\/?p=42424"},"modified":"2023-12-12T18:43:35","modified_gmt":"2023-12-12T17:43:35","slug":"lukas-lhotan-jak-cesti-novinari-vytvareji-dezinformace-o-rusku-a-arabech","status":"publish","type":"post","link":"https:\/\/www.infokuryr.cz\/n\/2023\/12\/13\/lukas-lhotan-jak-cesti-novinari-vytvareji-dezinformace-o-rusku-a-arabech\/","title":{"rendered":"Luk\u00e1\u0161 Lho\u0165an: Jak \u010de\u0161t\u00ed novin\u00e1\u0159i vytv\u00e1\u0159ej\u00ed dezinformace o Rusku a Arabech &#8230;"},"content":{"rendered":"<div id=\"fb-root\"><\/div>\n<div>\n<p><strong>To zoufalstv\u00ed \u010desk\u00fdch eurohujer\u016f a liber\u00e1ln\u00edch demokrat\u016f je opravdu velik\u00e9. Zbytek sv\u011bta m\u00e1 na h\u00e1ku n\u011bjakou EU a n\u011bjak\u00e9 USA, u\u017e maj\u00ed prost\u011b dost arogance a dikt\u00e1torsk\u00fdch zp\u016fsob\u016f Z\u00e1padu. No a tak si zbytek sv\u011bta d\u011bl\u00e1 svou vlastn\u00ed politiku a h\u00e1j\u00ed sv\u00e9 vlastn\u00ed z\u00e1jmy a ne z\u00e1jmy Z\u00e1padu. A tak zoufal\u00ed \u010de\u0161t\u00ed liber\u00e1ln\u00ed demokrat\u00e9 ne\u017e by p\u0159iznali prav\u00fd stav situace, tak si vymysl\u00ed poh\u00e1dky o tom, jak si Arabov\u00e9 pozvali Putina na kobere\u010dek jako pod\u0159\u00edzen\u00e9 d\u00edt\u011b.<\/strong><\/p>\n<p>&nbsp;<\/p>\n<\/div>\n<div><\/div>\n<div><strong><img decoding=\"async\" loading=\"lazy\" class=\"aligncenter\" src=\"https:\/\/www.islamizace.cz\/UserFiles\/image\/kokotiforum242.jpg\" alt=\"\" width=\"1111\" height=\"488\" \/><\/strong><\/div>\n<div><\/div>\n<div><strong><img decoding=\"async\" loading=\"lazy\" class=\"aligncenter\" src=\"https:\/\/www.islamizace.cz\/UserFiles\/image\/kokotiforum24.jpg\" alt=\"\" width=\"796\" height=\"505\" \/><\/strong><\/div>\n<div><\/div>\n<div><span style=\"font-size: 18pt;\"><strong>A realita zve\u0159ejn\u011bn\u00e1 medi\u00ed mimo \u010cR:<\/strong><\/span><\/div>\n<div><img decoding=\"async\" class=\"aligncenter\" src=\"https:\/\/www.islamizace.cz\/UserFiles\/image\/KOKOTIFORUM243.jpg\" alt=\"\" \/><\/div>\n<div><\/div>\n<div>No a aby to vypadalo dostate\u010dn\u011b d\u016fv\u011bryhodn\u011b, tak k tomu hod\u00ed fotku z roku 2017, kde vypad\u00e1 Arab zachmu\u0159en\u011b. To jsou fakt tot\u00e1ln\u00ed kokoti a idioti ti novin\u00e1\u0159i z Forum24 a je\u0161t\u011b v\u011bt\u0161\u00ed debil je ten, co t\u011bmhle jejich dezinformac\u00edm v\u011b\u0159\u00ed &#8230;<\/div>\n<div><\/div>\n<div>Pro uk\u00e1zku d\u00e1v\u00e1m do p\u0159\u00edlohy i fotku z aktu\u00e1ln\u00ed n\u00e1v\u0161t\u011bvy Putina v Saudsk\u00e9 Ar\u00e1bi\u00ed. V\u00edt\u00e1 ho tam nad\u0161en\u00fd rozesm\u00e1ty budouc\u00ed kr\u00e1l. Jo, to by se ov\u0161em do propagandy a dezinformace stvo\u0159en\u00e9 FORUM24 nehodilo, \u017ee \ud83d\ude03 Fakt chud\u00e1ci tihle \u010de\u0161t\u00ed novin\u00e1\u0159i a idioti ti, co jim ty jejich dezinformace v\u011b\u0159\u00ed \ud83d\ude03<\/div>\n<div><\/div>\n<div><a href=\"https:\/\/www.islamizace.cz\/Articles\/2217-jak-cesti-novinari-vytvareji-dezinformace-o-rusku-a-arabech-.aspx\">Luk\u00e1\u0161 Lho\u0165an<\/a><\/div>\n<div><\/div>\n<div>____________________<\/div>\n<div><\/div>\n<div><span style=\"font-size: 18pt;\"><strong>Pozn\u00e1mka InfoKur\u00fdru:<\/strong><\/span><\/div>\n<div><\/div>\n<div><\/div>\n<div><strong>P\u0159ikl\u00e1d\u00e1me jako d\u016fkaz \u010dl\u00e1nky, kter\u00e9 jsme o Putinovi a jeho n\u00e1v\u0161t\u011bv\u011b Arab\u016f publikovali, aby si \u010dten\u00e1\u0159 ud\u011blal obr\u00e1zek kdo v \u010cesk\u00e9 republice \u0161\u00ed\u0159\u00ed dezinformace a kter\u00e9 potvrzuj\u00ed tvrzen\u00ed autora v\u00fd\u0161e uveden\u00e9ho \u010dl\u00e1nku:<\/strong><\/div>\n<div><\/div>\n<div><a href=\"https:\/\/www.infokuryr.cz\/n\/2023\/12\/07\/lidr-sae-vita-draheho-pritele-putina\/\">L\u00eddr SAE v\u00edt\u00e1 \u201edrah\u00e9ho p\u0159\u00edtele\u201c Putina<\/a><\/div>\n<div><\/div>\n<div><a href=\"https:\/\/www.infokuryr.cz\/n\/2023\/12\/07\/putin-dorazil-do-saudske-arabie\/\">Putin dorazil do Sa\u00fadsk\u00e9 Ar\u00e1bie<\/a><\/div>\n<div><\/div>\n<div><a href=\"https:\/\/www.infokuryr.cz\/n\/2023\/12\/07\/proc-arabove-dovolili-ruskym-vzdusnym-silam-putina-prelet-nad-spojenymi-arabskymi-emiraty\/\">Pro\u010d Arabov\u00e9 dovolili rusk\u00fdm vzdu\u0161n\u00fdm sil\u00e1m Putina p\u0159elet nad Spojen\u00fdmi arabsk\u00fdmi emir\u00e1ty\u2026<\/a><\/div>\n<div><\/div>\n<div><\/div>\n<div>_________________________<\/div>\n<div><\/div>\n<div><\/div>\n<div><\/div>\n<div><a href=\"https:\/\/stranapro.cz\/\"><img decoding=\"async\" loading=\"lazy\" class=\"wp-image-40286 aligncenter\" src=\"http:\/\/www.infokuryr.cz\/n\/wp-content\/uploads\/2023\/11\/12pro-300x87.png\" alt=\"\" width=\"1048\" height=\"304\" srcset=\"https:\/\/www.infokuryr.cz\/n\/wp-content\/uploads\/2023\/11\/12pro-300x87.png 300w, https:\/\/www.infokuryr.cz\/n\/wp-content\/uploads\/2023\/11\/12pro.png 366w\" sizes=\"(max-width: 1048px) 100vw, 1048px\" \/><\/a><\/div>\n<div><\/div>\n<div><\/div>\n<div><\/div>\n","protected":false},"excerpt":{"rendered":"<p>To zoufalstv\u00ed \u010desk\u00fdch eurohujer\u016f a liber\u00e1ln\u00edch demokrat\u016f je opravdu velik\u00e9. Zbytek sv\u011bta m\u00e1 na h\u00e1ku&#8230;<\/p>\n","protected":false},"author":2,"featured_media":41938,"comment_status":"closed","ping_status":"closed","sticky":false,"template":"","format":"standard","meta":[],"categories":[6],"tags":[28,29,273],"_links":{"self":[{"href":"https:\/\/www.infokuryr.cz\/n\/wp-json\/wp\/v2\/posts\/42424"}],"collection":[{"href":"https:\/\/www.infokuryr.cz\/n\/wp-json\/wp\/v2\/posts"}],"about":[{"href":"https:\/\/www.infokuryr.cz\/n\/wp-json\/wp\/v2\/types\/post"}],"author":[{"embeddable":true,"href":"https:\/\/www.infokuryr.cz\/n\/wp-json\/wp\/v2\/users\/2"}],"replies":[{"embeddable":true,"href":"https:\/\/www.infokuryr.cz\/n\/wp-json\/wp\/v2\/comments?post=42424"}],"version-history":[{"count":1,"href":"https:\/\/www.infokuryr.cz\/n\/wp-json\/wp\/v2\/posts\/42424\/revisions"}],"predecessor-version":[{"id":42425,"href":"https:\/\/www.infokuryr.cz\/n\/wp-json\/wp\/v2\/posts\/42424\/revisions\/42425"}],"wp:featuredmedia":[{"embeddable":true,"href":"https:\/\/www.infokuryr.cz\/n\/wp-json\/wp\/v2\/media\/41938"}],"wp:attachment":[{"href":"https:\/\/www.infokuryr.cz\/n\/wp-json\/wp\/v2\/media?parent=42424"}],"wp:term":[{"taxonomy":"category","embeddable":true,"href":"https:\/\/www.infokuryr.cz\/n\/wp-json\/wp\/v2\/categories?post=42424"},{"taxonomy":"post_tag","embeddable":true,"href":"https:\/\/www.infokuryr.cz\/n\/wp-json\/wp\/v2\/tags?post=42424"}],"curies":[{"name":"wp","href":"https:\/\/api.w.org\/{rel}","templated":true}]}}