{"id":42422,"date":"2023-12-13T00:39:18","date_gmt":"2023-12-12T23:39:18","guid":{"rendered":"https:\/\/www.infokuryr.cz\/n\/?p=42422"},"modified":"2023-12-12T18:29:25","modified_gmt":"2023-12-12T17:29:25","slug":"jana-markova-opavsky-elektrikar-uz-nevi-jak-lidem-otravit-zivot","status":"publish","type":"post","link":"https:\/\/www.infokuryr.cz\/n\/2023\/12\/13\/jana-markova-opavsky-elektrikar-uz-nevi-jak-lidem-otravit-zivot\/","title":{"rendered":"Jana Markov\u00e1: Opavsk\u00fd elektrik\u00e1\u0159 u\u017e nev\u00ed, jak lidem otr\u00e1vit \u017eivot"},"content":{"rendered":"<div id=\"fb-root\"><\/div>\n<p class=\"has-medium-font-size\">P\u0159i\u0161el toti\u017e s neuv\u011b\u0159iteln\u00fdm n\u00e1padem, \u017ee nejen, \u017ee zru\u0161\u00ed \u0161kolkovn\u00e9, ale zdan\u00ed firemn\u00ed \u0161kolky, mnohdy supluj\u00edc\u00ed ty chyb\u011bj\u00edc\u00ed st\u00e1tn\u00ed, jako benefit jako takov\u00e9.<\/p>\n<p>Mil\u00fd Zby\u0148ku, tak my tady v \u010cR m\u00e1me zoufal\u00fd nedostatek \u0161kolek, \u010dasto se \u010dek\u00e1 v dlouh\u00fdch po\u0159adn\u00edc\u00edch, a n\u011bkte\u0159\u00ed rodi\u010de nemaj\u00ed sv\u00e9 d\u011bti pod 3 i 4 roky v podstat\u011b kam um\u00edstit, i kdyby se na hlavu stav\u011bli.<\/p>\n<p>Tak to vy\u0159e\u0161\u00edme t\u00edm, \u017ee zru\u0161\u00edme \u0161kolkovn\u00e9, asi aby se ty \u0161kolky\u00a0vypr\u00e1zdnily, proto\u017ee ten odpo\u010det od dan\u011b nen\u00ed zrovna mal\u00fd a m\u016f\u017ee b\u00fdt i 16 tis\u00edc ro\u010dn\u011b, co\u017e je pro norm\u00e1ln\u00ed rodinu v dne\u0161n\u00ed dob\u011b opravdu dost pen\u011bz.<\/p>\n<p>A jako bonus zdanit je\u0161t\u011b ty firemn\u00ed \u0161kolky? Mnohdy pro n\u011bkoho jedin\u00e1 \u0161ance, jak se do pr\u00e1ce vr\u00e1tit. Tak tomu \u0159\u00edk\u00e1m mega r\u00e1na pod p\u00e1s. Tak\u017ee ty maminky kter\u00e9 jsou r\u00e1dy, \u017ee jim firma d\u00e1 mo\u017enost pohl\u00eddat svou ratolest a d\u00edky tomu chodit do pr\u00e1ce, tak budou za to vlastn\u011b potrestan\u00e9.<\/p>\n<p>Opravdu pod veden\u00edm takov\u00e9ho ministra je radost \u017e\u00edt, a politiku cel\u00e9 t\u00e9to vl\u00e1dy bych shrnula asi takto: \u010c\u00edm v\u00edc pracuje\u0161, t\u00edm h\u016f\u0159 na tom bude\u0161, \u010d\u00edm v\u00edc \u0159ve\u0161, t\u00edm v\u00edc bude\u0161 moct \u010derpat. Dal\u0161\u00ed jasn\u00fd d\u016fkaz, pro\u010d je popularita t\u00e9to vl\u00e1dy na bodu mrazu. A to, \u017ee jsou ostatn\u00ed koali\u010dn\u00ed poslanci najednou d\u011bsn\u011b udiveni, pro co, \u017ee to vlastn\u011b zvedli ruku, to u\u017e je jen takov\u00e1 t\u0159e\u0161ni\u010dka na dortu jasn\u011b ukazuj\u00edc\u00ed to, jak moc jim na schvalovan\u00fdch v\u011bcech z\u00e1le\u017e\u00ed, a jak moc se jede jen dle stranick\u00e9 linie st\u016fj co st\u016fj. N\u00e1s. Je to toti\u017e nestoj\u00ed v\u016fbec nic.<\/p>\n<p><a href=\"https:\/\/web.litterate.cz\/opavsky-elektrikar-uz-nevi-jak-lidem-otravit-zivot\/\">Jana Markov\u00e1<\/a><\/p>\n<p>&nbsp;<\/p>\n<p><a href=\"https:\/\/stranapro.cz\/\"><img decoding=\"async\" loading=\"lazy\" class=\"wp-image-40286 aligncenter\" src=\"http:\/\/www.infokuryr.cz\/n\/wp-content\/uploads\/2023\/11\/12pro-300x87.png\" alt=\"\" width=\"993\" height=\"288\" srcset=\"https:\/\/www.infokuryr.cz\/n\/wp-content\/uploads\/2023\/11\/12pro-300x87.png 300w, https:\/\/www.infokuryr.cz\/n\/wp-content\/uploads\/2023\/11\/12pro.png 366w\" sizes=\"(max-width: 993px) 100vw, 993px\" \/><\/a><\/p>\n<p>&nbsp;<\/p>\n<p>&nbsp;<\/p>\n<p>&nbsp;<\/p>\n","protected":false},"excerpt":{"rendered":"<p>P\u0159i\u0161el toti\u017e s neuv\u011b\u0159iteln\u00fdm n\u00e1padem, \u017ee nejen, \u017ee zru\u0161\u00ed \u0161kolkovn\u00e9, ale zdan\u00ed firemn\u00ed \u0161kolky, mnohdy&#8230;<\/p>\n","protected":false},"author":2,"featured_media":31505,"comment_status":"closed","ping_status":"closed","sticky":false,"template":"","format":"standard","meta":[],"categories":[6],"tags":[245,1107,6481,2798],"_links":{"self":[{"href":"https:\/\/www.infokuryr.cz\/n\/wp-json\/wp\/v2\/posts\/42422"}],"collection":[{"href":"https:\/\/www.infokuryr.cz\/n\/wp-json\/wp\/v2\/posts"}],"about":[{"href":"https:\/\/www.infokuryr.cz\/n\/wp-json\/wp\/v2\/types\/post"}],"author":[{"embeddable":true,"href":"https:\/\/www.infokuryr.cz\/n\/wp-json\/wp\/v2\/users\/2"}],"replies":[{"embeddable":true,"href":"https:\/\/www.infokuryr.cz\/n\/wp-json\/wp\/v2\/comments?post=42422"}],"version-history":[{"count":1,"href":"https:\/\/www.infokuryr.cz\/n\/wp-json\/wp\/v2\/posts\/42422\/revisions"}],"predecessor-version":[{"id":42423,"href":"https:\/\/www.infokuryr.cz\/n\/wp-json\/wp\/v2\/posts\/42422\/revisions\/42423"}],"wp:featuredmedia":[{"embeddable":true,"href":"https:\/\/www.infokuryr.cz\/n\/wp-json\/wp\/v2\/media\/31505"}],"wp:attachment":[{"href":"https:\/\/www.infokuryr.cz\/n\/wp-json\/wp\/v2\/media?parent=42422"}],"wp:term":[{"taxonomy":"category","embeddable":true,"href":"https:\/\/www.infokuryr.cz\/n\/wp-json\/wp\/v2\/categories?post=42422"},{"taxonomy":"post_tag","embeddable":true,"href":"https:\/\/www.infokuryr.cz\/n\/wp-json\/wp\/v2\/tags?post=42422"}],"curies":[{"name":"wp","href":"https:\/\/api.w.org\/{rel}","templated":true}]}}