{"id":42265,"date":"2023-12-11T05:56:34","date_gmt":"2023-12-11T04:56:34","guid":{"rendered":"https:\/\/www.infokuryr.cz\/n\/?p=42265"},"modified":"2023-12-11T05:56:34","modified_gmt":"2023-12-11T04:56:34","slug":"jindrich-kulhavy-cira-nenavist-k-liberalum","status":"publish","type":"post","link":"https:\/\/www.infokuryr.cz\/n\/2023\/12\/11\/jindrich-kulhavy-cira-nenavist-k-liberalum\/","title":{"rendered":"Jind\u0159ich Kulhav\u00fd: \u010cir\u00e1 nen\u00e1vist k liber\u00e1l\u016fm"},"content":{"rendered":"<div id=\"fb-root\"><\/div>\n<p><span class=\"anotation\">Vztah k\u00a0rodn\u00e9 zemi, l\u00e1ska k\u00a0vlasti, vn\u00edm\u00e1n\u00ed domova jako m\u00edsta, na kter\u00e9 se r\u00e1di vrac\u00edte, to v\u0161e je naprosto norm\u00e1ln\u00ed. Zrovna tak, jako m\u00edt r\u00e1d n\u011bkter\u00e9 v\u011bci, lidi, sv\u016fj d\u016fm, auto. Je naprosto p\u0159irozen\u00e9, \u017ee ka\u017ed\u00fd zdrav\u011b uva\u017euj\u00edc\u00ed \u010dlov\u011bk m\u00e1 tendenci v\u0161e, co tvo\u0159\u00ed p\u0159\u00edjemnou str\u00e1nku \u017eivota, n\u011bjak\u00fdm zp\u016fsobem br\u00e1nit. A \u010d\u00edm t\u011b\u017e\u0161\u00ed je cokoliv vybudovat, za\u010d\u00edt vlastnit a cokoliv spravovat a obhospoda\u0159ovat, t\u00edm v\u00edce si v\u00e1\u017e\u00edte jak\u00e9hokoliv sv\u00e9ho \u00fasp\u011bchu a jeho v\u00fdsledek si prost\u011b nechcete jen tak nechat ukr\u00e1st.<\/span><\/p>\n<div id=\"pagetext\">\n<p>\u00a0 Posledn\u00edch p\u00e1r let se zd\u00e1, \u017ee se sv\u011bt zbl\u00e1znil a v\u0161e se posunuje do jak\u00e9hosi absurdna. Ji\u017e nehovo\u0159me o tom, \u017ee rok 1989 byl p\u0159elomov\u00fdm, kdy jsme se zbavili o\u0161kliv\u00fdch komunist\u016f a nastoupili cestu k\u00a0demokracii. Nechceme b\u00fdt sentiment\u00e1ln\u00ed, ale st\u00e1le v\u00edce se ukazuje jist\u00e1 propracovanost socialistick\u00e9ho z\u0159\u00edzen\u00ed u n\u00e1s. A i p\u0159es skute\u010dn\u011b t\u011b\u017eko snesitelnou nesvobodu z\u00a0t\u00e9 doby mus\u00edme p\u0159iznat, \u017ee po str\u00e1nce ekonomick\u00e9 a hospod\u00e1\u0159sk\u00e9 se tehdej\u0161\u00ed vl\u00e1dci sna\u017eili udr\u017eet \u010ceskoslovensko aspo\u0148 v\u00a0r\u00e1mci RVHP konkurenceschopn\u00e9 a na jej\u00ed \u0161pici, co\u017e se vzhledem k\u00a0\u0161ikovnosti na\u0161ich n\u00e1rod\u016f da\u0159ilo. Po tzv. Sametov\u00e9 revoluci jsme m\u011bli dobr\u00e9 podm\u00ednky k\u00a0restartu. Pro\u0161ustrovali jsme p\u0159\u00edle\u017eitost, p\u0159esto\u017ee bylo na \u010dem stav\u011bt. V\u0161e, co komunist\u00e9 dr\u017eeli pohromad\u011b, bylo rozkradeno, rozebr\u00e1no, prod\u00e1no, a i to dobr\u00e9 zaniklo. Chamtivost nov\u00fdch elit je nekone\u010dn\u00e1, tak\u017ee \u010cech\u016fm v\u00a0jejich zemi u\u017e nepat\u0159\u00ed t\u00e9m\u011b\u0159 nic.<\/p>\n<p>Rok 1989 je d\u00e1vno pry\u010d, pam\u011btn\u00edk\u016f schopn\u00fdch z\u00a0reality posuzovat, nakolik \u017eijeme nyn\u00ed h\u016f\u0159e \u010di l\u00e9pe, ub\u00fdv\u00e1. T\u011bch, kte\u0159\u00ed p\u0159ed p\u0159elomov\u00fdm rokem byli ji\u017e p\u00e1r let produktivn\u00ed, je st\u00e1le m\u00e9n\u011b, nov\u00e1 generace si o socialismu nech\u00e1v\u00e1 nalh\u00e1vat cokoliv, co se hod\u00ed str\u016fjc\u016fm nov\u00e9 doby do kr\u00e1mu. Ne, zdaleka netvrd\u00edme, \u017ee socialismus byl ide\u00e1ln\u00ed a kr\u00e1snou dobou. Skute\u010dn\u011b jsme m\u011bli p\u0159ita\u017een\u00e9 uzdy a museli d\u00e1vat pozor na to, co \u0159\u00edk\u00e1me, na druhou stran lid\u00e9 k\u00a0sob\u011b m\u011bli bl\u00ed\u017ee, znali hodnotu ur\u010dit\u00fdch jistot a mohli si sv\u016fj \u017eivot trochu pl\u00e1novat. Byly tu ur\u010dit\u00e9 nem\u011bnn\u00e9, jak\u00fdmi byly st\u00e1tn\u00ed bydlen\u00ed, p\u016fj\u010dky s\u00a0minim\u00e1ln\u00edm \u00farokem, kvalitn\u00ed \u0161kolstv\u00ed, bezplatn\u00e9 zdravotnictv\u00ed, p\u0159i tro\u0161e snahy nikdo neum\u00edral hlady. Samoz\u0159ejm\u011b bychom na\u0161li i dost z\u00e1por\u016f, ale \u010ce\u0161i byli v\u017edy mist\u0159i improvizace a dok\u00e1zali i v\u00a0relativn\u011b velk\u00e9 nesvobod\u011b \u0161vejkovsky \u017e\u00edt.<\/p>\n<p>P\u0159esko\u010dme p\u00e1r let pln\u00fdch z\u00e1sadn\u00edch chyb a pod\u00edvejme se, co se d\u011bje nyn\u00ed. \u010ceskoslovensko je minulost\u00ed, \u010desk\u00fd pr\u016fmysl neexistuje, trh ovl\u00e1dly zahrani\u010dn\u00ed konglomer\u00e1ty. St\u00e1tn\u00ed pokladna je pr\u00e1zdn\u00e1 a d\u011brav\u00e1, jsme zadlu\u017eenou zem\u00ed a\u017e po u\u0161i. Vyr\u00e1b\u00edme levnou elekt\u0159inu pro Evropu, na\u0161im ob\u010dan\u016fm je prod\u00e1v\u00e1na za nejvy\u0161\u0161\u00ed mo\u017enou cenu, kter\u00e1 je nav\u00edc um\u011ble \u0161roubov\u00e1na je\u0161t\u011b v\u00edce nahoru. Prodali n\u00e1m na\u0161i vodu, zav\u0159eli uheln\u00e9 doly, zlikvidovali v\u0161echny zdroje b\u00fdval\u00e9ho bohatstv\u00ed. Jsme \u010dleny r\u016fzn\u00fdch organizac\u00ed, jejich\u017e p\u0159\u00ednos je pro n\u00e1s p\u0159inejmen\u0161\u00edm sporn\u00fd, p\u0159ev\u00e1\u017en\u011b nulov\u00fd. Idea spole\u010dn\u00e9 Evropy se ukazuje b\u00fdt fantasmagori\u00ed, p\u0159i\u010dem\u017e jej\u00ed budov\u00e1n\u00ed n\u00e1s st\u00e1lo mnohem v\u00edce ne\u017e jen pen\u00edze. P\u0159i\u0161li jsme o stabilitu, samostatnost a nyn\u00ed n\u00e1m cht\u011bj\u00ed sebrat svrchovanost. Z\u00e1padn\u00ed Evropa u\u017e byla bez ohledu na drsn\u00e9 dopady namixov\u00e1na migranty, V\u00fdchodn\u00ed zase ekonomicky vycucnuta d\u016fsledkem vpu\u0161t\u011bn\u00ed nadn\u00e1rodn\u00edch kolos\u016f na jej\u00ed \u00fazem\u00ed a nucen\u00e9 od\u0159\u00edznut\u00ed od levn\u00fdch zdroj\u016f proud\u00edc\u00edch k\u00a0n\u00e1m z\u00a0Rusk\u00e9 federace. \u010cesk\u00e1 republika p\u0159ipom\u00edn\u00e1 vydrancovanou z\u00f3nu, p\u0159esto\u017ee tu \u017e\u00e1dn\u00e1 fyzick\u00e1 v\u00e1lka neprob\u011bhla.<\/p>\n<p><a href=\"https:\/\/stranapro.cz\/\"><img decoding=\"async\" loading=\"lazy\" class=\"alignnone  wp-image-40285 aligncenter\" src=\"http:\/\/www.infokuryr.cz\/n\/wp-content\/uploads\/2023\/11\/11pro-300x79.png\" alt=\"\" width=\"551\" height=\"145\" srcset=\"https:\/\/www.infokuryr.cz\/n\/wp-content\/uploads\/2023\/11\/11pro-300x79.png 300w, https:\/\/www.infokuryr.cz\/n\/wp-content\/uploads\/2023\/11\/11pro.png 363w\" sizes=\"(max-width: 551px) 100vw, 551px\" \/><\/a><\/p>\n<p>Vin\u00edci t\u00e9to situace jsme my v\u0161ichni, kdo se nevzep\u0159eli v\u010das v\u00fdvoji. Ji\u017e 34 let m\u00e1me mo\u017enost volit si sv\u00e9 z\u00e1stupce, kte\u0159\u00ed pot\u00e9 vedou st\u00e1t. Pod\u00edv\u00e1me li se zp\u011btn\u011b, kolik m\u016f\u017eete jmenovat lid\u00ed, kte\u0159\u00ed byli skute\u010dn\u00fdm p\u0159\u00ednosem, z\u00e1rove\u0148 byli ve vl\u00e1d\u011b \u010di v\u00a0obou komor\u00e1ch Parlamentu? Na skute\u010dn\u00e9 \u0161mejdy si lze vzpomenout snadno, by\u0165 v\u00a0n\u00e1zorech na n\u011b se n\u00e1rod neshoduje. Tu \u010d\u00e1st, kterou p\u0159edstavuj\u00ed nap\u0159\u00edklad na\u0161i \u010dten\u00e1\u0159i, irituje ka\u017ed\u00e1 my\u0161lenka na Havla, moment\u00e1ln\u011b glorifikovan\u00e9ho Schwarzenberga, na velkou \u010d\u00e1st polistopadov\u00fdch politik\u016f sna\u017e\u00edc\u00edch se p\u0159edev\u0161\u00edm zbohatnout. M\u016f\u017eeme Klausovi vy\u010d\u00edtat zpackanou privatizaci, kterou by jist\u011b nyn\u00ed d\u011blal jinak, Zemanovi nedostate\u010dnou opozici z\u00a0t\u00e9 doby, neschopnost Grossovi, ale za skute\u010dn\u00e9 \u0161mejdy sv\u00e9 doby pova\u017eujeme Kalouska, \u0160pidlu, Topol\u00e1nka, Sobotku, Babi\u0161e. Ti v\u0161ichni p\u0159ivedli na\u0161\u00ed zemi na mizinu, stali se sou\u010d\u00e1st\u00ed liber\u00e1ln\u00edho syst\u00e9mu. V\u00a0jejich pozad\u00ed fungovali dal\u0161\u00ed lumpov\u00e9, podobn\u011b, jako nyn\u00ed lid\u00e9 kolem Petra Pavla v\u00a0\u010dele s\u00a0Kov\u00e1\u0159em a Witowskou. Zapomenout nesm\u00edme ani na politicky i finan\u010dn\u011b zkorumpovan\u00e1 m\u00e9dia odv\u00e1d\u011bj\u00edc\u00ed ,,kvalitn\u00ed\u201c \u010dernou pr\u00e1ci.<\/p>\n<p>V\u0161e v\u00fd\u0161e napsan\u00e9 v\u0161ak p\u0159eb\u00edj\u00ed sou\u010dasnost. Chov\u00e1n\u00ed Petra Fialy, j\u00edm veden\u00e9 vl\u00e1dy a P\u011btikoalice kryj\u00edc\u00ed mu z\u00e1da je prost\u011b to nejdestruktivn\u011bj\u0161\u00ed, co tu od roku 1918 s\u00a0v\u00fdjimkou nacismu a po\u010d\u00e1tku socialismu existuje. Samolibost, pocit nedotknutelnosti, arogance, naprost\u00e1 neschopnost a nekompetentnost, vytv\u00e1\u0159en\u00ed l\u017e\u00ed, manipulac\u00ed, ekonomick\u00e1 negramotnost, neochota naslouchat a vn\u00edmat, vyvy\u0161ov\u00e1n\u00ed zcestn\u00e9 ideologie nad realitu, absence n\u00e1rodn\u00ed hrdosti, soci\u00e1ln\u00edho my\u0161len\u00ed, z\u00edsk\u00e1v\u00e1n\u00ed vlastn\u00edho prosp\u011bchu, n\u00e1vrat k\u00a0honu na kritiky a politick\u00e9 oponenty, vytv\u00e1\u0159en\u00ed stav\u016f \u00fazkosti, nedostatku a sni\u017eov\u00e1n\u00ed hranice dostupn\u00e9ho \u017eivotn\u00edho minima, to v\u0161e p\u0159edstavuje sou\u010dasn\u00e1 vl\u00e1da funguj\u00edc\u00ed v\u00a0syst\u00e9mu liber\u00e1ln\u00ed greendealovsk\u00e9 EU.<\/p>\n<p>Je tedy na \u010dase si uv\u011bdomit, \u017ee si m\u016f\u017eeme vzpomenout na ml\u00e1d\u00ed v\u00a0socialismu a\u0165 u\u017e s\u00a0nostalgi\u00ed \u010di s\u00a0pocitem ho\u0159kosti, v\u011bt\u0161inou v\u0161ak jde o mix oboj\u00edho, zavzpom\u00ednat na velmi aktivn\u011b pro\u017eit\u00e9 devades\u00e1tky, kdy bylo mnoho nov\u00e9ho a ob\u010das neskute\u010dn\u011b zb\u011bsil\u00e9ho, zasmutnit z\u00a0dal\u0161\u00edho v\u00fdvoje pln\u00e9ho o\u010dek\u00e1v\u00e1n\u00ed a zklam\u00e1n\u00ed. A od roku 2008 u\u017e je to se\u0161up z\u00a0kopce zrychlen\u00fd dobou covidovou, pozd\u011bji ukrajinskou a nyn\u00ed greendealovskou. Posledn\u00ed t\u0159i etapy jsou natolik katastrof\u00e1ln\u00ed, \u017ee je norm\u00e1ln\u00ed \u010dlov\u011bk neprofituj\u00edc\u00ed na mo\u017enostech ne\u010dekan\u011b zbohatnout mus\u00ed doslova nen\u00e1vid\u011bt. To, kam jsme se dostali, je natolik absurdn\u00ed, \u017ee je s\u00a0podivem, jak snadno jsme se bez odporu nechali vmanipulovat do sou\u010dasnosti.<\/p>\n<p>A op\u011bt se pt\u00e1me. Kdy kone\u010dn\u011b spont\u00e1nn\u011b vezmeme i p\u0159i absenci osobnost\u00ed v\u00a0\u010dele do rukou hole a vy\u017eeneme tu ch\u00e1tru z\u00a0Hradu, Strakovky \u010di budov Parlamentu slou\u017e\u00edc\u00ed za bak\u0161i\u0161 ciz\u00edm z\u00e1jm\u016fm bez mo\u017enosti jejich \u00fat\u011bku p\u0159ed spravedlnost\u00ed? Kdy ve v\u00e1s v\u0161ech kone\u010dn\u011b dozraje \u010das a budete se cht\u00edt vr\u00e1tit ke klidu, prosperit\u011b a za\u010dnete od z\u00e1kladu budovat novou a p\u0159ijatelnou \u010ceskou republiku? Je p\u011bt minut po dvan\u00e1ct\u00e9. Copak v\u00e1m nedoch\u00e1z\u00ed, co na n\u00e1s p\u0159ipravili na p\u0159\u00ed\u0161t\u00ed rok a na ty po n\u011bm n\u00e1sleduj\u00edc\u00ed? Jsme otroky ve sv\u00e9 zemi, pro kter\u00e9 u\u017e nen\u00ed jin\u00e1 cesta ne\u017e boj o v\u0161e, co jsme dosud vytvo\u0159ili, nechceme li o to p\u0159ij\u00edt nebo emigrovat. Kde je va\u0161e hrdost a snaha p\u0159edat d\u011btem lep\u0161\u00ed zemi?<\/p>\n<p><a href=\"https:\/\/www.inadhled.live\/uvaha-dne\/cira-nenavist-k-liberalum\/\">Jind\u0159ich Kulhav\u00fd<\/a><\/p>\n<p><img decoding=\"async\" loading=\"lazy\" class=\"alignnone size-medium wp-image-22653\" src=\"http:\/\/www.infokuryr.cz\/n\/wp-content\/uploads\/2023\/02\/jindra-kulhavy-221x300.jpg\" alt=\"\" width=\"221\" height=\"300\" srcset=\"https:\/\/www.infokuryr.cz\/n\/wp-content\/uploads\/2023\/02\/jindra-kulhavy-221x300.jpg 221w, https:\/\/www.infokuryr.cz\/n\/wp-content\/uploads\/2023\/02\/jindra-kulhavy.jpg 311w\" sizes=\"(max-width: 221px) 100vw, 221px\" \/><\/p>\n<\/div>\n<p>&nbsp;<\/p>\n","protected":false},"excerpt":{"rendered":"<p>Vztah k\u00a0rodn\u00e9 zemi, l\u00e1ska k\u00a0vlasti, vn\u00edm\u00e1n\u00ed domova jako m\u00edsta, na kter\u00e9 se r\u00e1di vrac\u00edte, to&#8230;<\/p>\n","protected":false},"author":2,"featured_media":42266,"comment_status":"closed","ping_status":"closed","sticky":false,"template":"","format":"standard","meta":[],"categories":[6],"tags":[506,285,29,4898,35,77],"_links":{"self":[{"href":"https:\/\/www.infokuryr.cz\/n\/wp-json\/wp\/v2\/posts\/42265"}],"collection":[{"href":"https:\/\/www.infokuryr.cz\/n\/wp-json\/wp\/v2\/posts"}],"about":[{"href":"https:\/\/www.infokuryr.cz\/n\/wp-json\/wp\/v2\/types\/post"}],"author":[{"embeddable":true,"href":"https:\/\/www.infokuryr.cz\/n\/wp-json\/wp\/v2\/users\/2"}],"replies":[{"embeddable":true,"href":"https:\/\/www.infokuryr.cz\/n\/wp-json\/wp\/v2\/comments?post=42265"}],"version-history":[{"count":0,"href":"https:\/\/www.infokuryr.cz\/n\/wp-json\/wp\/v2\/posts\/42265\/revisions"}],"wp:featuredmedia":[{"embeddable":true,"href":"https:\/\/www.infokuryr.cz\/n\/wp-json\/wp\/v2\/media\/42266"}],"wp:attachment":[{"href":"https:\/\/www.infokuryr.cz\/n\/wp-json\/wp\/v2\/media?parent=42265"}],"wp:term":[{"taxonomy":"category","embeddable":true,"href":"https:\/\/www.infokuryr.cz\/n\/wp-json\/wp\/v2\/categories?post=42265"},{"taxonomy":"post_tag","embeddable":true,"href":"https:\/\/www.infokuryr.cz\/n\/wp-json\/wp\/v2\/tags?post=42265"}],"curies":[{"name":"wp","href":"https:\/\/api.w.org\/{rel}","templated":true}]}}