{"id":42234,"date":"2023-12-11T00:46:09","date_gmt":"2023-12-10T23:46:09","guid":{"rendered":"https:\/\/www.infokuryr.cz\/n\/?p=42234"},"modified":"2023-12-10T16:14:01","modified_gmt":"2023-12-10T15:14:01","slug":"musk-vola-bidenovi-kvuli-americkemu-novinari-uveznenemu-ukrajinou","status":"publish","type":"post","link":"https:\/\/www.infokuryr.cz\/n\/2023\/12\/11\/musk-vola-bidenovi-kvuli-americkemu-novinari-uveznenemu-ukrajinou\/","title":{"rendered":"Musk vol\u00e1 Bidenovi kv\u016fli americk\u00e9mu novin\u00e1\u0159i uv\u011bzn\u011bn\u00e9mu Ukrajinou"},"content":{"rendered":"<div id=\"fb-root\"><\/div>\n<p><span style=\"font-size: 18pt;\"><strong>Je to \u201ev\u00e1\u017en\u00fd probl\u00e9m\u201c, kdyby byl Gonzalo Lira uv\u011bzn\u011bn jen za to, \u017ee kritizoval kyjevskou vl\u00e1du, \u0159ekl gener\u00e1ln\u00ed \u0159editel SpaceX a Tesla<\/strong><\/span><\/p>\n<p><span>Elon Musk oslovil americk\u00e9ho prezidenta Joea Bidena a jeho ukrajinsk\u00e9ho prot\u011bj\u0161ku Vladimira Zelensk\u00e9ho ohledn\u011b postaven\u00ed Gonzala Liry, americko-chilsk\u00e9ho novin\u00e1\u0159e a kritika kyjevsk\u00e9 vl\u00e1dy.\u00a0Lira je od l\u00e9ta zadr\u017eov\u00e1na na Ukrajin\u011b, co\u017e podn\u00edtilo Muskovo zapojen\u00ed do t\u00e9to z\u00e1le\u017eitosti.<\/span><\/p>\n<p><span>V sobotu americk\u00fd politick\u00fd koment\u00e1tor Tucker Carlson zve\u0159ejnil rozhovor na X (d\u0159\u00edve Twitter) s Li\u0159in\u00fdm otcem, kter\u00fd \u0159ekl, \u017ee jeho syn v sou\u010dasn\u00e9 dob\u011b \u010dek\u00e1 na soud na Ukrajin\u011b,\u00a0<\/span><em><span>\u201eproto\u017ee uplat\u0148oval sv\u00e9 pr\u00e1vo na svobodu projevu\u201c.<\/span><\/em><\/p>\n<p><span>Podle Gonzala Liry Seniora pracovn\u00edci m\u00edstn\u00edho velvyslanectv\u00ed USA\u00a0<\/span><em><span>\u201eneud\u011blali nic\u201c<\/span><\/em><span>\u00a0pro zadr\u017een\u00e9ho dr\u017eitele americk\u00e9ho pasu, kter\u00e9ho obhajuje soudem jmenovan\u00fd ukrajinsk\u00fd pr\u00e1vn\u00edk bez znalosti angli\u010dtiny.<\/span><\/p>\n<p><span>Ve sv\u00e9m koment\u00e1\u0159i k rozhovoru se Musk divil, jak je mo\u017en\u00e9, \u017ee\u00a0<\/span><em><span>\u201eamerick\u00fd ob\u010dan je ve v\u011bzen\u00ed na Ukrajin\u011b pot\u00e9, co jsme poslali v\u00edce ne\u017e 100 miliard dolar\u016f\u201c<\/span><\/em><span>\u00a0na podporu Kyjeva uprost\u0159ed jeho konfliktu s Ruskem.<\/span><\/p>\n<p><em><span>\u201eJe v tomto p\u0159\u00edb\u011bhu v\u00edc ne\u017e jen kritizovat Zelensk\u00e9ho?\u00a0Pokud je to v\u0161echno, pak tu m\u00e1me v\u00e1\u017en\u00fd probl\u00e9m,\u201c<\/span><\/em><span>\u00a0uvedl gener\u00e1ln\u00ed \u0159editel SpaceX a Tesla na X.<\/span><\/p>\n<p><span>Carlson na zpr\u00e1vu odpov\u011bd\u011bl t\u00edm, \u017ee\u00a0<\/span><em><span>\u201ezlo\u010din\u201c<\/span><\/em><span>\u00a0sp\u00e1chan\u00fd Lirou, kter\u00e1 je autorkou n\u011bkolika rom\u00e1n\u016f a filma\u0159kou s hollywoodsk\u00fdmi zku\u0161enostmi,\u00a0<\/span><em><span>\u201e\u0159\u00edk\u00e1 neschv\u00e1len\u00e9 v\u011bci\u201c.<\/span><\/em><\/p>\n<p><span>V ned\u011bli se Musk k probl\u00e9mu vyj\u00e1d\u0159il tak\u00e9 na sv\u016fj \u00fa\u010det a napsal:\u00a0\u00a0<\/span><em><span>\u201eJak\u00fd je status tohoto americk\u00e9ho novin\u00e1\u0159e Joe Bidena?<\/span><\/em><\/p>\n<p><a href=\"https:\/\/stranapro.cz\/\"><img decoding=\"async\" loading=\"lazy\" class=\"alignnone  wp-image-40285 aligncenter\" src=\"http:\/\/www.infokuryr.cz\/n\/wp-content\/uploads\/2023\/11\/11pro-300x79.png\" alt=\"\" width=\"554\" height=\"146\" srcset=\"https:\/\/www.infokuryr.cz\/n\/wp-content\/uploads\/2023\/11\/11pro-300x79.png 300w, https:\/\/www.infokuryr.cz\/n\/wp-content\/uploads\/2023\/11\/11pro.png 363w\" sizes=\"(max-width: 554px) 100vw, 554px\" \/><\/a><\/p>\n<p><span>P\u0159\u00edsp\u011bvek obsahoval odkaz na posledn\u00ed p\u0159\u00edsp\u011bvek Liry na X p\u0159ed jeho t\u0159et\u00edm zat\u010den\u00edm ukrajinsk\u00fdmi \u00fa\u0159ady na za\u010d\u00e1tku srpna.\u00a0Novin\u00e1\u0159 ve sv\u00e9 zpr\u00e1v\u011b uvedl, \u017ee se chyst\u00e1 p\u0159ej\u00edt z Ukrajiny do Ma\u010farska a hledat politick\u00fd azyl.\u00a0<\/span><em><span>&#8222;Bu\u010f p\u0159ekro\u010d\u00edm hranici a dostanu se do bezpe\u010d\u00ed, nebo budu zmizel kyjevsk\u00fdm re\u017eimem,&#8220;<\/span><\/em><span>\u00a0varoval sv\u00e9 stoupence.<\/span><\/p>\n<p><span>Kdy\u017e se k t\u00e9to ot\u00e1zce vyj\u00e1d\u0159il zpravodajsk\u00fd port\u00e1l Strana.ua, mluv\u010d\u00ed Bezpe\u010dnostn\u00ed slu\u017eby Ukrajiny (SBU) potvrdil, \u017ee Lira byla zat\u010dena na hranici s Ma\u010farskem.\u00a0Americk\u00fd novin\u00e1\u0159 je v sou\u010dasn\u00e9 dob\u011b ve vazb\u011b v druh\u00e9m nejv\u011bt\u0161\u00edm ukrajinsk\u00e9m m\u011bst\u011b Charkov\u011b, p\u0159i\u010dem\u017e soud jeho p\u0159\u00edpadu napl\u00e1noval na 12. a 21. prosince, dodal.<\/span><\/p>\n<p><span>Podle mluv\u010d\u00edho Lira poru\u0161il ukrajinsk\u00e9 z\u00e1kony, kdy\u017e\u00a0<\/span><em><span>\u201esystematicky ospravedl\u0148oval\u201c<\/span><\/em><span>\u00a0rusk\u00e9 kroky na Ukrajin\u011b a\u00a0<\/span><em><span>\u201e\u0161\u00ed\u0159il prorusk\u00e9 n\u00e1zory na sv\u00fdch \u00fa\u010dtech na soci\u00e1ln\u00edch s\u00edt\u00edch\u201c.\u00a0<\/span><\/em><span>Ve sv\u00fdch vide\u00edch\u00a0<\/span><em><span>\u201etak\u00e9 tvrdil, \u017ee ukrajinsk\u00e9 ozbrojen\u00e9 s\u00edly ost\u0159elovaly jejich vlastn\u00ed \u00fazem\u00ed, zat\u00edmco na Ukrajin\u011b vl\u00e1dl neonacistick\u00fd re\u017eim,\u201c<\/span><\/em><span>\u00a0uvedl mluv\u010d\u00ed.<\/span><\/p>\n<p><span>Lira, kter\u00fd \u017eil v Charkov\u011b od poloviny roku 2010, aktivn\u011b pokr\u00fdval ruskou vojenskou operaci v zemi od sam\u00e9ho za\u010d\u00e1tku v \u00fanoru 2022. \u0158ekl, \u017ee to byla trag\u00e9die pro Ukrajinu a jej\u00ed obyvatele, kter\u00e9 miloval, ale zd\u016fraznil \u017ee konflikt vyprovokovala Zelensk\u00e9ho vl\u00e1da a jej\u00ed z\u00e1padn\u00ed podporovatel\u00e9.\u00a0Novin\u00e1\u0159 mimo jin\u00e9 argumentoval t\u00edm, \u017ee Ukrajina nem\u00e1 \u0161anci vyhr\u00e1t proti Rusku a p\u0159edpov\u011bd\u011bl ne\u00fasp\u011bch sankc\u00ed proti Moskv\u011b.<\/span><\/p>\n<p><span>Odsoudil tak\u00e9 pokusy z\u00e1padn\u00edch m\u00e9di\u00ed vykreslit Ukrajinu jako demokracii, mluvil o korupci ve vl\u00e1d\u011b a zve\u0159ejnil seznam Zelensk\u00e9ho oponent\u016f, kte\u0159\u00ed, jak tvrdil, byli\u00a0<\/span><em><span>\u201ezmizeni\u201c<\/span><\/em><span>\u00a0kyjevsk\u00fdmi \u00fa\u0159ady.<\/span><\/p>\n<p><span>Lira byla poprv\u00e9 zat\u010dena SBU v dubnu 2022, ale o t\u00fdden pozd\u011bji byla propu\u0161t\u011bna bez obvin\u011bn\u00ed, kdy\u017e se p\u0159\u00edb\u011bh dostal do mezin\u00e1rodn\u00edch titulk\u016f.<\/span><\/p>\n<p><span>55let\u00fd mu\u017e pokra\u010doval ve sv\u00fdch zpr\u00e1v\u00e1ch a v kv\u011btnu byl znovu vzat do vazby a obvin\u011bn z\u00a0<\/span><em><span>\u201ev\u00fdroby a distribuce materi\u00e1l\u016f ospravedl\u0148uj\u00edc\u00edch ozbrojenou agresi\u201c<\/span><\/em><span>\u00a0Ruska proti Ukrajin\u011b.<\/span><\/p>\n<p><span>1. srpna se novin\u00e1\u0159 nakr\u00e1tko znovu objevil na soci\u00e1ln\u00edch s\u00edt\u00edch a zve\u0159ejnil n\u011bkolik vide\u00ed, ve kter\u00fdch \u0159ekl, \u017ee byl propu\u0161t\u011bn na kauci a sna\u017eil se uprchnout do sousedn\u00edho Ma\u010farska, aby se vyhnul dlouh\u00e9mu v\u011bzen\u00ed.\u00a0Od t\u00e9 doby o n\u011bm nebylo sly\u0161et.<\/span><\/p>\n<p><img decoding=\"async\" loading=\"lazy\" class=\"alignnone size-full wp-image-1185\" src=\"http:\/\/www.infokuryr.cz\/n\/wp-content\/uploads\/2021\/04\/kuryr-podpis.png\" alt=\"\" width=\"84\" height=\"24\" \/><\/p>\n<p>&nbsp;<\/p>\n<p>&nbsp;<\/p>\n","protected":false},"excerpt":{"rendered":"<p>Je to \u201ev\u00e1\u017en\u00fd probl\u00e9m\u201c, kdyby byl Gonzalo Lira uv\u011bzn\u011bn jen za to, \u017ee kritizoval kyjevskou&#8230;<\/p>\n","protected":false},"author":2,"featured_media":42235,"comment_status":"closed","ping_status":"closed","sticky":false,"template":"","format":"standard","meta":[],"categories":[7],"tags":[72,3209,6462,1304],"_links":{"self":[{"href":"https:\/\/www.infokuryr.cz\/n\/wp-json\/wp\/v2\/posts\/42234"}],"collection":[{"href":"https:\/\/www.infokuryr.cz\/n\/wp-json\/wp\/v2\/posts"}],"about":[{"href":"https:\/\/www.infokuryr.cz\/n\/wp-json\/wp\/v2\/types\/post"}],"author":[{"embeddable":true,"href":"https:\/\/www.infokuryr.cz\/n\/wp-json\/wp\/v2\/users\/2"}],"replies":[{"embeddable":true,"href":"https:\/\/www.infokuryr.cz\/n\/wp-json\/wp\/v2\/comments?post=42234"}],"version-history":[{"count":0,"href":"https:\/\/www.infokuryr.cz\/n\/wp-json\/wp\/v2\/posts\/42234\/revisions"}],"wp:featuredmedia":[{"embeddable":true,"href":"https:\/\/www.infokuryr.cz\/n\/wp-json\/wp\/v2\/media\/42235"}],"wp:attachment":[{"href":"https:\/\/www.infokuryr.cz\/n\/wp-json\/wp\/v2\/media?parent=42234"}],"wp:term":[{"taxonomy":"category","embeddable":true,"href":"https:\/\/www.infokuryr.cz\/n\/wp-json\/wp\/v2\/categories?post=42234"},{"taxonomy":"post_tag","embeddable":true,"href":"https:\/\/www.infokuryr.cz\/n\/wp-json\/wp\/v2\/tags?post=42234"}],"curies":[{"name":"wp","href":"https:\/\/api.w.org\/{rel}","templated":true}]}}