{"id":42232,"date":"2023-12-11T00:45:58","date_gmt":"2023-12-10T23:45:58","guid":{"rendered":"https:\/\/www.infokuryr.cz\/n\/?p=42232"},"modified":"2023-12-10T16:07:36","modified_gmt":"2023-12-10T15:07:36","slug":"chanel-vydava-varovani-o-luxusnim-zbozi","status":"publish","type":"post","link":"https:\/\/www.infokuryr.cz\/n\/2023\/12\/11\/chanel-vydava-varovani-o-luxusnim-zbozi\/","title":{"rendered":"Chanel vyd\u00e1v\u00e1 varov\u00e1n\u00ed o luxusn\u00edm zbo\u017e\u00ed"},"content":{"rendered":"<div id=\"fb-root\"><\/div>\n<p><span style=\"font-size: 18pt;\"><strong>Francouzsk\u00e1 m\u00f3dn\u00ed zna\u010dka \u0159\u00edk\u00e1, \u017ee toto odv\u011btv\u00ed \u010dek\u00e1 \u201et\u011b\u017e\u0161\u00ed\u201c rok<\/strong><\/span><\/p>\n<p><span>Prezident Chanel pro m\u00f3du, Bruno Pavlovsky, varoval m\u00f3dn\u00ed pr\u016fmysl a pr\u016fmysl luxusn\u00edho zbo\u017e\u00ed, aby se p\u0159ipravil na n\u00e1ro\u010dn\u00fd rok tv\u00e1\u0159\u00ed v tv\u00e1\u0159 zpomaluj\u00edc\u00edmu glob\u00e1ln\u00edmu ekonomick\u00e9mu r\u016fstu.\u00a0V rozhovoru pro Financial Times na okraj p\u0159ehl\u00eddky spole\u010dnosti Metiers d&#8217;Art, kter\u00e1 se tento t\u00fdden konala v Manchesteru ve Spojen\u00e9m kr\u00e1lovstv\u00ed, Pavlovsk\u00fd zd\u016fraznil potenci\u00e1ln\u00ed pot\u00ed\u017ee, kter\u00e9 toto odv\u011btv\u00ed \u010dek\u00e1.<\/span><\/p>\n<p><span>Ekonomick\u00e9 podm\u00ednky jsou podle Pavlovsk\u00e9ho v sou\u010dasnosti obt\u00ed\u017en\u00e9 \u201e\u00a0<\/span><em><span>v\u0161ude, v ka\u017ed\u00e9 jednotliv\u00e9 zemi<\/span><\/em><span>\u00a0\u201c, co\u017e nutn\u011b ovlivn\u00ed luxusn\u00ed sektor.<\/span><\/p>\n<p><span>\u201e\u00a0<\/span><em><span>Luxus nen\u00ed chr\u00e1n\u011bn p\u0159ed ekonomikou.\u00a0Nem\u00e1m k\u0159i\u0161\u0165\u00e1lovou kouli, ale situace bude hor\u0161\u00ed, ne\u017e jak\u00e1 jsme vid\u011bli v roce 2023<\/span><\/em><span>\u00a0,\u201c varoval.<\/span><\/p>\n<p><a href=\"https:\/\/stranapro.cz\/\"><img decoding=\"async\" loading=\"lazy\" class=\"alignnone  wp-image-40285 aligncenter\" src=\"http:\/\/www.infokuryr.cz\/n\/wp-content\/uploads\/2023\/11\/11pro-300x79.png\" alt=\"\" width=\"520\" height=\"137\" srcset=\"https:\/\/www.infokuryr.cz\/n\/wp-content\/uploads\/2023\/11\/11pro-300x79.png 300w, https:\/\/www.infokuryr.cz\/n\/wp-content\/uploads\/2023\/11\/11pro.png 363w\" sizes=\"(max-width: 520px) 100vw, 520px\" \/><\/a><\/p>\n<p><span>Pavlovsk\u00fd prozradil, \u017ee zna\u010dka letos zaznamenala pokles n\u00e1v\u0161t\u011bv obchod\u016f a n\u00e1kup\u016f od prvn\u00edch a p\u0159\u00edle\u017eitostn\u00fdch kupuj\u00edc\u00edch, co\u017e spojuje trend s vysokou inflac\u00ed v USA i Evrop\u011b a rekordn\u00ed nezam\u011bstnanost\u00ed mlad\u00fdch v \u010c\u00edn\u011b.<\/span><\/p>\n<p><span>Podle d\u0159\u00edv\u011bj\u0161\u00edch zpr\u00e1v vzrostly prodeje luxusu jen v USA ve t\u0159et\u00edm \u010dtvrtlet\u00ed roku o pouh\u00e1 2 % po stagnaci v p\u0159edchoz\u00edm \u010dtvrtlet\u00ed.\u00a0V Evrop\u011b se r\u016fst tr\u017eeb luxusn\u00edch zna\u010dek zpomalil na 7 % ve srovn\u00e1n\u00ed s 19 % b\u011bhem dubna a\u017e \u010dervna.\u00a0V koment\u00e1\u0159i k poklesu Pavlovsk\u00fd poznamenal, \u017ee je to \u201e\u00a0<\/span><em><span>norm\u00e1ln\u00ed<\/span><\/em><span>\u00a0\u201c, proto\u017ee luxusn\u00ed zbo\u017e\u00ed \u201e\u00a0<\/span><em><span>nem\u016f\u017ee b\u00fdt v trval\u00e9m dvoucifern\u00e9m r\u016fstu.\u00a0<\/span><\/em><span>\u201c<\/span><\/p>\n<p><span>Chanel nen\u00ed s\u00e1m, kdo se ob\u00e1v\u00e1 o budoucnost luxusn\u00edho pr\u016fmyslu, p\u0159i\u010dem\u017e spole\u010dnosti od LVMH po Gucci hl\u00e1s\u00ed ni\u017e\u0161\u00ed r\u016fst tr\u017eeb nebo pokles tr\u017eeb uprost\u0159ed obav z inflace a recese.\u00a0Nap\u0159\u00edklad minul\u00fd m\u011bs\u00edc spole\u010dnost Richemont vlastn\u011bn\u00e1 spole\u010dnost\u00ed Cartier ozn\u00e1mila pololetn\u00ed v\u00fdsledky, kter\u00e9 uk\u00e1zaly 3% pokles prodeje luxusn\u00edch hodinek na cel\u00e9m sv\u011bt\u011b a 17% pokles v Americe.<\/span><\/p>\n<p><span>\u201e\u00a0<\/span><em><span>Luxus bohu\u017eel nen\u00ed odoln\u00fd v\u016f\u010di recesi,<\/span><\/em><span>\u00a0\u201c napsali analytici HSBC v pozn\u00e1mce pro Bloomberg a p\u0159edpov\u011bd\u011bli, \u017ee \u201e\u00a0<\/span><em><span>hv\u011bzdn\u00fd r\u016fst<\/span><\/em><span>\u00a0\u201c tr\u017eeb b\u011bhem let po pandemii Covid-19 je pravd\u011bpodobn\u011b u konce.<\/span><\/p>\n<p><img decoding=\"async\" loading=\"lazy\" class=\"alignnone size-full wp-image-1185\" src=\"http:\/\/www.infokuryr.cz\/n\/wp-content\/uploads\/2021\/04\/kuryr-podpis.png\" alt=\"\" width=\"84\" height=\"24\" \/><\/p>\n<p>&nbsp;<\/p>\n<p>&nbsp;<\/p>\n","protected":false},"excerpt":{"rendered":"<p>Francouzsk\u00e1 m\u00f3dn\u00ed zna\u010dka \u0159\u00edk\u00e1, \u017ee toto odv\u011btv\u00ed \u010dek\u00e1 \u201et\u011b\u017e\u0161\u00ed\u201c rok Prezident Chanel pro m\u00f3du, Bruno&#8230;<\/p>\n","protected":false},"author":2,"featured_media":42233,"comment_status":"closed","ping_status":"closed","sticky":false,"template":"","format":"standard","meta":[],"categories":[7],"tags":[6465,371,3512,350,1386],"_links":{"self":[{"href":"https:\/\/www.infokuryr.cz\/n\/wp-json\/wp\/v2\/posts\/42232"}],"collection":[{"href":"https:\/\/www.infokuryr.cz\/n\/wp-json\/wp\/v2\/posts"}],"about":[{"href":"https:\/\/www.infokuryr.cz\/n\/wp-json\/wp\/v2\/types\/post"}],"author":[{"embeddable":true,"href":"https:\/\/www.infokuryr.cz\/n\/wp-json\/wp\/v2\/users\/2"}],"replies":[{"embeddable":true,"href":"https:\/\/www.infokuryr.cz\/n\/wp-json\/wp\/v2\/comments?post=42232"}],"version-history":[{"count":0,"href":"https:\/\/www.infokuryr.cz\/n\/wp-json\/wp\/v2\/posts\/42232\/revisions"}],"wp:featuredmedia":[{"embeddable":true,"href":"https:\/\/www.infokuryr.cz\/n\/wp-json\/wp\/v2\/media\/42233"}],"wp:attachment":[{"href":"https:\/\/www.infokuryr.cz\/n\/wp-json\/wp\/v2\/media?parent=42232"}],"wp:term":[{"taxonomy":"category","embeddable":true,"href":"https:\/\/www.infokuryr.cz\/n\/wp-json\/wp\/v2\/categories?post=42232"},{"taxonomy":"post_tag","embeddable":true,"href":"https:\/\/www.infokuryr.cz\/n\/wp-json\/wp\/v2\/tags?post=42232"}],"curies":[{"name":"wp","href":"https:\/\/api.w.org\/{rel}","templated":true}]}}