{"id":42192,"date":"2023-12-10T07:15:09","date_gmt":"2023-12-10T06:15:09","guid":{"rendered":"http:\/\/www.infokuryr.cz\/n\/?p=42192"},"modified":"2023-12-10T07:15:09","modified_gmt":"2023-12-10T06:15:09","slug":"michael-svatos-kyjev-chysta-ustup-o-desitky-kilometru","status":"publish","type":"post","link":"https:\/\/www.infokuryr.cz\/n\/2023\/12\/10\/michael-svatos-kyjev-chysta-ustup-o-desitky-kilometru\/","title":{"rendered":"Michael Svato\u0161: Kyjev chyst\u00e1 \u00fastup o des\u00edtky kilometr\u016f!"},"content":{"rendered":"<div id=\"fb-root\"><\/div>\n<p><strong><span style=\"font-size: 18pt;\">Kyjev chyst\u00e1 \u00fastup o des\u00edtky kilometr\u016f! Rusk\u00e1 vojska v\u010dera severn\u011b od Avdijivky prolomila posledn\u00ed obrannou linii ukrajinsk\u00fdch vojsk! Kyjev p\u0159iznal, \u017ee hroz\u00ed zhroucen\u00ed cel\u00e9 fronty!<\/span><\/strong><\/p>\n<p>Dne\u0161n\u00ed anal\u00fdza je dlouh\u00e1, omlouv\u00e1m se, ale na jej\u00edm konci najdete dv\u011b absolutn\u00ed perli\u010dky \u2013 n\u011bkolikaminutov\u00e1 videa z Ukrajiny \u2013 zachycuj\u00edc\u00ed, jak kyjevsk\u00e1 elitn\u00ed po zuby ozbrojen\u00e1 komanda p\u0159epadla term\u00e1ln\u00edch l\u00e1zn\u011b Kosino na Zakarpat\u00ed, a honila v nich nah\u00e1\u010de, d\u011bsila \u017eeny a d\u00edvky, a nakonec pochytala starce a dal\u0161\u00ed pacienty, asi aby bylo k\u00fdm rychle zalepit mno\u017e\u00edc\u00ed se d\u00edry na rusk\u00e9 front\u011b!<\/p>\n<p>V\u010dera 9. prosince pozd\u011b ve\u010der zn\u00e1m\u00fd ukrajinsk\u00fd vojensk\u00fd expert plukovn\u00edk Roman Svitan,\u00a0<a href=\"https:\/\/cnn.iprima.cz\/vojensky-expert-prozradil-cim-zacne-ukrajinska-protiofenziva-rusum-na-donbase-dojde-dech-209398?utm_source=www.seznam.cz&amp;utm_medium=sekce-z-internetu\">kter\u00e9ho je\u0161t\u011b letos v dubnu hojn\u011b citovala \u010desk\u00e1 mainstreamov\u00e1 m\u00e9dia<\/a>, kdy\u017e sebev\u011bdom\u011b vyhla\u0161oval, \u017ee\u00a0<em>Rus\u016fm po zah\u00e1jen\u00ed letn\u00ed ukrajinsk\u00e9 ofenz\u00edvy na Donbase d\u00edky nasazen\u00ed z\u00e1padn\u00edch zbran\u00ed rychle dojde dech, a budou pora\u017eeni<\/em>,\u00a0\u00a0<a href=\"https:\/\/www.unian.net\/war\/poterya-avdeevki-mozhet-obvalit-front-pod-ugrozoy-marinka-i-ugledar-ekspert-12479331.html\">p\u0159iznal<\/a>,\u00a0<em>\u017ee nyn\u00ed u\u017e ukrajinsk\u00e9 arm\u00e1d\u011b nezb\u00fdv\u00e1, ne\u017e ustoupit o 20km zp\u011bt, jinak\u00a0<\/em><em>hroz\u00ed zhroucen\u00ed cel\u00e9 ukrajinsk\u00e9 obrann\u00e9 linie, a ztr\u00e1ta kontroly nad rozs\u00e1hl\u00fdm \u00fazem\u00edm Donbasu!\u00a0<\/em><\/p>\n<div id=\"attachment_8166\" class=\"wp-caption aligncenter\" style=\"width: 995px;\"><img decoding=\"async\" loading=\"lazy\" class=\" wp-image-8166\" src=\"https:\/\/www.michalapetr.com\/wp-content\/uploads\/2023\/12\/b65d98c38405b676bfcf4108ca68ba92.png\" sizes=\"(max-width: 1280px) 100vw, 1280px\" srcset=\"https:\/\/www.michalapetr.com\/wp-content\/uploads\/2023\/12\/b65d98c38405b676bfcf4108ca68ba92.png 1280w, https:\/\/www.michalapetr.com\/wp-content\/uploads\/2023\/12\/b65d98c38405b676bfcf4108ca68ba92-300x184.png 300w, https:\/\/www.michalapetr.com\/wp-content\/uploads\/2023\/12\/b65d98c38405b676bfcf4108ca68ba92-1030x632.png 1030w, https:\/\/www.michalapetr.com\/wp-content\/uploads\/2023\/12\/b65d98c38405b676bfcf4108ca68ba92-768x471.png 768w, https:\/\/www.michalapetr.com\/wp-content\/uploads\/2023\/12\/b65d98c38405b676bfcf4108ca68ba92-705x432.png 705w, https:\/\/www.michalapetr.com\/wp-content\/uploads\/2023\/12\/b65d98c38405b676bfcf4108ca68ba92-450x276.png 450w\" alt=\"\" width=\"995\" height=\"610\" aria-describedby=\"caption-attachment-8166\" \/><\/p>\n<p id=\"caption-attachment-8166\" class=\"wp-caption-text\">Mapa chystan\u00e9ho \u00fastupu ukrajinsk\u00e9 arm\u00e1dy na Donbasu, jak jej ozn\u00e1mil ukrajinsk\u00fd vojensk\u00fd expert plukovn\u00edk Roman Svitan. Tmav\u011b r\u016f\u017eov\u00e1 \u2013 \u00fazem\u00ed kontrolovan\u00e9 Rebely a Ruskem od roku 2014. Sv\u011btle r\u016f\u017eov\u00e1 \u2013 \u00fazem\u00ed pod kontrolou Ruska do 9. prosince 2023. Zelen\u00e1 \u2013 hlavn\u00ed sm\u011bry ukrajinsk\u00e9 letn\u00ed ofenz\u00edvy a osvobozen\u00e1 \u00fazem\u00ed od kv\u011btna do prosince 2023. \u010cerven\u00e9 \u0161ipky \u2013 sou\u010dasn\u00e9 rusk\u00e9 \u00fatoky. Modro-\u017dluto-\u010cerven\u00e1 linie \u2013 nov\u00e1 obrann\u00e1 linie ukrajinsk\u00e9 arm\u00e1dy, na kterou podle plk. Svitana mus\u00ed ukrajinsk\u00e1 vojska rychle ustoupit, jinak hroz\u00ed \u00fapln\u00e9 zhroucen\u00ed cel\u00e9 ukrajinsk\u00e9 obrann\u00e9 linie!<\/p>\n<\/div>\n<p><a href=\"https:\/\/topwar.ru\/231930-vsu-prihoditsja-zanimat-fakticheski-krugovuju-oboronu-v-orlovke-posle-vyhoda-vs-rf-k-ocheretino-pod-avdeevkoj.html\">Rusk\u00e1 vojska v\u010dera prolomila posledn\u00ed obrann\u00e9 postaven\u00ed ukrajinsk\u00fdch vojsk severn\u011b od m\u011bsta Avdijivka<\/a>\u00a0mezi \u017eelezni\u010dn\u00edm uzlem \u041e\u0447\u0435\u0440\u0435\u0442\u0438\u043d\u043e, (<a href=\"https:\/\/ru.wikipedia.org\/wiki\/%D0%9E%D1%87%D0%B5%D1%80%D0%B5%D1%82%D0%B8%D0%BD%D0%BE\">3 500 obyvatel<\/a>), a silni\u010dn\u00edm uzlem \u041e\u0440\u043b\u043e\u0432\u043aa, (<a href=\"https:\/\/ru.wikipedia.org\/wiki\/%D0%9E%D1%80%D0%BB%D0%BE%D0%B2%D0%BA%D0%B0_(%D0%AF%D1%81%D0%B8%D0%BD%D0%BE%D0%B2%D0%B0%D1%82%D1%81%D0%BA%D0%B8%D0%B9_%D1%80%D0%B0%D0%B9%D0%BE%D0%BD)\">850 obyvatel<\/a>), severn\u011b od vesnice \u0411\u0435\u0440\u0434\u044b\u0447\u0438, (<a href=\"https:\/\/ru.wikipedia.org\/wiki\/%D0%9E%D1%80%D0%BB%D0%BE%D0%B2%D0%BA%D0%B0_(%D0%AF%D1%81%D0%B8%D0%BD%D0%BE%D0%B2%D0%B0%D1%82%D1%81%D0%BA%D0%B8%D0%B9_%D1%80%D0%B0%D0%B9%D0%BE%D0%BD)\">267 obyvatel<\/a>). Jak \u041e\u0440\u043b\u043e\u0432\u043aa tak \u0411\u0435\u0440\u0434\u044b\u0447\u0438 maj\u00ed vybudovanou obranu pouze ji\u017en\u00edm a v\u00fdchodn\u00edm sm\u011brem. Rusk\u00e1 vojska u\u017e ov\u0161em po prolomen\u00ed ukrajinsk\u00e9 obrany operuj\u00ed i severn\u011b od obou opevn\u011bn\u00fdch vesnic, a postupuj\u00ed p\u0159\u00edmo na z\u00e1pad mezerou v obran\u011b mezi obc\u00ed\u00a0 \u041e\u0440\u043b\u043e\u0432\u043aa a m\u011bstem \u041e\u0447\u0435\u0440\u0435\u0442\u0438\u043d\u043e. Kyjevsk\u00e9 velen\u00ed v\u010dera odpoledne vrhlo do pr\u00e1zdn\u00e9ho prostoru mezi uzly odporu \u041e\u0447\u0435\u0440\u0435\u0442\u0438\u043d\u043e a \u041e\u0440\u043b\u043e\u0432\u043aa narychlo sehnan\u00e9 z\u00e1lohy, aby se tam zakopaly, polo\u017eily minov\u00e1 pole, a zabr\u00e1nily Rus\u016fm pokra\u010dovat v postupu. Z\u00e1lohy ale byly soust\u0159ed\u011bnou ruskou d\u011blost\u0159eleckou palbou a leteck\u00fdmi \u00fadery zni\u010deny, nebo rozpr\u00e1\u0161eny, a \u010d\u00e1st se jich rad\u011bji rychle vzdala, ne\u017e aby kladla marn\u00fd odpor. Z \u041e\u0447\u0435\u0440\u0435\u0442\u0438\u043d\u043e p\u0159es \u041e\u0440\u043b\u043e\u0432\u043ay a \u0411\u0435\u0440\u0434\u044b\u0447\u0438 vede nejd\u016fle\u017eit\u011bj\u0161\u00ed z\u00e1sobovac\u00ed silnice do hlavn\u00ed ukrajinsk\u00e9 pevnosti na v\u00fdchodn\u00ed Ukrajin\u011b \u2013 Avdijivka, (<a href=\"https:\/\/cs.wikipedia.org\/wiki\/Avdijivka\">p\u0159ed v\u00e1lkou 30 tis\u00edc obyvatel<\/a>, nyn\u00ed a\u017e 10 000 ukrajinsk\u00fdch voj\u00e1k\u016f), a Rusov\u00e9 v\u010dera tuto z\u00e1sobovac\u00ed silnici p\u0159ekro\u010dili, a p\u0159eru\u0161ili tak hlavn\u00ed logistickou trasu do pevnosti. Rusk\u00fd pr\u016flom ukrajinsk\u00e9 obrany m\u00e1 zat\u00edm \u0161\u00ed\u0159ku m\u00e9n\u011b ne\u017e 3km, a u\u017e p\u0159ed t\u0159emi t\u00fddny byli z vesnice \u0411\u0435\u0440\u0434\u044b\u0447\u0438, po t\u00e9 co se do n\u00ed nakr\u00e1tko probojovali, vyhn\u00e1ni, ale pokud Ukrajinci pr\u016flom op\u011bt rychle neuzav\u0159ou, a nevy\u017eenou Rusy zp\u011bt, bude osud m\u011bsta Avdijivka zpe\u010det\u011bn, proto\u017ee bez z\u00e1sobov\u00e1n\u00ed nelze dlouho bojovat.<\/p>\n<div id=\"attachment_8171\" class=\"wp-caption aligncenter\" style=\"width: 774px;\"><img decoding=\"async\" loading=\"lazy\" class=\" wp-image-8171\" src=\"https:\/\/www.michalapetr.com\/wp-content\/uploads\/2023\/12\/1702104689_5.jpg\" sizes=\"(max-width: 800px) 100vw, 800px\" srcset=\"https:\/\/www.michalapetr.com\/wp-content\/uploads\/2023\/12\/1702104689_5.jpg 800w, https:\/\/www.michalapetr.com\/wp-content\/uploads\/2023\/12\/1702104689_5-300x217.jpg 300w, https:\/\/www.michalapetr.com\/wp-content\/uploads\/2023\/12\/1702104689_5-768x555.jpg 768w, https:\/\/www.michalapetr.com\/wp-content\/uploads\/2023\/12\/1702104689_5-705x509.jpg 705w, https:\/\/www.michalapetr.com\/wp-content\/uploads\/2023\/12\/1702104689_5-450x325.jpg 450w\" alt=\"\" width=\"774\" height=\"559\" aria-describedby=\"caption-attachment-8171\" \/><\/p>\n<p id=\"caption-attachment-8171\" class=\"wp-caption-text\">Rusk\u00fd pr\u016flom \u2013 \u017dlut\u00fd \u010dtverec = m\u00edsto, kde nen\u00ed vybudov\u00e1na Ukrajinsk\u00e1 obrana. \u017dlut\u00e9 vlnovky \u2013 narychlo budovan\u00e1 ukrajinsk\u00e1 obrana. \u010cerven\u00e9 \u0161ipky \u2013 rusk\u00e9 \u00fatoky. \u010cerven\u00fd kl\u00ed\u010d \u2013 ukrajinsk\u00e1 pevnost Avdijivka.<\/p>\n<\/div>\n<p>Podle v\u010derej\u0161\u00edho vyj\u00e1d\u0159en\u00ed ukrajinsk\u00e9ho vojensk\u00e9ho experta plukovn\u00edka Svitana, kter\u00fd je\u0161t\u011b na ja\u0159e tvrdil, \u017ee\u00a0<a href=\"https:\/\/cnn.iprima.cz\/rusove-budou-zahnani-na-krym-a-rozemleti-expert-nastinil-scenar-ukrajinske-ofenzivy-206812\"><em>Rusov\u00e9 budou v l\u00e9t\u011b zahn\u00e1ni na Krym a \u201erozemleti\u201c<\/em><\/a>, bude ztr\u00e1ta Avdijivky pro Ukrajinskou obranu kritick\u00e1: \u00a0<em>Avdijivka je pevnost na kopci. V\u00fdchodn\u00ed \u010d\u00e1st m\u011bsta a pr\u016fmyslov\u00e1 z\u00f3na stoj\u00ed na dominantn\u00ed vyv\u00fd\u0161enin\u011b.\u00a0 Pokud ustoup\u00edme z v\u00fd\u0161in na v\u00fdchod\u011b Avdijivky, budeme nuceni ustoupit a\u017e 20 km na z\u00e1pad k nov\u00e9 obrann\u00e9 linii na vyv\u00fd\u0161enin\u00e1ch\u00a0<a href=\"https:\/\/ru.wikipedia.org\/wiki\/%D0%9A%D0%B0%D1%80%D0%BB%D0%BE%D0%B2%D0%BA%D0%B0_(%D0%94%D0%BE%D0%BD%D0%B5%D1%86%D0%BA%D0%B0%D1%8F_%D0%BE%D0%B1%D0%BB%D0%B0%D1%81%D1%82%D1%8C)\"><span class=\"mw-page-title-main\">\u041a\u0430\u0440\u043b\u043e\u0432\u043a\u0430\u00a0<\/span><\/a>\u2013 \u041e\u0447\u0435\u0440\u0435\u0442\u0438\u043d\u043e, proto\u017ee v n\u00ed\u017ein\u00e1ch nevydr\u017e\u00edme rusk\u00fd n\u00e1por<\/em>.\u00a0<em>Z\u00e1rove\u0148<\/em>\u00a0<em>bude p\u00e1d severn\u00edho p\u0159edm\u011bst\u00ed Don\u011bcka \u2013 Avdijivky a vynucen\u00e9 sta\u017een\u00ed o 20 km a\u017e do vyv\u00fd\u0161enin na linii\u00a0<a href=\"https:\/\/ru.wikipedia.org\/wiki\/%D0%9A%D0%B0%D1%80%D0%BB%D0%BE%D0%B2%D0%BA%D0%B0_(%D0%94%D0%BE%D0%BD%D0%B5%D1%86%D0%BA%D0%B0%D1%8F_%D0%BE%D0%B1%D0%BB%D0%B0%D1%81%D1%82%D1%8C)\"><span class=\"mw-page-title-main\">\u041a\u0430\u0440\u043b\u043e\u0432\u043a\u0430\u00a0<\/span><\/a>\u2013 \u041e\u0447\u0435\u0440\u0435\u0442\u0438\u043d\u043e znamenat i dal\u0161\u00ed vynucen\u00fd \u00fastup ukrajinsk\u00e9 arm\u00e1dy z ji\u017en\u00edho p\u0159edm\u011bst\u00ed Don\u011bcka \u2013 \u041c\u0430\u0440\u044c\u0438\u043d\u043a\u0438,\u00a0<\/em>( kterou u\u017e tento t\u00fdden Rusov\u00e9 skoro celou od Ukrajinc\u016f vy\u010distili )<em>, a to a\u017e o 18 km z\u00e1padn\u011b k vyv\u00fd\u0161enin\u00e1m u m\u011bsta\u00a0<a href=\"https:\/\/ru.wikipedia.org\/wiki\/%D0%9A%D1%83%D1%80%D0%B0%D1%85%D0%BE%D0%B2%D0%BE\">\u041a\u0443\u0440\u0430\u0445\u043e\u0432\u043e<\/a>, (18 000 obyvatel), a rovn\u011b\u017e tak bude nutn\u00e9 vyklidit, dal\u0161\u00ed pevnost na vyv\u00fd\u0161enin\u00e1ch \u2013 m\u011bsto\u00a0<span class=\"mw-page-title-main\"><a href=\"https:\/\/cs.wikipedia.org\/wiki\/Vuhledar\">\u0412\u0443\u0433\u043b\u0435\u0434\u0430\u0440<\/a>, (17 000 obyvatel), ji\u017en\u011b od Don\u011bcka, a ustoupit z n\u011bj 22 km na sever k m\u011bstu\u00a0<a href=\"https:\/\/ru.wikipedia.org\/wiki\/%D0%9A%D1%83%D1%80%D0%B0%D1%85%D0%BE%D0%B2%D0%BE\">\u041a\u0443\u0440\u0430\u0445\u043e\u0432\u043e<\/a>. Pokud tento \u00fastup nebude v\u010das a \u0159\u00e1dn\u011b proveden, hroz\u00ed \u00fapln\u00fd rozpad cel\u00e9 ukrajinsk\u00e9 obrann\u00e9 linie na Donbase!\u00a0<\/span><\/em><span class=\"mw-page-title-main\">Proto je naprosto nutn\u00e9 br\u00e1nit pevnost Avdijivka ze v\u0161ech sil a do posledn\u00edho voj\u00e1ka.<\/span><\/p>\n<p><span class=\"mw-page-title-main\">Slovy plukovn\u00edka Svitana \u2013 obrana Avdijivky m\u00e1 nyn\u00ed stejnou d\u016fle\u017eitost, jako obrana 6. arm\u00e1dy ve Stalingradu. Pos\u00e1dka Avdijivky se mus\u00ed ob\u011btovat, aby zadr\u017eela rusk\u00fd postup, jinak hroz\u00ed rozbit\u00ed a prolomen\u00ed cel\u00e9 dosud kohezn\u00ed a forteln\u011b vybudovan\u00e9 ukrajinsk\u00e9 fronty na Donbase. Po obsazen\u00ed Avdijivky a \u00fastupu Ukrajinc\u016f na Svitanovu linii u\u017e ov\u0161em Rusov\u00e9 nebudou muset prolamovat obranu, kter\u00e1 byla \u017eenijn\u011b budov\u00e1na n\u011bkolik let. Rusk\u00e1 d\u011blost\u0159eleck\u00e1, obrn\u011bn\u00e1, vzdu\u0161n\u00e1, elektrotechnick\u00e1, profesion\u00e1ln\u00ed, mor\u00e1ln\u00ed, technick\u00e1 a materi\u00e1ln\u00ed p\u0159evaha, zn\u00e1soben\u00e1 p\u0159evahou v \u017eiv\u00e9 s\u00edle, tak u\u017e bude m\u00edt mnohem jednodu\u0161\u0161\u00ed cestu k dal\u0161\u00edm v\u00edt\u011bzstv\u00edm!\u00a0<\/span><\/p>\n<p><a href=\"https:\/\/www.rbc.ru\/politics\/17\/06\/2022\/62aca19b9a7947d2b3149e14\">17. \u010dervna 2022 Moskevsk\u00fd Gosudar na\u0159\u00eddil sv\u00fdm vojsk\u016fm<\/a>,\u00a0<em>aby ne\u00fato\u010dila \u010deln\u011b proti pevnostn\u00ed linii t\u00e1hnouc\u00ed se od m\u011bsta\u00a0\u00a0<span class=\"mw-page-title-main\"><a href=\"https:\/\/cs.wikipedia.org\/wiki\/Vuhledar\">\u0412\u0443\u0433\u043b\u0435\u0434\u0430\u0440<\/a><\/span>\u00a0p\u0159es p\u0159edm\u011bst\u00ed Don\u011bcka\u00a0<span class=\"mw-page-title-main\"><a href=\"https:\/\/ru.wikipedia.org\/wiki\/%D0%9C%D0%B0%D1%80%D1%8C%D0%B8%D0%BD%D0%BA%D0%B0\">\u041c\u0430\u0440\u044c\u0438\u043d\u043a\u0430<\/a>\u00a0a\u00a0<\/span><span class=\"mw-page-title-main\"><a href=\"https:\/\/ru.wikipedia.org\/wiki\/%D0%90%D0%B2%D0%B4%D0%B5%D0%B5%D0%B2%D0%BA%D0%B0\">\u0410\u0432\u0434\u0435\u0435\u0432\u043a\u0430<\/a>,\u00a0<\/span><\/em><span class=\"mw-page-title-main\"><em>a\u017e k m\u011bstu\u00a0<a href=\"https:\/\/cs.wikipedia.org\/wiki\/Bachmut\">Bachmut<\/a>, proto\u017ee by to st\u00e1lo p\u0159\u00edli\u0161 mnoho \u017eivot\u016f, ale aby arm\u00e1da celou linii obe\u0161la z t\u00fdlu a donutila tak nep\u0159\u00edtele k \u00fastupu z pevnost\u00ed, a ukon\u010dila tak ost\u0159elov\u00e1n\u00ed civilist\u016f v Don\u011bcku, kter\u00e9 je zlo\u010dinem proti lidskosti<\/em>. Putin tehdy tak\u00e9 \u0159ekl:\u00a0<em>spln\u011bn\u00ed tohoto \u00fakolu bude \u201cn\u011bjakou dobu trvat\u201d, ale ost\u0159elov\u00e1n\u00ed Don\u011bcka nakonec ustane<\/em>. Nyn\u00ed se podle ukrajinsk\u00fdch vyj\u00e1d\u0159en\u00ed zd\u00e1, \u017ee Putin\u016fv rozkaz bude kone\u010dn\u011b spln\u011bn, a bude spln\u011bn p\u0159esn\u011b podle jeho pokyn\u016f, bez zbyte\u010dn\u00e9ho pl\u00fdtv\u00e1n\u00ed ruskou krv\u00ed v nesmysln\u00fdch \u010deln\u00edch \u00fatoc\u00edch proti cel\u00e9 linii. A i v tom asi tkv\u00ed sou\u010dasn\u00fd rozd\u00edl mezi popularitou prezidenta Zelensk\u00e9ho a prezidenta Putina mezi ob\u010dany jejich st\u00e1t\u016f.\u00a0<\/span><\/p>\n<p>Ukrajina je nyn\u00ed v zoufal\u00e9 situaci. Fronta se hrout\u00ed pod vytrval\u00fdm rusk\u00fdm tlakem, jej\u00ed nejvy\u0161\u0161\u00ed elity si jdou navz\u00e1jem nel\u00edtostn\u011b po krku, a v\u010derej\u0161\u00ed hl\u00e1\u0161en\u00ed kyjevsk\u00fdch m\u00e9di\u00ed dokonale dokresluj\u00ed cel\u00fd rozvrat:<\/p>\n<p>V\u010dera odpoledne spole\u010dnost\u00a0<a href=\"https:\/\/en.wikipedia.org\/wiki\/Ukrenergo\">Ukrenergo<\/a>, monopoln\u00ed st\u00e1tn\u00ed provozovatel elektrick\u00e9 s\u00edt\u011b na Ukrajin\u011b,\u00a0<a href=\"https:\/\/www.unian.net\/economics\/energetics\/otklyuchenie-sveta-v-ukraine-v-ukrenergo-predupredili-ukraincev-o-deficite-12479112.html\">ozn\u00e1mila<\/a>,\u00a0<em>\u017ee u\u017e nen\u00ed schopna, v d\u016fsledku nouzov\u00e9 situace zp\u016fsoben\u00e9 n\u00e1hl\u00fdm v\u00fdpadkem jedn\u00e9 elektr\u00e1rny, pl\u00e1novanou opravou druh\u00e9 elektr\u00e1rny, a nedokon\u010den\u00fdmi opravami n\u011bkolika dal\u0161\u00edch elektr\u00e1ren, kter\u00e9 byly minulou zimu po\u0161kozeny rusk\u00fdm ost\u0159elov\u00e1n\u00edm, zajistit dostatek elekt\u0159iny pro bezpe\u010dn\u00e9 nap\u00e1jen\u00ed s\u00edt\u011b<\/em>. Kolaps cel\u00e9 rozvodov\u00e9 s\u00edt\u011b se poda\u0159ilo podle Ukrenergo odvr\u00e1tit a\u017e na posledn\u00ed chv\u00edli pouze d\u00edky nouzov\u00fdm dod\u00e1vk\u00e1m elekt\u0159iny z Rumunska a Polska. Situace v n\u00e1sleduj\u00edc\u00edch t\u00fddnech v\u0161ak bude v\u00e1\u017en\u00e1, proto\u017ee navzdory oteplen\u00ed, a v\u010derej\u0161\u00edmu voln\u00e9mu dni, byla spot\u0159eba elekt\u0159iny na Ukrajin\u011b p\u0159\u00edli\u0161 vysok\u00e1. A pokud Rusov\u00e9 znovu za\u00fato\u010d\u00ed a spot\u0159eba neklesne, \u010dekaj\u00ed Ukrajince t\u011b\u017ek\u00e9 t\u00fddny. Ukrenergo p\u0159iznal, \u017ee d\u016fvodem v\u00fdpadk\u016f je nemo\u017enost vyr\u00e1b\u011bt v sou\u010dasn\u00e9 dob\u011b dostatek elekt\u0159iny. Zima teprve za\u010d\u00edn\u00e1, a energetika Ukrajiny se u\u017e za\u010d\u00edn\u00e1 hroutit. A to je\u0161t\u011b p\u0159ed o\u010dek\u00e1van\u00fdmi Putinov\u00fdmi raketov\u00fdmi \u00fatoky, jak\u00e9 prov\u00e1zely Ukrajince celou posledn\u00ed zimu.<\/p>\n<p><a href=\"https:\/\/stranapro.cz\/\"><img decoding=\"async\" loading=\"lazy\" class=\"alignnone  wp-image-40285 aligncenter\" src=\"http:\/\/www.infokuryr.cz\/n\/wp-content\/uploads\/2023\/11\/11pro-300x79.png\" alt=\"\" width=\"661\" height=\"174\" srcset=\"https:\/\/www.infokuryr.cz\/n\/wp-content\/uploads\/2023\/11\/11pro-300x79.png 300w, https:\/\/www.infokuryr.cz\/n\/wp-content\/uploads\/2023\/11\/11pro.png 363w\" sizes=\"(max-width: 661px) 100vw, 661px\" \/><\/a><\/p>\n<p>Ukrajinci v\u010dera ost\u0159e reagovali na ohl\u00e1\u0161en\u00fd protest ma\u010farsk\u00fdch autodopravc\u016f, kte\u0159\u00ed se rozhodli p\u0159ipojit ke Slov\u00e1k\u016fm a Pol\u00e1k\u016fm, a zablokovat hrani\u010dn\u00ed p\u0159echody.<\/p>\n<p><a href=\"https:\/\/www.mkfe.hu\/hu\/mediamenu\/hirek\/belf%C3%B6ldi-h%C3%ADrek\/13299-h%C3%A9tf%C5%91t%C5%91l-magyar-fuvaroz%C3%B3k-demonstr%C3%A1lnak-a-z%C3%A1honyi-hat%C3%A1ron.html\">Ve vyhl\u00e1\u0161en\u00ed ma\u010farsk\u00e9 policie se uv\u00e1d\u00ed<\/a>\u00a0\u2013\u00a0<em>Krajsk\u00e1 policie Szabolcs-Szatm\u00e1r-Bereg povolila demonstraci ozn\u00e1menou ma\u010farsk\u00fdmi dopravci, jej\u00edm\u017e c\u00edlem je upozornit Evropskou komisi a ma\u010farskou vl\u00e1du na z\u00e1va\u017en\u00e9 n\u00e1sledky dohody mezi Evropskou uni\u00ed a Ukrajinou a Moldavskem, \u010d\u00e1ste\u010dn\u011b liberalizuj\u00edc\u00ed silni\u010dn\u00ed n\u00e1kladn\u00ed dopravu, co\u017e dostalo mnoho ma\u010farsk\u00fdch podnik\u016f do kritick\u00e9 situace. Dopravci po\u017eaduj\u00ed okam\u017eit\u00e9 p\u0159ezkoum\u00e1n\u00ed dohody a obnoven\u00ed licen\u010dn\u00edch kv\u00f3t v ukrajinsko-ma\u010farsk\u00fdch n\u00e1kladn\u00edch p\u0159eprav\u00e1ch, a tak\u00e9 \u00fa\u010dinnou a intenzivn\u00ed \u00fa\u0159edn\u00ed kontrolu ukrajinsk\u00fdch dopravc\u016f.\u00a0<\/em><\/p>\n<p>Polsk\u00e1 blok\u00e1da kamionov\u00e9 p\u0159epravy p\u0159es ukrajinsk\u00e9 hranice podle Danyla Hetmantseva, \u0161\u00e9fa v\u00fdboru pro finan\u010dn\u00ed, da\u0148ovou a celn\u00ed politiku ukrajinsk\u00e9ho parlamentu jen za listopad zp\u016fsobila propad ukrajinsk\u00e9ho exportu o 40%, a st\u00e1la Ukrajinu 228 milion\u016f EUR, (5.7 miliardy CZK) pouze na u\u0161l\u00fdch celn\u00edch exportn\u00edch poplatc\u00edch. Hetmancev nav\u00edc p\u0159iznal, \u017ee Ukrajina nyn\u00ed neplat\u00ed z vybran\u00fdch dan\u00ed, cel a poplatk\u016f, nic jin\u00e9ho ne\u017e arm\u00e1du, proto\u017ee v\u0161echny ostatn\u00ed st\u00e1tn\u00ed a ve\u0159ejn\u00e9 platby hrad\u00ed v\u00fdlu\u010dn\u011b z miliard zas\u00edlan\u00fdch z EU, a z dal\u0161\u00edch spojeneck\u00fdch zem\u00ed!<\/p>\n<p><a href=\"https:\/\/www.politico.eu\/article\/ukraine-denounces-polish-truckers-border-for-harming-its-war-effort\/\"><em>Nem\u00e1te \u017e\u00e1dn\u00e9 mor\u00e1ln\u00ed pr\u00e1vo o\u010dek\u00e1vat, \u017ee lid\u00e9 zbankrotuj\u00ed, proto\u017ee Ukrajinci jsou ve v\u00e1lce<\/em><\/a>, prohl\u00e1sil jeden z v\u016fdc\u016f polsk\u00e9 blok\u00e1dy, novin\u00e1\u0159 a p\u0159\u00edle\u017eitostn\u00fd \u0159idi\u010d kamionu Tomasz Ory\u0144ski. Podle Pol\u00e1k\u016f Ukrajin\u0161t\u00ed celn\u00edci \u00famysln\u011b zdr\u017eovali cel\u00fd rok polsk\u00e9 kamiony na hranic\u00edch 2 t\u00fddny, aby ukrajinsk\u00e9 kamiony mohly za stejnou dobu uskute\u010dnit dv\u011b cesty do Evropy a zp\u011bt! Naopak podle Ukrajinc\u016f polsk\u00e9 dopravn\u00ed firmy p\u0159i\u0161ly v d\u016fsledku sankc\u00ed o mo\u017enost p\u0159epravovat evropsk\u00e9 zbo\u017e\u00ed do Ruska a B\u011bloruska, a tak jim nezbylo, ne\u017e se nel\u00edtostn\u011b natla\u010dit na ukrajinsk\u00fd dopravn\u00ed trh.<\/p>\n<p>Ukrajinsk\u00fd parlamentn\u00ed \u0161\u00e9f\u00a0Hetmantsev, dokonce ve sporu dopravc\u016f prohl\u00e1sil,\u00a0<em><a href=\"https:\/\/www.politico.eu\/article\/ukraine-denounces-polish-truckers-border-for-harming-its-war-effort\/\">\u017ee kdy\u017e jsou ukrajinsk\u00e9 p\u0159epravn\u00ed slu\u017eby, zbo\u017e\u00ed a a dal\u0161\u00ed slu\u017eby levn\u011bj\u0161\u00ed a kvalitn\u011bj\u0161\u00ed ne\u017e evropsk\u00e9, tak Evropan\u016fm nezb\u00fdv\u00e1 nic jin\u00e9ho, ne\u017e aby se p\u0159izp\u016fsobili Ukrajinsk\u00fdm cen\u00e1m a pracovn\u00edm podm\u00ednk\u00e1m!\u00a0 To je voln\u00fd trh \u2013 z\u00e1klad, na kter\u00e9m EU stoj\u00ed!<\/a>\u00a0<\/em><\/p>\n<p>Za povolen\u00edm, aby Ukrajinci vozili zbo\u017e\u00ed bez omezen\u00ed po cel\u00e9 EU stoj\u00ed zejm\u00e9na N\u011bmecko, proto\u017ee jeho automobilky jsou nyn\u00ed \u017eivotn\u011b z\u00e1visl\u00e9 na dod\u00e1vk\u00e1ch levn\u00fdch d\u00edl\u016f smontovan\u00fdch na Ukrajin\u011b! Je to zaj\u00edmav\u00e9, nejm\u00e9n\u011b do roku 2010 bylo \u010desk\u00fdm dopravc\u016fm pod hrozbou likvida\u010dn\u00edch pokut p\u0159\u00edsn\u011b zak\u00e1z\u00e1no, a\u010dkoli jsme ji\u017e byli 6 let \u010dleny EU, p\u0159ev\u00e1\u017eet jak\u00fdkoli n\u00e1klad mezi dv\u011bma n\u011bmeck\u00fdmi m\u011bsty!! N\u011bmci si t\u00edm chr\u00e1nili sv\u016fj vlastn\u00ed dopravn\u00ed trh!! Nyn\u00ed Ukrajinci \u2013 ne\u010dlen EU \u2013 mohou vozit bez omezen\u00ed n\u00e1klady mezi vnitrost\u00e1tn\u00edmi evropsk\u00fdmi m\u011bsty, proto\u017ee to N\u011bmc\u016fm a dal\u0161\u00edm z\u00e1padn\u00edm zem\u00edm vyhovuje! Pro\u010d \u2013\u00a0<em>proto\u017ee ukrajinsk\u00e9 kamiony v\u00fdrazn\u011b sni\u017euj\u00ed n\u00e1klady na dopravu, co\u017e p\u0159\u00edzniv\u011b ovliv\u0148uje v\u00fdrobn\u00ed n\u00e1klady a cenovou konkurenceschopnost evropsk\u00fdch spole\u010dnost\u00ed,<\/em>\u00a0jak vypl\u00fdv\u00e1 ze slov Anny Derevyanko, v\u00fdkonn\u00e9 \u0159editelky lobbystick\u00e9 skupiny European Business Association, s\u00eddl\u00edc\u00ed v Kyjev\u011b,\u00a0<a href=\"https:\/\/www.politico.eu\/article\/ukraine-denounces-polish-truckers-border-for-harming-its-war-effort\/\">kter\u00e1 n\u011bme\u010dt\u00ed pr\u016fmyslov\u00ed podnikatel\u00e9 pln\u011b potvrzuj\u00ed<\/a>.<\/p>\n<p>Op\u011bt tak jdou proti sob\u011b z\u00e1jmy chud\u00fdch zam\u011bstnanc\u016f a podnikatel\u016f z v\u00fdchodn\u00ed EU, kte\u0159\u00ed d\u00edky sankc\u00edm na Rusko a bezmezn\u00e9 podpo\u0159e Ukrajiny p\u0159ich\u00e1zej\u00ed na buben, se z\u00e1jmy Z\u00e1padu EU, kter\u00fd na sankc\u00edch a v\u00e1lce vyd\u011bl\u00e1v\u00e1!<\/p>\n<p>O tom, jak dovoz z\u00e1vadn\u00fdch ukrajinsk\u00fdch vajec, dr\u016fbe\u017ee a obil\u00ed ni\u010d\u00ed \u010desk\u00e9 zem\u011bd\u011blce, bylo naps\u00e1no mnoho zpr\u00e1v\u00a0<a href=\"https:\/\/www.idnes.cz\/ekonomika\/domaci\/vejce-drubezarny-ukrajina-avangardco.A180301_094332_ekonomika_jn\">u\u017e p\u0159ed v\u00e1lkou<\/a>\u00a0i\u00a0<a href=\"https:\/\/www.parlamentnilisty.cz\/zpravy\/kauzy\/-Varujeme-Ukrajinske-vejce-a-podvody-Cela-pravda-o-obili-734681\">nyn\u00ed<\/a>. V EU se nyn\u00ed zakazuje klecov\u00fd chov dr\u016fbe\u017ee, a\u00a0<a href=\"https:\/\/naschov.cz\/zakaz-kleci-odbyt-vajec-nezlepsi\/\">v \u010cesku se chyst\u00e1 8% dr\u016fbe\u017e\u00e1\u0159\u016f chov ukon\u010dit, a 27% omezit, proto\u017ee na chov jedn\u00e9 slepice je t\u0159eba investovat 750 CZK, aby se splnila na\u0159\u00edzen\u00ed EU<\/a>.\u00a0 U\u017e nyn\u00ed se p\u0159itom v \u010cR chov\u00e1 58 % nosnic v tzv. obohacen\u00fdch klec\u00edch, kde maj\u00ed slepice \u201chn\u00edzda\u201d, a m\u00edsto pouze dr\u00e1t\u011bn\u00e9 podlahy i podest\u00fdlku na hrab\u00e1n\u00ed. Na Ukrajin\u011b se ov\u0161em st\u00e1le ud\u011bluj\u00ed dotace, na \u010dist\u011b \u201cdr\u00e1t\u011bn\u00fd\u201d chov dr\u016fbe\u017ee, kter\u00e1 \u017eije pouze v dr\u00e1t\u011bn\u00e9 kleci s dr\u00e1t\u011bnou podlahou! Na tomto videu si m\u016f\u017eete prohl\u00e9dnout ukrajinskou veter\u00e1nku \u2013 odst\u0159elova\u010dku, kter\u00e1 po propu\u0161t\u011bn\u00ed z arm\u00e1dy dostala p\u0159ed p\u00e1r dny pr\u00e1v\u011b na takov\u00fdto v EU zak\u00e1zan\u00fd chov dr\u016fbe\u017ee ukrajinskou st\u00e1tn\u00ed dotaci.\u00a0<a href=\"https:\/\/www.politico.eu\/article\/ukraine-denounces-polish-truckers-border-for-harming-its-war-effort\/\">Proto\u017ee podle \u0161\u00e9fa finan\u010dn\u00edho v\u00fdboru ukrajinsk\u00e9ho parlamentu Hetmanceva Kyjevsk\u00fd re\u017eim nyn\u00ed v\u0161echny dom\u00e1c\u00ed p\u0159\u00edjmy st\u00e1tn\u00edho rozpo\u010dtu pou\u017e\u00edv\u00e1 v\u00fdhradn\u011b na zabezpe\u010den\u00ed arm\u00e1dy<\/a>, je jasn\u00e9, \u017ee dotace odst\u0159elova\u010dce byla vyplacena z evropsk\u00fdch nebo americk\u00fdch miliard!<a href=\"https:\/\/www.parlamentnilisty.cz\/zpravy\/kauzy\/-Varujeme-Ukrajinske-vejce-a-podvody-Cela-pravda-o-obili-734681\">\u00a0Jak m\u00e1 potom \u010desk\u00fd zem\u011bd\u011blec konkurovat ukrajinsk\u00e9 farm\u00e1\u0159ce<\/a>, kdy\u017e mu EU zak\u00e1zala klecov\u00fd chov, nedala \u017e\u00e1dn\u00e9 dotace na nov\u00fd neklecov\u00fd chov, a m\u00edsto toho poslala miliardy na Ukrajinu, aby je tam rozd\u011blovali farm\u00e1\u0159\u016fm na zak\u00e1zan\u00e9 klecov\u00e9 chovy!? (<a href=\"https:\/\/suspilne.media\/631782-ce-duze-garna-psihologicna-reabilitacia-veteranka-vijni-z-zaporizza-otrimala-grant-na-rozvitok-fermi\/\">Video<\/a>)<\/p>\n<p>Ukrajina se hrout\u00ed nejen na front\u011b.\u00a0<a href=\"https:\/\/www.unian.net\/economics\/transport\/podtoplenie-metro-kieva-stalo-izvestno-o-vazhnyh-izmeneniyah-v-dvizhenii-nazemnogo-transporta-shema-novosti-kieva-12479106.html\">V\u010dera se jako na potvoru nejen zhroutila ukrajinsk\u00e1 energetick\u00e1 s\u00ed\u0165, ale se i zatopila \u010d\u00e1st kyjevsk\u00e9ho metra<\/a>, \u2013 pr\u00fd d\u016fsledek Kli\u010dkova\u00a0<a href=\"https:\/\/dvojka.rozhlas.cz\/proc-se-rika-a-co-znamena-turecke-hospodarstvi-a-stoji-jako-turek-na-prazskem-7602574\">tureck\u00e9ho hospoda\u0159en\u00ed<\/a>\u00a0ve m\u011bst\u011b.\u00a0 Rozvrat je bl\u00edzko, p\u0159iznala v\u010dera i Prvn\u00ed d\u00e1ma Ukrajiny Zelensk\u00e1 na vln\u00e1ch BBC, kdy\u017e si st\u011b\u017eovala, \u017ee Ukrajinci jsou ve \u201e<a href=\"https:\/\/www.unian.net\/society\/elena-zelenskaya-bez-dalneyshey-pomoshchi-mir-prosto-pozvolit-nam-umeret-12479220.html\"><em>smrteln\u00e9m nebezpe\u010d<\/em>\u00ed\u201c<\/a>, kdy\u017e budou ponech\u00e1ni napospas Rus\u016fm, kdy\u017e z\u00e1padn\u00ed zem\u011b\u00a0<a class=\"\" href=\"https:\/\/www.unian.net\/politics\/ssha-i-ukraina-blinken-rasskazal-chto-budet-esli-kongress-ne-odobrit-pomoshch-kievu-12476289.html\" target=\"_blank\" rel=\"noopener noreferrer\">nebudou pokra\u010dovat ve sv\u00e9 finan\u010dn\u00ed podpo\u0159e.<\/a><\/p>\n<p>Aby m\u011bl Kyjev za z\u00e1padn\u00ed miliardy koho vyzbrojit a poslat zalepit d\u00edry na rusk\u00e9 front\u011b, vyslal v\u010dera sv\u00e9 elitn\u00ed mlad\u00e9 v\u00e1le\u010dn\u00edky, aby pochytaly star\u00e9, morbidn\u011b ob\u00e9zn\u00ed a nemocn\u00e9 mu\u017ee v l\u00e1ze\u0148sk\u00e9m komplexu Kosino.\u00a0<a class=\"mfp-iframe lightbox-added\" href=\"https:\/\/www.youtube.com\/watch?v=XeBVYUFTv9o\">Jak vypad\u00e1 takov\u00e1 razie kyjevsk\u00fdch vlastenc\u016f na star\u00e9 nah\u00e1\u010de v term\u00e1ln\u00edch l\u00e1zn\u00edch si m\u016f\u017eete prohl\u00e9dnout na tomto vesel\u00e9m videu<\/a>. A zde\u00a0<a class=\"mfp-iframe lightbox-added\" href=\"https:\/\/www.youtube.com\/watch?v=4ExsKhI3p3U\">s ukrajinsk\u00fdm koment\u00e1\u0159em<\/a>!<\/p>\n<p><a href=\"https:\/\/www.michalapetr.com\/map-1854-kyjev-chysta-ustup-o-desitky-kilometru-ruska-vojska-vcera-severne-od-avdijivky-prolomila-posledni-obrannou-linii-ukrajinskych-vojsk-kyjev-priznal-ze-hrozi-zhrouceni-cele-fronty\/\">Michael Svato\u0161<\/a><\/p>\n<p><img decoding=\"async\" loading=\"lazy\" class=\"alignnone size-full wp-image-27204\" src=\"http:\/\/www.infokuryr.cz\/n\/wp-content\/uploads\/2023\/05\/Michael_Svatos.png\" alt=\"\" width=\"180\" height=\"180\" srcset=\"https:\/\/www.infokuryr.cz\/n\/wp-content\/uploads\/2023\/05\/Michael_Svatos.png 180w, https:\/\/www.infokuryr.cz\/n\/wp-content\/uploads\/2023\/05\/Michael_Svatos-150x150.png 150w\" sizes=\"(max-width: 180px) 100vw, 180px\" \/><\/p>\n<p>&nbsp;<\/p>\n<p>&nbsp;<\/p>\n","protected":false},"excerpt":{"rendered":"<p>Kyjev chyst\u00e1 \u00fastup o des\u00edtky kilometr\u016f! Rusk\u00e1 vojska v\u010dera severn\u011b od Avdijivky prolomila posledn\u00ed obrannou&#8230;<\/p>\n","protected":false},"author":2,"featured_media":20279,"comment_status":"closed","ping_status":"closed","sticky":false,"template":"","format":"standard","meta":[],"categories":[6],"tags":[1042,29,22,26,40],"_links":{"self":[{"href":"https:\/\/www.infokuryr.cz\/n\/wp-json\/wp\/v2\/posts\/42192"}],"collection":[{"href":"https:\/\/www.infokuryr.cz\/n\/wp-json\/wp\/v2\/posts"}],"about":[{"href":"https:\/\/www.infokuryr.cz\/n\/wp-json\/wp\/v2\/types\/post"}],"author":[{"embeddable":true,"href":"https:\/\/www.infokuryr.cz\/n\/wp-json\/wp\/v2\/users\/2"}],"replies":[{"embeddable":true,"href":"https:\/\/www.infokuryr.cz\/n\/wp-json\/wp\/v2\/comments?post=42192"}],"version-history":[{"count":0,"href":"https:\/\/www.infokuryr.cz\/n\/wp-json\/wp\/v2\/posts\/42192\/revisions"}],"wp:featuredmedia":[{"embeddable":true,"href":"https:\/\/www.infokuryr.cz\/n\/wp-json\/wp\/v2\/media\/20279"}],"wp:attachment":[{"href":"https:\/\/www.infokuryr.cz\/n\/wp-json\/wp\/v2\/media?parent=42192"}],"wp:term":[{"taxonomy":"category","embeddable":true,"href":"https:\/\/www.infokuryr.cz\/n\/wp-json\/wp\/v2\/categories?post=42192"},{"taxonomy":"post_tag","embeddable":true,"href":"https:\/\/www.infokuryr.cz\/n\/wp-json\/wp\/v2\/tags?post=42192"}],"curies":[{"name":"wp","href":"https:\/\/api.w.org\/{rel}","templated":true}]}}