{"id":42184,"date":"2023-12-10T07:00:15","date_gmt":"2023-12-10T06:00:15","guid":{"rendered":"http:\/\/www.infokuryr.cz\/n\/?p=42184"},"modified":"2023-12-10T07:00:15","modified_gmt":"2023-12-10T06:00:15","slug":"rajchle-strana-pro-proti-komunistum-jsi-nula-jim-staci-jeden-den","status":"publish","type":"post","link":"https:\/\/www.infokuryr.cz\/n\/2023\/12\/10\/rajchle-strana-pro-proti-komunistum-jsi-nula-jim-staci-jeden-den\/","title":{"rendered":"Rajchle (strana PRO), proti komunist\u016fm jsi nula. Jim sta\u010d\u00ed jeden den&#8230;"},"content":{"rendered":"<div id=\"fb-root\"><\/div>\n<div class=\"introtext\">\n<p>Kari\u00e9rn\u00ed vojensk\u00fd komunista se vy\u0161plhal na Pra\u017esk\u00fd hrad, politru\u010dka od komunist\u016f obsadila po Gottwaldov\u00e9 k\u0159es\u00edlko prvn\u00ed d\u00e1my a Kone\u010dn\u00e1 komunistka sta\u010dila za jeden den&#8230;<\/p>\n<\/div>\n<div class=\"fulltext\">\n<p><span style=\"font-size: 18pt;\"><strong>V\u00e1\u017en\u011b slep\u00fd nevid\u00ed, jak\u00e1 manipulace volebn\u00ed je s n\u00e1mi hr\u00e1na?<\/strong><\/span><\/p>\n<p>A u\u017e ch\u00e1pete, pro\u010d Trump prohr\u00e1v\u00e1 soudy, \u017ee je v\u0161e pr\u016fzra\u010dn\u011b \u010dist\u00e9, kdy\u017e to nen\u00ed v p\u0159\u00edm\u00e9m p\u0159enosu, ale tato hra se hraje v z\u00e1kulis\u00ed?<\/p>\n<div class=\"info_box cela_sirka jpalert\">\n<div class=\"explanationContent\">Aby zv\u00edt\u011bzil b\u00fdval\u00fd komunistick\u00fd agent P\u00e1vek, byli vy\u0159azeni v\u0161ichni konkurenti z\u00e1hadn\u00fdm p\u0159epo\u010dtem podpis\u016f, a ob\u010dan\u00e9 to d\u00edky Rychetsk\u00e9mu nemohli ov\u011b\u0159it. M\u00edsto 70 000 podpis\u016f, respektive 50 000 nutn\u00fdch bylo pouze 49999. Ale podvod to \u00fa\u0159edn\u011b nebyl. Dokonce i vlastn\u00ed podpis kandid\u00e1ta Jane\u010dka byl vylou\u010den.<strong> Fin\u00e1le proto byla jen fra\u0161ka. Prost\u011b volby \u010dist\u00e9 jak k\u0159i\u0161\u0165\u00e1l.<\/strong><\/div>\n<\/div>\n<p><span class=\"c_eb\">Jane\u010dek odevzdal vnitru s\u00a0p\u0159ihl\u00e1\u0161kou\u00a0<strong>74\u00a0208\u00a0podpis\u016f<\/strong>, po ode\u010dten\u00ed \u0161krtnut\u00fdch nebo ne\u00fapln\u011b vypln\u011bn\u00fdch \u0159\u00e1dk\u016f jich ministerstvo uznalo\u00a0<strong>71\u00a0828.\u00a0<\/strong><\/span>Vnitro od Raku\u0161ana vyndalo arch, kde pr\u00fd bylo jasn\u00e9, \u017ee neprojde. Ve\u0159ejnost to v\u0161ak nesm\u011bla vid\u011bt. A \u0161a\u0161k\u00e1rna dokon\u00e1na jest:\u00a0<span class=\"c_eb\">Jane\u010dek m\u011bl v\u00a0prvn\u00edm kole vzorek chybovost\u00a0<strong>33,94\u00a0procenta<\/strong>, ve druh\u00e9m\u00a0<strong>32,6\u00a0procenta<\/strong>. \u201eNa z\u00e1klad\u011b z\u00e1kona tedy bylo ode\u010dteno mno\u017estv\u00ed podpis\u016f a\u00a0v\u00fdsledek je<strong>\u00a048\u00a0091\u00a0podpis\u016f, co\u017e je pod z\u00e1konnou hranic\u00ed,<\/strong>\u201c \u0159ekl v\u00a0p\u00e1tek \u0159editel odboru voleb na resortu vnitra Tom\u00e1\u0161 Jirovec.<\/span><\/p>\n<p>Ale je to tak tajn\u00e9, \u017ee to p\u0159epo\u010d\u00edtat nesm\u011bl dokonce ani kandid\u00e1t pod dozorem MV a Raku\u0161ana. Prost\u011b volby \u010dist\u00e9 jak lilium.<\/p>\n<p>N\u00e1sledn\u011b komunist\u00e9 jako v roce 1948 obsadili Pra\u017esk\u00fd hrad. (<strong><em>V\u00ed B\u016fh, kdo do voleb nasadil provokat\u00e9ra Z\u00edtka, kter\u00fd m\u011bl odv\u00e1d\u011bt od t\u011bchto manipulac\u00ed pozornost.<\/em><\/strong>)<\/p>\n<p>V\u0161imli jste si, jak komunistka Kone\u010dn\u00e1 m\u00e1 najednou p\u0159\u00edstup do v\u0161ech masm\u00e9di\u00ed, a\u010d v Parlamentu nen\u00ed ani jeden komunista?<\/p>\n<p><strong>A co v\u00edc: 4.12.2023 vyhl\u00e1sila kandid\u00e1tku a v\u00fdzkum STEM zadan\u00fd (snad) Novinkama, d\u0159\u00edve Rud\u00e9 pr\u00e1vo, u\u017e 4.12.2023 t\u00e9to komunisticko-pir\u00e1tsk\u00e9 kandid\u00e1tce dal v\u00edc jak 5%.<\/strong>\u00a0Uznejte, \u017ee je to z\u00e1zrak. Mo\u017en\u00e1 v lidech, co hlasovali, byla n\u011bjak\u00e1 telepatie a v\u011bd\u011bli dop\u0159edu, koho budou volit.<\/p>\n<p><img decoding=\"async\" loading=\"lazy\" class=\"aligncenter\" src=\"https:\/\/www.skrytapravda.cz\/images\/blogy\/805\/2024\/volby\/Sn%C3%ADmek_obrazovky_9686_eb306.webp\" alt=\"Sn\u00edmek obrazovky 9686 eb306\" width=\"651\" height=\"495\" \/><\/p>\n<p>Jak\u00fd kontrast mezi komunistickou stranou Kate\u0159iny Kone\u010dn\u00e9, kter\u00e1 je v\u0161ude v masm\u00e9di\u00edch a\u00a0<strong>s komunisty u\u017e se zase mluv\u00ed<\/strong>\u00a0a\u00a0<strong>stranou PRO s p\u0159edsedou Jind\u0159ichem Rajchlem<\/strong>, kterou v m\u00e9di\u00edch nesm\u00edte nikde vid\u011bt, a\u010d je to ofici\u00e1ln\u00ed strana. Neexistuje? Kdy byl p\u0159edseda Rajchl na \u010ct24, Nov\u011b, \u010di CNN Prima NEWS? \u017de nikdy? Zaj\u00edmav\u00e9.<\/p>\n<p><span style=\"font-size: 18pt;\"><strong>Tak\u017ee toto je ta<\/strong><\/span><\/p>\n<p><span style=\"font-size: 18pt;\"><strong>DEMOKRATICK\u00c1 SOUT\u011a\u017d POLITICK\u00ddCH STRAN?<\/strong><\/span><\/p>\n<p><img decoding=\"async\" loading=\"lazy\" class=\"aligncenter\" src=\"https:\/\/www.skrytapravda.cz\/images\/blogy\/805\/2024\/volby\/v%C3%BDzkum_8f12a.webp\" alt=\"v\u00fdzkum 8f12a\" width=\"715\" height=\"839\" \/><\/p>\n<p><span style=\"font-size: 18pt;\"><strong>Nebo si<\/strong><\/span><\/p>\n<div id=\"ext-gen492\" class=\"category-item\">Kantar CZ (\u010cT)<\/div>\n<div id=\"ext-gen493\" class=\"category-item category-item-selected\">Median<\/div>\n<div id=\"ext-gen495\" class=\"category-item\">STEM<\/div>\n<p>neboli st\u00e1tem ov\u011b\u0159en\u00e9 agentury d\u011blaj\u00ed po\u010dty, jak je napadne, proto\u017ee nikdo je nesm\u00ed p\u0159ekontrolovat? A p\u0159idejme v\u00fdrok, jak se sna\u017e\u00ed vl\u00e1da p\u0159es odpor ve\u0159ejnosti a opozice prosadit fra\u0161ku, kterou trefn\u011b popsal Roman \u0160mucler, zubn\u00ed l\u00e9ka\u0159, stomatochirurg, vysoko\u0161kolsk\u00fd pedagog, od z\u00e1\u0159\u00ed 2017\u00a0 prezident\u00a0<a title=\"\u010cesk\u00e1 stomatologick\u00e1 komora\" href=\"https:\/\/cs.wikipedia.org\/wiki\/%C4%8Cesk%C3%A1_stomatologick%C3%A1_komora\">\u010cesk\u00e9 stomatologick\u00e9 komory<\/a>.<\/p>\n<p><img decoding=\"async\" loading=\"lazy\" class=\"aligncenter\" src=\"https:\/\/www.skrytapravda.cz\/images\/blogy\/805\/2024\/volby\/409688269_7410913255585961_3685599965259581354_n_4e3da.webp\" alt=\"409688269 7410913255585961 3685599965259581354 n 4e3da\" width=\"599\" height=\"747\" \/><\/p>\n<p>Nic nen\u00ed vymy\u0161leno, v\u0161e si m\u016f\u017eete ov\u011b\u0159it.<strong>\u00a0V roce 1988 prohl\u00e1sil V\u00e1clav Havel:<\/strong>\u00a0chceme svobodn\u00e9 volby, proto\u017ee to je sv\u00e1tek demokracie. V\u00e1\u017en\u011b lze je\u0161t\u011b tuto fra\u0161ku naz\u00fdvat svobodn\u00fdmi volbami a sv\u00e1tkem demokracie?<\/p>\n<p>A t\u00edm otev\u00edr\u00e1 Skryt\u00e1 Pravda z\u00e1kulisn\u00ed fra\u0161ky kolem dal\u0161\u00edch prapodivn\u00fdch volebn\u00edch pr\u016fzkum\u016f, manipulac\u00ed a manipulac\u00ed s ve\u0159ejn\u00fdm m\u00edn\u011bn\u00edm stylem, kter\u00fd si lid\u00e9 nev\u0161imnou, pokud se do z\u00e1kulis\u00ed a do srovn\u00e1n\u00ed dat nedostanou.<\/p>\n<p><span style=\"font-size: 18pt;\"><strong>P.S.\u00a0<\/strong><\/span><em>Doktoru Rajchlovi se omlouv\u00e1m za trochu drz\u00fd nadpis, ale jsem si jist, \u017ee tu absurditu a zv\u011brstva, v\u010detn\u011b toho, co je t\u00edm my\u0161leno, pochop\u00ed.\u00a0<\/em><\/p>\n<p><a href=\"https:\/\/www.skrytapravda.cz\/z-domova\/1594-rajchle-strana-pro-proti-komunistum-jsi-nula-jim-staci-jeden-den\">Petr Pokorn\u00fd<\/a><\/p>\n<\/div>\n<p>&nbsp;<\/p>\n<p><a href=\"https:\/\/stranapro.cz\/\"><img decoding=\"async\" loading=\"lazy\" class=\"wp-image-40286 aligncenter\" src=\"http:\/\/www.infokuryr.cz\/n\/wp-content\/uploads\/2023\/11\/12pro-300x87.png\" alt=\"\" width=\"1083\" height=\"314\" srcset=\"https:\/\/www.infokuryr.cz\/n\/wp-content\/uploads\/2023\/11\/12pro-300x87.png 300w, https:\/\/www.infokuryr.cz\/n\/wp-content\/uploads\/2023\/11\/12pro.png 366w\" sizes=\"(max-width: 1083px) 100vw, 1083px\" \/><\/a><\/p>\n<p>&nbsp;<\/p>\n<p>&nbsp;<\/p>\n","protected":false},"excerpt":{"rendered":"<p>Kari\u00e9rn\u00ed vojensk\u00fd komunista se vy\u0161plhal na Pra\u017esk\u00fd hrad, politru\u010dka od komunist\u016f obsadila po Gottwaldov\u00e9 k\u0159es\u00edlko&#8230;<\/p>\n","protected":false},"author":2,"featured_media":42185,"comment_status":"closed","ping_status":"closed","sticky":false,"template":"","format":"standard","meta":[],"categories":[6],"tags":[2992,29,786,2663,2526],"_links":{"self":[{"href":"https:\/\/www.infokuryr.cz\/n\/wp-json\/wp\/v2\/posts\/42184"}],"collection":[{"href":"https:\/\/www.infokuryr.cz\/n\/wp-json\/wp\/v2\/posts"}],"about":[{"href":"https:\/\/www.infokuryr.cz\/n\/wp-json\/wp\/v2\/types\/post"}],"author":[{"embeddable":true,"href":"https:\/\/www.infokuryr.cz\/n\/wp-json\/wp\/v2\/users\/2"}],"replies":[{"embeddable":true,"href":"https:\/\/www.infokuryr.cz\/n\/wp-json\/wp\/v2\/comments?post=42184"}],"version-history":[{"count":0,"href":"https:\/\/www.infokuryr.cz\/n\/wp-json\/wp\/v2\/posts\/42184\/revisions"}],"wp:featuredmedia":[{"embeddable":true,"href":"https:\/\/www.infokuryr.cz\/n\/wp-json\/wp\/v2\/media\/42185"}],"wp:attachment":[{"href":"https:\/\/www.infokuryr.cz\/n\/wp-json\/wp\/v2\/media?parent=42184"}],"wp:term":[{"taxonomy":"category","embeddable":true,"href":"https:\/\/www.infokuryr.cz\/n\/wp-json\/wp\/v2\/categories?post=42184"},{"taxonomy":"post_tag","embeddable":true,"href":"https:\/\/www.infokuryr.cz\/n\/wp-json\/wp\/v2\/tags?post=42184"}],"curies":[{"name":"wp","href":"https:\/\/api.w.org\/{rel}","templated":true}]}}