{"id":42178,"date":"2023-12-10T00:52:28","date_gmt":"2023-12-09T23:52:28","guid":{"rendered":"http:\/\/www.infokuryr.cz\/n\/?p=42178"},"modified":"2023-12-09T19:43:39","modified_gmt":"2023-12-09T18:43:39","slug":"vaclav-prokupek-usa-nejsou-pripraveny-na-valku-velmoci","status":"publish","type":"post","link":"https:\/\/www.infokuryr.cz\/n\/2023\/12\/10\/vaclav-prokupek-usa-nejsou-pripraveny-na-valku-velmoci\/","title":{"rendered":"V\u00e1clav Prok\u016fpek: USA nejsou p\u0159ipraveny na v\u00e1lku velmoc\u00ed"},"content":{"rendered":"<div id=\"fb-root\"><\/div>\n<p>Pro\u010d se USA, respektive jejich sou\u010dasn\u00e1 vl\u00e1dnouc\u00ed administrativa \u201eDemokrata\u201c Joe Bidena tak boj\u00ed jin\u00fdch sv\u011btov\u00fdch velmoc\u00ed. Odpov\u011b\u010f dala ned\u00e1vn\u00e1 anal\u00fdza CIA, z\u00a0n\u00ed\u017e \u010d\u00e1st unikla do New York Times.<\/p>\n<p>Pou\u010den\u00ed z Ukrajiny a nyn\u00ed z\u00a0p\u00e1sma Gazy a Palestiny je, \u017ee USA a jejich spojenci mus\u00ed p\u0159ehodnotit, jak jsou jejich arm\u00e1dy budov\u00e1ny. Ned\u00e1vn\u00fd projev prezidenta Spojen\u00fdch st\u00e1t\u016f Joea Bidena v \u201eOv\u00e1ln\u00e9 pracovn\u011b\u201c znamenal kl\u00ed\u010dov\u00fd moment v prohlubuj\u00edc\u00ed se konkurenci mezi Amerikou a jej\u00edmi spojenci na jedn\u00e9 stran\u011b a osou zem\u00ed sr\u016fstaj\u00edc\u00edch kolem Ruska, \u010c\u00edny, \u00cdr\u00e1nu a Severn\u00ed Koreje na stran\u011b druh\u00e9.<\/p>\n<p>Projev Bidena \u00fa\u010dinn\u011b slou\u010dil v\u00e1lku na Ukrajin\u011b a \u0161ir\u0161\u00ed v\u00e1lku na Bl\u00edzk\u00e9m v\u00fdchod\u011b do dvou d\u011bji\u0161\u0165 stejn\u00e9ho konfliktu.\u00a0A pokud by nyn\u00ed za\u00fato\u010dil i Hizball\u00e1h, p\u0159edstavuje to pro USA a jejich spojence v\u00fdrazn\u011b roz\u0161\u00ed\u0159en\u00e9 d\u011bji\u0161t\u011b a boji\u0161t\u011b, kter\u00e9 op\u011bt zat\u00ed\u017e\u00ed vojensk\u00e9 zdroje rozpo\u010dtu Spojen\u00fdch st\u00e1t\u016f, kter\u00fd nen\u00ed zrovna v\u00a0dobr\u00e9 kondici. Z\u00e1rove\u0148 se zd\u00e1, \u017ee Tchaj-wan se je\u0161t\u011b pravd\u011bpodobn\u011bji objev\u00ed jako t\u0159et\u00ed sf\u00e9ra konfliktu v p\u0159\u00ed\u0161t\u00edch n\u011bkolika letech \u2013 nebo mo\u017en\u00e1 je\u0161t\u011b d\u0159\u00edve.\u00a0A Peking posiluje svou arm\u00e1du ve velk\u00e9m \u2013 n\u00e1mo\u0159nictvo lidov\u00e9 osvobozeneck\u00e9 arm\u00e1dy \u010c\u00edny je ji\u017e po\u010detn\u011b siln\u011bj\u0161\u00ed ne\u017e americk\u00e9 n\u00e1mo\u0159nictvo, zat\u00edmco jeho pozemn\u00ed s\u00edly a jadern\u00e9 s\u00edly rostou tempem.<\/p>\n<p>Mezit\u00edm, bez ohledu na to, jak dlouho bude v\u00e1lka na Ukrajin\u011b trvat, je Rusko zanepr\u00e1zdn\u011bno roz\u0161i\u0159ov\u00e1n\u00edm v\u00fdroby obrn\u011bn\u00fdch jednotek \u2013 v\u010detn\u011b obnovy po\u0161kozen\u00e9ho vybaven\u00ed z boji\u0161t\u011b \u2013 a p\u0159itom provozuje v\u00e1le\u010dn\u00fd v\u00fdrobn\u00ed syst\u00e9m doma.\u00a0Moskva uk\u00e1zala, \u017ee je schopna boje a z\u00e1rove\u0148 mobilizace s c\u00edlem roz\u0161\u00ed\u0159it sv\u00e9 \u0159ady na 1,5 milionu voj\u00e1k\u016f ve zbrani.\u00a0 Jednodu\u0161e \u0159e\u010deno, ameri\u010dt\u00ed protivn\u00edci jsou na v\u00e1lku velmoc\u00ed p\u0159ipraveni.\u00a0A p\u0159esto ve Washingtonu debaty o n\u00e1rodn\u00ed bezpe\u010dnosti jen z\u0159\u00eddka za\u010d\u00ednaj\u00ed z\u00e1kladn\u00edm uzn\u00e1n\u00edm, \u017ee \u010c\u00edna a Rusko buduj\u00ed sv\u00e9 arm\u00e1dy, aby neodradily, ale aby \u00fato\u010dily.\u00a0To by nyn\u00ed m\u011blo b\u00fdt v\u00fdchoz\u00edm bodem ka\u017ed\u00e9 konverzace o v\u00fddaj\u00edch na obranu USA a spojenc\u016f.<\/p>\n<p><a href=\"https:\/\/stranapro.cz\/\"><img decoding=\"async\" loading=\"lazy\" class=\"alignnone  wp-image-40285 aligncenter\" src=\"http:\/\/www.infokuryr.cz\/n\/wp-content\/uploads\/2023\/11\/11pro-300x79.png\" alt=\"\" width=\"486\" height=\"128\" srcset=\"https:\/\/www.infokuryr.cz\/n\/wp-content\/uploads\/2023\/11\/11pro-300x79.png 300w, https:\/\/www.infokuryr.cz\/n\/wp-content\/uploads\/2023\/11\/11pro.png 363w\" sizes=\"(max-width: 486px) 100vw, 486px\" \/><\/a><\/p>\n<p>Masivn\u00ed v\u00fddaje na zbran\u011b a munici na Ukrajin\u011b by m\u011bly b\u00fdt bud\u00ed\u010dek.\u00a0A USA se mus\u00ed za\u010d\u00edt pt\u00e1t, zda jejich model dobrovoln\u00fdch sil dok\u00e1\u017ee generovat vojensk\u00e9 schopnosti, kter\u00e9 pot\u0159ebuje \u2013 zejm\u00e9na pokud jde o vycvi\u010den\u00e9 z\u00e1lohy.\u00a0 Ale to nen\u00ed jen probl\u00e9m USA \u2013 model profesion\u00e1ln\u00edch dobrovolnick\u00fdch sil se stal dominantn\u00edm na cel\u00e9m Z\u00e1pad\u011b.\u00a0A vzhledem k nov\u00e9 realit\u011b, se kterou se v Evrop\u011b a Asii pot\u00fdk\u00e1me, je \u010das se zamyslet.\u00a0Mus\u00edme uznat, \u017ee sou\u010dasn\u00fd po\u010det mu\u017e\u016f a \u017een v uniform\u00e1ch prost\u011b nesta\u010d\u00ed.\u00a0Z\u00e1padn\u00ed arm\u00e1dy, n\u00e1mo\u0159nictvo a letectvo jsou prost\u011b p\u0159\u00edli\u0161 mal\u00e9 na to, aby reagovaly jak na konflikt v Atlantiku, tak na boje v Tichomo\u0159\u00ed \u2013 ve dvou propojen\u00fdch \u201e vojensk\u00fdch divadlech\u201c, kter\u00e1 ur\u010duj\u00ed v\u00fdsledek jak\u00e9hokoli budouc\u00edho glob\u00e1ln\u00edho konfliktu.<\/p>\n<p>Jak \u010c\u00edna, tak Rusko zm\u011bnili p\u0159edstavu USA, \u017ee m\u00edrov\u00e1 sout\u011b\u017e se bude odehr\u00e1vat v globalizovan\u00e9m ekonomick\u00e9m r\u00e1mci, a Washington se mus\u00ed probudit do nov\u00e9 reality. USA se tak mus\u00ed posunout za sv\u00e9 sou\u010dasn\u00e9 praxe o \u201eobran\u011b \u0159\u00e1du zalo\u017een\u00e9ho na pravidlech\u201c a sd\u011blit ve\u0159ejnosti, co je skute\u010dn\u011b v s\u00e1zce. Mus\u00ed p\u0159estat mluvit o \u201evelk\u00e9 mocensk\u00e9 sout\u011b\u017ei\u201c a m\u00edsto toho se pt\u00e1t, jak by vlastn\u011b vypadalo \u201ev\u00edt\u011bzstv\u00ed\u201c v tomto konfliktu mezi USA na stran\u011b jedn\u00e9 a Ruskem a \u010c\u00ednou na stran\u011b druh\u00e9; jak by vypadala geostrategick\u00e1 mapa up\u0159ednost\u0148uj\u00edc\u00ed jej\u00ed z\u00e1jmy a z\u00e1jmy spojenc\u016f USA.<\/p>\n<p>USA se tak\u00e9 mus\u00ed rozhodnout, kter\u00e9 geopolitick\u00e9 uzly jsou z\u00e1sadn\u00ed pro jejich vnit\u0159n\u00ed bezpe\u010dnost a pokra\u010duj\u00edc\u00ed prosperitu jejich ob\u010dan\u016f.\u00a0Pot\u0159ebuje vr\u00e1tit priority n\u00e1rodn\u00ed bezpe\u010dnosti zp\u011bt do rozhodov\u00e1n\u00ed v oblasti hospod\u00e1\u0159sk\u00e9 politiky a znovu se nau\u010dit to, co v\u011bd\u011bly p\u0159edchoz\u00ed generace a na co za posledn\u00edch t\u0159icet let zapomn\u011bli.\u00a0 Z Ukrajiny a nyn\u00ed z Gazy se mus\u00ed snad nov\u00e9 veden\u00ed USA (po Bidenovi) pou\u010dit v\u00a0tom smyslu, \u017ee USA a jejich spojenci mus\u00ed p\u0159ehodnotit, jak jsou jejich arm\u00e1dy budov\u00e1ny, aby existovala cesta vp\u0159ed k nasazen\u00ed velk\u00e9 s\u00edly s pot\u0159ebnou masou \u2013 pokud by to n\u00e1rodn\u00ed stav nouze vy\u017eadoval.<\/p>\n<p>Jist\u00e9 je jedno, USA nyn\u00ed podle zpr\u00e1vy CIA nejsou na v\u00e1lku velmoc\u00ed p\u0159ipraveny, a tak d\u00e1vaj\u00ed pen\u00edze do zkorumpovan\u00e9ho ukrajinsk\u00e9ho prost\u0159ed\u00ed i do Gazy, kde pen\u00edze kdysi kon\u010dily na \u00fa\u010dtech man\u017eelky J\u00e1sira Arafata a nyn\u00ed kon\u010d\u00ed v\u0161ude mo\u017en\u011b, jen ne u lid\u00ed trp\u00edc\u00edch hladem a nedostatkem vody. Ostatn\u011b ve zpr\u00e1v\u011b CIA se doslova cituje: \u201eD\u00e1vat pen\u00edze Ukrajin\u011b a jak\u00e9si pofidern\u00ed palestinsk\u00e9 samospr\u00e1v\u011b je zoufalost. Z\u00a0toho plyne, \u017ee USA nejsou, na rozd\u00edl od jin\u00fdch hegemon\u016f, p\u0159ipraveny na v\u00e1lku velmoc\u00ed!\u201c<\/p>\n<p><em><strong>V\u00e1clav Prok\u016fpek<\/strong><\/em><\/p>\n<p>&nbsp;<\/p>\n<p>&nbsp;<\/p>\n","protected":false},"excerpt":{"rendered":"<p>Pro\u010d se USA, respektive jejich sou\u010dasn\u00e1 vl\u00e1dnouc\u00ed administrativa \u201eDemokrata\u201c Joe Bidena tak boj\u00ed jin\u00fdch sv\u011btov\u00fdch&#8230;<\/p>\n","protected":false},"author":2,"featured_media":40577,"comment_status":"closed","ping_status":"closed","sticky":false,"template":"","format":"standard","meta":[],"categories":[6],"tags":[109,2306,29,37,40],"_links":{"self":[{"href":"https:\/\/www.infokuryr.cz\/n\/wp-json\/wp\/v2\/posts\/42178"}],"collection":[{"href":"https:\/\/www.infokuryr.cz\/n\/wp-json\/wp\/v2\/posts"}],"about":[{"href":"https:\/\/www.infokuryr.cz\/n\/wp-json\/wp\/v2\/types\/post"}],"author":[{"embeddable":true,"href":"https:\/\/www.infokuryr.cz\/n\/wp-json\/wp\/v2\/users\/2"}],"replies":[{"embeddable":true,"href":"https:\/\/www.infokuryr.cz\/n\/wp-json\/wp\/v2\/comments?post=42178"}],"version-history":[{"count":1,"href":"https:\/\/www.infokuryr.cz\/n\/wp-json\/wp\/v2\/posts\/42178\/revisions"}],"predecessor-version":[{"id":42179,"href":"https:\/\/www.infokuryr.cz\/n\/wp-json\/wp\/v2\/posts\/42178\/revisions\/42179"}],"wp:featuredmedia":[{"embeddable":true,"href":"https:\/\/www.infokuryr.cz\/n\/wp-json\/wp\/v2\/media\/40577"}],"wp:attachment":[{"href":"https:\/\/www.infokuryr.cz\/n\/wp-json\/wp\/v2\/media?parent=42178"}],"wp:term":[{"taxonomy":"category","embeddable":true,"href":"https:\/\/www.infokuryr.cz\/n\/wp-json\/wp\/v2\/categories?post=42178"},{"taxonomy":"post_tag","embeddable":true,"href":"https:\/\/www.infokuryr.cz\/n\/wp-json\/wp\/v2\/tags?post=42178"}],"curies":[{"name":"wp","href":"https:\/\/api.w.org\/{rel}","templated":true}]}}