{"id":42177,"date":"2023-12-10T00:49:52","date_gmt":"2023-12-09T23:49:52","guid":{"rendered":"http:\/\/www.infokuryr.cz\/n\/?p=42177"},"modified":"2023-12-09T19:38:51","modified_gmt":"2023-12-09T18:38:51","slug":"vaclav-prokupek-orban-oznacil-ukrajinu-za-zkorumpovanou-zemi","status":"publish","type":"post","link":"https:\/\/www.infokuryr.cz\/n\/2023\/12\/10\/vaclav-prokupek-orban-oznacil-ukrajinu-za-zkorumpovanou-zemi\/","title":{"rendered":"V\u00e1clav Prok\u016fpek: Orb\u00e1n ozna\u010dil Ukrajinu za zkorumpovanou zemi"},"content":{"rendered":"<div id=\"fb-root\"><\/div>\n<p>Ma\u010farsk\u00fd premi\u00e9r Viktor Orb\u00e1n stoj\u00ed pevn\u011b ve sv\u00e9m rozhodn\u00e9m odporu proti p\u0159ijet\u00ed Ukrajiny do EU a ozna\u010dil Ukrajinu za \u201ezkorumpovanou zemi\u201c t\u00fdden p\u0159edt\u00edm, ne\u017e se l\u00edd\u0159i EU chystaj\u00ed rozhodnout o zah\u00e1jen\u00ed rozhovor\u016f s Kyjevem o vstupu do bloku Evropsk\u00e9 unie.<\/p>\n<p>Ma\u010farsko je sousedem Ukrajiny a my v\u00edme p\u0159esn\u011b, co se tam d\u011bje,&#8220; \u0159ekl Orb\u00e1n francouzsk\u00e9mu zpravodajsk\u00e9mu serveru\u00a0v\u00a0exkluzivn\u00edm rozhovoru a dodal: \u201eUkrajina je zn\u00e1m\u00e1 jako jedna z nejzkorumpovan\u011bj\u0161\u00edch zem\u00ed na sv\u011bt\u011b.\u00a0To nen\u00ed \u017e\u00e1dn\u00fd vtip! Nem\u016f\u017eeme p\u0159ijmout rozhodnut\u00ed o zah\u00e1jen\u00ed procesu p\u0159\u00edstupov\u00fdch jedn\u00e1n\u00ed.\u201c<\/p>\n<p>L\u00edd\u0159i EU se sejdou v Bruselu ke dv\u011bma historick\u00fdm rozhodnut\u00edm o Ukrajin\u011b: schv\u00e1len\u00ed pl\u00e1nu zah\u00e1jen\u00ed diskus\u00ed o p\u0159ipojen\u00ed Kyjeva k bloku 27 zem\u00ed a uvoln\u011bn\u00ed 50 miliard eur na pomoc Ukrajin\u011b. P\u0159esto se nad summitem vzn\u00e1\u0161\u00ed Orb\u00e1n\u016fv st\u00edn, proto\u017ee ma\u010farsk\u00fd v\u016fdce je jednozna\u010dn\u011b ne\u00fastupn\u00fd a\u00a0zah\u00e1jen\u00ed p\u0159\u00edstupov\u00fdch jedn\u00e1n\u00ed s Ukrajinou a pohrozil, \u017ee vyu\u017eije ma\u010farsk\u00e9 pr\u00e1vo veta k zablokov\u00e1n\u00ed vypl\u00e1cen\u00ed finan\u010dn\u00edch prost\u0159edk\u016f na pomoc Ukrajin\u011b. Ma\u010farsk\u00fd v\u016fdce si stoj\u00ed za sv\u00fdm postojem a ozna\u010dil pl\u00e1n EU na zah\u00e1jen\u00ed p\u0159\u00edstupov\u00fdch rozhovor\u016f za \u201e\u0161patn\u00e9 rozhodnut\u00ed\u201c.\u00a0\u201eUkrajina nen\u00ed p\u0159ipravena vstoupit do EU,\u201c \u0159ekl Orb\u00e1n navzdory n\u00e1tlaku, kter\u00fd na n\u011bj vyv\u00edjej\u00ed ostatn\u00ed st\u00e1ty.<\/p>\n<p><a href=\"https:\/\/stranapro.cz\/\"><img decoding=\"async\" loading=\"lazy\" class=\"alignnone wp-image-40285 aligncenter\" src=\"http:\/\/www.infokuryr.cz\/n\/wp-content\/uploads\/2023\/11\/11pro-300x79.png\" alt=\"\" width=\"570\" height=\"150\" srcset=\"https:\/\/www.infokuryr.cz\/n\/wp-content\/uploads\/2023\/11\/11pro-300x79.png 300w, https:\/\/www.infokuryr.cz\/n\/wp-content\/uploads\/2023\/11\/11pro.png 363w\" sizes=\"(max-width: 570px) 100vw, 570px\" \/><\/a><\/p>\n<p>Jednou z Orb\u00e1nov\u00fdch hlavn\u00edch starost\u00ed z\u016fst\u00e1v\u00e1 ukrajinsk\u00e1 \u201ekorupce\u201c.<\/p>\n<p>Pochopiteln\u011b, \u017ee do Orb\u00e1na se hned pustila nevl\u00e1dn\u00ed Transparency International (TI), kter\u00e1 najednou zjistila, \u017ee Ma\u010farsko je pova\u017eov\u00e1no za\u00a0zemi nejzkorumpovan\u011bj\u0161\u00ed v EU.\u00a0To je ov\u0161em nesmysl, jeliko\u017e takov\u00e9 Bulharsko by se mohlo od Ma\u010farska u\u010dit, co to je pr\u00e1vo a nen\u00ed rozhodn\u011b samo! A nevl\u00e1dn\u00ed organizace TI musela p\u0159iznat, \u017ee Ukrajina dos\u00e1hla na stupnici vn\u00edman\u00e9 korupce ve\u0159ejn\u00e9ho sektoru podle Transparency International o dev\u011bt bod\u016f h\u016f\u0159e ne\u017e Ma\u010farsko. Orb\u00e1n tak\u00e9 \u0159ekl, \u017ee EU mus\u00ed ud\u011blat mnohem v\u00edce \u201ep\u0159\u00edpravn\u00e9 pr\u00e1ce\u201c, ne\u017e bude blok suver\u00e9nn\u00edch st\u00e1t\u016f p\u0159ipraven p\u0159iv\u00edtat mezi sebou Ukrajinu.<\/p>\n<p>Viktor Orb\u00e1n dokonce konstruktivn\u011b navrhl \u201esmlouvu o strategick\u00e9m partnerstv\u00ed\u201c s c\u00edlem zv\u00fd\u0161it \u00farove\u0148 spolupr\u00e1ce mezi EU a Ukrajinou, ani\u017e by nab\u00eddl Ukrajin\u011b \u010dlenstv\u00ed v EU. Ma\u010farsk\u00fd v\u016fdce \u0159ekl francouzsk\u00e9mu serveru Le Point, \u017ee se nem\u016f\u017ee vzd\u00e1t ma\u010farsk\u00e9 pozice za n\u011bjak\u00fd handl kv\u016fli Ukrajin\u011b. Belgick\u00fd premi\u00e9r Alexander De Croo b\u011bhem p\u0159edstaven\u00ed programu belgick\u00e9ho p\u0159edsednictv\u00ed v Rad\u011b EU chce ma\u010farsk\u00e9ho ministersk\u00e9ho p\u0159edsedu zviklat. Ten se ale ve sv\u00e9m postoji zd\u00e1 b\u00fdt neoblomn\u00fd. T\u00edm sp\u00ed\u0161e, \u017ee tak\u00e9 upozornil na poru\u0161ov\u00e1n\u00ed pr\u00e1v ma\u010farsk\u00e9 men\u0161iny na z\u00e1pad\u011b Ukrajiny.<\/p>\n<p><em><strong>V\u00e1clav Prok\u016fpek<\/strong><\/em><\/p>\n<p>&nbsp;<\/p>\n<p>&nbsp;<\/p>\n","protected":false},"excerpt":{"rendered":"<p>Ma\u010farsk\u00fd premi\u00e9r Viktor Orb\u00e1n stoj\u00ed pevn\u011b ve sv\u00e9m rozhodn\u00e9m odporu proti p\u0159ijet\u00ed Ukrajiny do EU&#8230;<\/p>\n","protected":false},"author":2,"featured_media":26233,"comment_status":"closed","ping_status":"closed","sticky":false,"template":"","format":"standard","meta":[],"categories":[6],"tags":[41,29,439,26],"_links":{"self":[{"href":"https:\/\/www.infokuryr.cz\/n\/wp-json\/wp\/v2\/posts\/42177"}],"collection":[{"href":"https:\/\/www.infokuryr.cz\/n\/wp-json\/wp\/v2\/posts"}],"about":[{"href":"https:\/\/www.infokuryr.cz\/n\/wp-json\/wp\/v2\/types\/post"}],"author":[{"embeddable":true,"href":"https:\/\/www.infokuryr.cz\/n\/wp-json\/wp\/v2\/users\/2"}],"replies":[{"embeddable":true,"href":"https:\/\/www.infokuryr.cz\/n\/wp-json\/wp\/v2\/comments?post=42177"}],"version-history":[{"count":0,"href":"https:\/\/www.infokuryr.cz\/n\/wp-json\/wp\/v2\/posts\/42177\/revisions"}],"wp:featuredmedia":[{"embeddable":true,"href":"https:\/\/www.infokuryr.cz\/n\/wp-json\/wp\/v2\/media\/26233"}],"wp:attachment":[{"href":"https:\/\/www.infokuryr.cz\/n\/wp-json\/wp\/v2\/media?parent=42177"}],"wp:term":[{"taxonomy":"category","embeddable":true,"href":"https:\/\/www.infokuryr.cz\/n\/wp-json\/wp\/v2\/categories?post=42177"},{"taxonomy":"post_tag","embeddable":true,"href":"https:\/\/www.infokuryr.cz\/n\/wp-json\/wp\/v2\/tags?post=42177"}],"curies":[{"name":"wp","href":"https:\/\/api.w.org\/{rel}","templated":true}]}}