{"id":42175,"date":"2023-12-10T00:46:35","date_gmt":"2023-12-09T23:46:35","guid":{"rendered":"http:\/\/www.infokuryr.cz\/n\/?p=42175"},"modified":"2023-12-09T19:35:00","modified_gmt":"2023-12-09T18:35:00","slug":"katargate-vetsina-poslancu-nevi-jako-europarlament-funguje","status":"publish","type":"post","link":"https:\/\/www.infokuryr.cz\/n\/2023\/12\/10\/katargate-vetsina-poslancu-nevi-jako-europarlament-funguje\/","title":{"rendered":"Katargate: V\u011bt\u0161ina poslanc\u016f nev\u00ed, jako Europarlament funguje!"},"content":{"rendered":"<div id=\"fb-root\"><\/div>\n<p>V\u00edte, co to je Katargate? \u017de ne. Nen\u00ed se \u010demu divit. P\u0159esto\u017ee se bl\u00ed\u017e\u00ed volby do Evropsk\u00e9ho parlamentu, \u010cesk\u00e1 televize ml\u010d\u00ed o rozs\u00e1hl\u00e9m korup\u010dn\u00edm skand\u00e1lu. Poslanci Evropsk\u00e9ho parlamentu p\u0159ij\u00edmali \u00faplatky od Kataru za to, \u017ee pom\u00e1hali katarsk\u00e9 ekonomice, zat\u00edmco ta evropsk\u00e1 je prakticky v\u00a0trosk\u00e1ch.<\/p>\n<p><span style=\"font-size: 18pt;\"><strong>Stovky unikl\u00fdch dokument\u016f odhaluj\u00ed rozsah korup\u010dn\u00edho skand\u00e1lu v EU\u00a0<\/strong><\/span><\/p>\n<p>D\u016fkazy z vy\u0161et\u0159ov\u00e1n\u00ed \u00faplatk\u016f Evropsk\u00e9ho parlamentu poskytuj\u00ed z\u00e1znam o v\u00edce ne\u017e 300 \u00fadajn\u00fdch pokusech o manipulaci s\u00a0poslanci evropsk\u00e9ho parlamentu. Rozs\u00e1hl\u00e1 sb\u00edrka unikl\u00fdch dokument\u016f z policejn\u00edho vy\u0161et\u0159ov\u00e1n\u00ed nejv\u011bt\u0161\u00edho korup\u010dn\u00edho p\u0159\u00edpadu, kter\u00fd zas\u00e1hl EU za posledn\u00ed desetilet\u00ed odhaluje pln\u00fd rozsah skand\u00e1lu Evropsk\u00e9ho parlamentu ohledn\u011b pen\u011bz, kter\u00e9 poslanci p\u0159ij\u00edmali a prosazovali za to vliv Kataru.<\/p>\n<p>B\u011bhem \u010dty\u0159 let ze spis\u016f vypl\u00fdv\u00e1, \u017ee kl\u00ed\u010dov\u00ed podez\u0159el\u00ed, v\u010detn\u011b b\u00fdval\u00e9ho poslance Evropsk\u00e9ho parlamentu Piera Antonia Panzeriho a jeho asistenta Francesca Giorgiho, pe\u010dliv\u011b zaznamen\u00e1vali \u00fadajn\u00e9 pokusy o manipulaci s parlamentem \u2013 kl\u00ed\u010dov\u00fdm org\u00e1nem EU. Jejich podez\u0159el\u00ed pl\u00e1tci v Kataru, Maroku a Mauret\u00e1nii utratili za pr\u00e1ci kolem \u010dty\u0159 milion\u016f eur, podle tvrzen\u00ed ve spisech. Skand\u00e1l poprv\u00e9 vy\u0161el najevo p\u0159esn\u011b p\u0159ed rokem tento t\u00fdden, kdy byli Panzeri, Giorgi a dal\u0161\u00ed kl\u00ed\u010dov\u00e9 postavy t\u00e9to af\u00e9ry zat\u010deni v s\u00e9rii dramatick\u00fdch razi\u00ed zahrnuj\u00edc\u00edch pytle hotovosti a odporn\u00e9 p\u0159\u00edb\u011bhy o vm\u011b\u0161ov\u00e1n\u00ed arabsk\u00fdch ropn\u00fdch velmoc\u00ed do srdce EU vy\u0161ly najevo.<\/p>\n<p><a href=\"https:\/\/stranapro.cz\/\"><img decoding=\"async\" loading=\"lazy\" class=\"alignnone wp-image-40285 aligncenter\" src=\"http:\/\/www.infokuryr.cz\/n\/wp-content\/uploads\/2023\/11\/11pro-300x79.png\" alt=\"\" width=\"494\" height=\"130\" srcset=\"https:\/\/www.infokuryr.cz\/n\/wp-content\/uploads\/2023\/11\/11pro-300x79.png 300w, https:\/\/www.infokuryr.cz\/n\/wp-content\/uploads\/2023\/11\/11pro.png 363w\" sizes=\"(max-width: 494px) 100vw, 494px\" \/><\/a><\/p>\n<p>Mezi akce zaznamenan\u00e9 v dokumentech pat\u0159\u00ed n\u011bkter\u00e9, kter\u00e9 maj\u00ed v\u00fdznamn\u00fd dopad na fungov\u00e1n\u00ed Evropsk\u00e9 unie \u2013 nap\u0159\u00edklad pl\u00e1n na zru\u0161en\u00ed \u0161esti parlamentn\u00edch rezoluc\u00ed odsuzuj\u00edc\u00edch poru\u0161ov\u00e1n\u00ed lidsk\u00fdch pr\u00e1v v Kataru a pr\u00e1ce na uzav\u0159en\u00ed dohody o bezv\u00edzov\u00e9m styku mezi Dauh\u00e1 a EU.\u00a0 Obvin\u011bn\u00fd asistent evropsk\u00e9ho poslance Giorgi jednou poznamenal, \u017ee ka\u017ed\u00e1 kopie nelichotiv\u00e9 zpr\u00e1vy o Kataru, kterou bylo mo\u017en\u00e9 naj\u00edt v parlamentu, byla piln\u011b \u201ezni\u010dena\u201c.<\/p>\n<p>V r\u00e1mci vy\u0161et\u0159ov\u00e1n\u00ed byli zat\u00edm zat\u010deni \u010dty\u0159i sou\u010dasn\u00ed a b\u00fdval\u00ed europoslanci na z\u00e1klad\u011b p\u0159edb\u011b\u017en\u00fdch obvin\u011bn\u00ed z korupce, pran\u00ed \u0161pinav\u00fdch pen\u011bz a \u010dlenstv\u00ed ve zlo\u010dineck\u00e9 organizaci.\u00a0Mezi podez\u0159el\u00e9 pat\u0159\u00ed Panzeri, Giorgi a Eva Kaili<strong>. M<\/strong>imochodem Eva Kaili byla Giorgiho partnerka a musela b\u00fdt po vypuknut\u00ed skand\u00e1lu sesazena z funkce m\u00edstop\u0159edsedkyn\u011b Evropsk\u00e9ho parlamentu.<\/p>\n<p>Zat\u00edmco vy\u0161et\u0159ovatel\u00e9 maj\u00ed podez\u0159en\u00ed, \u017ee Panzeri a jeho s\u00ed\u0165 manipulovali s parlamentem jm\u00e9nem Kataru a dal\u0161\u00edch st\u00e1t\u016f, dokumenty nazna\u010duj\u00ed, \u017ee se tak\u00e9 pokou\u0161eli zneu\u017e\u00edt nedostate\u010dn\u00e9 znalosti evropsk\u00fdch poslanc\u016f a \u00fa\u0159edn\u00edk\u016f o fungov\u00e1n\u00ed evropsk\u00e9ho parlamentu. Giorgi dokonce policii \u0159ekl, \u017ee on a jeho \u0161\u00e9f n\u011bkdy \u0159ekli sv\u00fdm pl\u00e1tc\u016fm z\u00a0Kataru a z\u00a0Maroka o operac\u00edch, na kter\u00e9 nem\u011bli praktick\u00fd vliv, proto\u017ee Panzeri podle dokument\u016f zkreslil rozsah sv\u00fdch pravomoc\u00ed utv\u00e1\u0159et pr\u00e1ci parlamentu.\u00a0\u201eSpol\u00e9hali jsme na to, \u017ee \u0159ada poslanc\u016f a \u00fa\u0159edn\u00edk\u016f v\u00a0evropsk\u00e9m parlamentu v\u016fbec nev\u00ed, jak parlament v\u00a0Bruselu a ve \u0160trasburku v\u016fbec funguje,\u201c uvedl Giorgi v prohl\u00e1\u0161en\u00ed pro policii.<\/p>\n<p><em><strong>V\u00e1clav Prok\u016fpek<\/strong><\/em><\/p>\n<p>&nbsp;<\/p>\n<p>&nbsp;<\/p>\n","protected":false},"excerpt":{"rendered":"<p>V\u00edte, co to je Katargate? \u017de ne. Nen\u00ed se \u010demu divit. P\u0159esto\u017ee se bl\u00ed\u017e\u00ed volby&#8230;<\/p>\n","protected":false},"author":2,"featured_media":40843,"comment_status":"closed","ping_status":"closed","sticky":false,"template":"","format":"standard","meta":[],"categories":[6],"tags":[41,29,207,557],"_links":{"self":[{"href":"https:\/\/www.infokuryr.cz\/n\/wp-json\/wp\/v2\/posts\/42175"}],"collection":[{"href":"https:\/\/www.infokuryr.cz\/n\/wp-json\/wp\/v2\/posts"}],"about":[{"href":"https:\/\/www.infokuryr.cz\/n\/wp-json\/wp\/v2\/types\/post"}],"author":[{"embeddable":true,"href":"https:\/\/www.infokuryr.cz\/n\/wp-json\/wp\/v2\/users\/2"}],"replies":[{"embeddable":true,"href":"https:\/\/www.infokuryr.cz\/n\/wp-json\/wp\/v2\/comments?post=42175"}],"version-history":[{"count":1,"href":"https:\/\/www.infokuryr.cz\/n\/wp-json\/wp\/v2\/posts\/42175\/revisions"}],"predecessor-version":[{"id":42176,"href":"https:\/\/www.infokuryr.cz\/n\/wp-json\/wp\/v2\/posts\/42175\/revisions\/42176"}],"wp:featuredmedia":[{"embeddable":true,"href":"https:\/\/www.infokuryr.cz\/n\/wp-json\/wp\/v2\/media\/40843"}],"wp:attachment":[{"href":"https:\/\/www.infokuryr.cz\/n\/wp-json\/wp\/v2\/media?parent=42175"}],"wp:term":[{"taxonomy":"category","embeddable":true,"href":"https:\/\/www.infokuryr.cz\/n\/wp-json\/wp\/v2\/categories?post=42175"},{"taxonomy":"post_tag","embeddable":true,"href":"https:\/\/www.infokuryr.cz\/n\/wp-json\/wp\/v2\/tags?post=42175"}],"curies":[{"name":"wp","href":"https:\/\/api.w.org\/{rel}","templated":true}]}}