{"id":42165,"date":"2023-12-10T00:50:02","date_gmt":"2023-12-09T23:50:02","guid":{"rendered":"http:\/\/www.infokuryr.cz\/n\/?p=42165"},"modified":"2023-12-09T18:45:57","modified_gmt":"2023-12-09T17:45:57","slug":"zprava-pentagonu-americky-zbrojni-prumysl-nemuze-drzet-krok-s-cinskym","status":"publish","type":"post","link":"https:\/\/www.infokuryr.cz\/n\/2023\/12\/10\/zprava-pentagonu-americky-zbrojni-prumysl-nemuze-drzet-krok-s-cinskym\/","title":{"rendered":"Zpr\u00e1va Pentagonu: Americk\u00fd zbrojn\u00ed pr\u016fmysl nem\u016f\u017ee dr\u017eet krok s \u010d\u00ednsk\u00fdm"},"content":{"rendered":"<div id=\"fb-root\"><\/div>\n<p><strong><span>\u0160\u00e9f akvizice Pentagonu William LaPlante se chyst\u00e1 odhalit prvn\u00ed n\u00e1rodn\u00ed obrannou pr\u016fmyslovou strategii (NDIS).\u00a0To si klade za c\u00edl revolucionizovat zapojen\u00ed Pentagonu s mal\u00fdmi technologick\u00fdmi spole\u010dnostmi a urychlit podporu tradi\u010dn\u00edch spole\u010dnost\u00ed p\u0159i v\u00fdvoji nov\u00fdch technologi\u00ed.\u00a0Proto\u017ee \u010c\u00edna je st\u00e1le v rychl\u00e9m pruhu, pokud jde o vojensk\u00e9 z\u00e1le\u017eitosti.<\/span><\/strong><\/p>\n<p><span>N\u00e1vrh verze N\u00e1rodn\u00ed obrann\u00e9 strategie Pentagonu, kter\u00fd z\u00edskal \u201e\u00a0<\/span><a href=\"https:\/\/www.politico.com\/news\/2023\/12\/02\/draft-pentagon-strategy-china-00129764\"><span>Politico<\/span><\/a><span>\u00a0\u201c, nasti\u0148uje kritick\u00e9 nedostatky v americk\u00e9 obrann\u00e9 pr\u016fmyslov\u00e9 z\u00e1kladn\u011b.\u00a0To nem\u00e1 pot\u0159ebnou kapacitu a agilitu pro pot\u0159eby rychl\u00e9 a komplexn\u00ed vojensk\u00e9 v\u00fdroby.\u00a0Zd\u016fraz\u0148uje schopnost USA vyr\u00e1b\u011bt vynikaj\u00edc\u00ed zbran\u011b a z\u00e1rove\u0148 si v\u0161\u00edm\u00e1 v\u00fdzev rychl\u00e9 v\u00fdroby.\u00a0Studie varuje p\u0159ed rostouc\u00edm strategick\u00fdm rizikem p\u0159i sou\u010dasn\u00e9 podpo\u0159e aktivn\u00edch bojov\u00fdch operac\u00ed a pot\u00edr\u00e1n\u00ed sofistikovan\u00fdch hrozeb, zejm\u00e9na s ohledem na \u010c\u00ednu v indo-pacifick\u00e9m regionu.<\/span><\/p>\n<p><a href=\"https:\/\/stranapro.cz\/\"><img decoding=\"async\" loading=\"lazy\" class=\"alignnone  wp-image-40285 aligncenter\" src=\"http:\/\/www.infokuryr.cz\/n\/wp-content\/uploads\/2023\/11\/11pro-300x79.png\" alt=\"\" width=\"539\" height=\"142\" srcset=\"https:\/\/www.infokuryr.cz\/n\/wp-content\/uploads\/2023\/11\/11pro-300x79.png 300w, https:\/\/www.infokuryr.cz\/n\/wp-content\/uploads\/2023\/11\/11pro.png 363w\" sizes=\"(max-width: 539px) 100vw, 539px\" \/><\/a><\/p>\n<p><span>LaPlante ve sv\u00e9m projevu na Reaganov\u011b n\u00e1rodn\u00edm obrann\u00e9m f\u00f3ru zd\u016fraznil, \u017ee \u201epartnersk\u00fd\u201c p\u0159\u00edstup zalo\u017een\u00fd na spolupr\u00e1ci s pr\u016fmyslem je z\u00e1sadn\u00ed.\u00a0Strategie vy\u017eaduje transparentn\u00ed budouc\u00ed pl\u00e1ny n\u00e1kupu od ministerstva obrany, aby se podpo\u0159ily investice do nov\u00fdch za\u0159\u00edzen\u00ed a v\u00fdzkumu a v\u00fdvoje spole\u010dnost\u00ed.\u00a0Objevila se v\u0161ak kritika ohledn\u011b nedostatku konkr\u00e9tn\u00edch doporu\u010den\u00ed v n\u00e1vrhu zpr\u00e1vy.\u00a0Pr\u016fmyslov\u00fd konzultant vyj\u00e1d\u0159il zklam\u00e1n\u00ed nad omezen\u00fdm zam\u011b\u0159en\u00edm zpr\u00e1vy na dlouhodob\u00e1 \u0159e\u0161en\u00ed probl\u00e9m\u016f dodavatelsk\u00e9ho \u0159et\u011bzce (v\u010detn\u011b nap\u0159\u00edklad vz\u00e1cn\u00fdch zemin, kter\u00e9 jsou d\u016fle\u017eit\u00e9 pro \u0161pi\u010dkov\u00e9 technologie).<\/span><\/p>\n<p><strong><span>Zpr\u00e1va zd\u016fraz\u0148uje glob\u00e1ln\u00ed pr\u016fmyslovou transformaci a uzn\u00e1v\u00e1 exponenci\u00e1ln\u00ed r\u016fst \u010c\u00edny v oblasti stavby lod\u00ed, kritick\u00fdch nerost\u016f a mikroelektroniky za t\u0159i desetilet\u00ed, d\u00edky \u010demu\u017e \u010c\u00edna p\u0159edstihla Spojen\u00e9 st\u00e1ty a jejich evropsk\u00e9 a asijsk\u00e9 spojence.\u00a0<\/span><\/strong><span>V reakci na zji\u0161t\u011bn\u00e9 nedostatky strategie navrhuje vybudovat odoln\u00e9 dodavatelsk\u00e9 \u0159et\u011bzce, podporovat inovace a investovat do men\u0161\u00edch spole\u010dnost\u00ed.\u00a0NDIS kon\u010d\u00ed v\u00fdzvou k anga\u017eovan\u00e9mu \u00fasil\u00ed ve\u0159ejn\u00e9ho i soukrom\u00e9ho sektoru o pos\u00edlen\u00ed pr\u016fmyslov\u00e9 kapacity nezbytn\u00e9 pro vojenskou p\u0159ipravenost.<\/span><\/p>\n<p><img decoding=\"async\" loading=\"lazy\" class=\"alignnone size-full wp-image-1185\" src=\"http:\/\/www.infokuryr.cz\/n\/wp-content\/uploads\/2021\/04\/kuryr-podpis.png\" alt=\"\" width=\"84\" height=\"24\" \/><\/p>\n<p>&nbsp;<\/p>\n<p>&nbsp;<\/p>\n","protected":false},"excerpt":{"rendered":"<p>\u0160\u00e9f akvizice Pentagonu William LaPlante se chyst\u00e1 odhalit prvn\u00ed n\u00e1rodn\u00ed obrannou pr\u016fmyslovou strategii (NDIS).\u00a0To si&#8230;<\/p>\n","protected":false},"author":2,"featured_media":25362,"comment_status":"closed","ping_status":"closed","sticky":false,"template":"","format":"standard","meta":[],"categories":[7],"tags":[30,380,37,73],"_links":{"self":[{"href":"https:\/\/www.infokuryr.cz\/n\/wp-json\/wp\/v2\/posts\/42165"}],"collection":[{"href":"https:\/\/www.infokuryr.cz\/n\/wp-json\/wp\/v2\/posts"}],"about":[{"href":"https:\/\/www.infokuryr.cz\/n\/wp-json\/wp\/v2\/types\/post"}],"author":[{"embeddable":true,"href":"https:\/\/www.infokuryr.cz\/n\/wp-json\/wp\/v2\/users\/2"}],"replies":[{"embeddable":true,"href":"https:\/\/www.infokuryr.cz\/n\/wp-json\/wp\/v2\/comments?post=42165"}],"version-history":[{"count":0,"href":"https:\/\/www.infokuryr.cz\/n\/wp-json\/wp\/v2\/posts\/42165\/revisions"}],"wp:featuredmedia":[{"embeddable":true,"href":"https:\/\/www.infokuryr.cz\/n\/wp-json\/wp\/v2\/media\/25362"}],"wp:attachment":[{"href":"https:\/\/www.infokuryr.cz\/n\/wp-json\/wp\/v2\/media?parent=42165"}],"wp:term":[{"taxonomy":"category","embeddable":true,"href":"https:\/\/www.infokuryr.cz\/n\/wp-json\/wp\/v2\/categories?post=42165"},{"taxonomy":"post_tag","embeddable":true,"href":"https:\/\/www.infokuryr.cz\/n\/wp-json\/wp\/v2\/tags?post=42165"}],"curies":[{"name":"wp","href":"https:\/\/api.w.org\/{rel}","templated":true}]}}