{"id":4216,"date":"2021-08-21T05:20:23","date_gmt":"2021-08-21T03:20:23","guid":{"rendered":"http:\/\/www.infokuryr.cz\/n\/?p=4216"},"modified":"2021-08-21T05:20:23","modified_gmt":"2021-08-21T03:20:23","slug":"zapomente-na-svobodu-skotsko-je-zastancem-totalitniho-liberalismu","status":"publish","type":"post","link":"https:\/\/www.infokuryr.cz\/n\/2021\/08\/21\/zapomente-na-svobodu-skotsko-je-zastancem-totalitniho-liberalismu\/","title":{"rendered":"Zapome\u0148te na svobodu. Skotsko je zast\u00e1ncem totalitn\u00edho liberalismu"},"content":{"rendered":"<div id=\"fb-root\"><\/div>\n<section class=\"perex\">Svoboda je velmi skotsk\u00fd pojem. Mel Gibson ji slavn\u011b vyk\u0159ikl ve filmu State\u010dn\u00e9 srdce v roli skotsk\u00e9ho bojovn\u00edka za svobodu Williama Wallace a v\u017edy byla \u00fast\u0159edn\u00ed hodnotou hnut\u00ed za nez\u00e1vislost. Byl dokonce zm\u00edn\u011bn v jednom z nejv\u011bt\u0161\u00edch skotsk\u00fdch historick\u00fdch dokument\u016f &#8211; v Arbroathsk\u00e9 deklaraci z roku 1320, v n\u00ed\u017e skotsk\u00e1 \u0161lechta usilovala o to, aby pape\u017e uznal zemi jako nez\u00e1visl\u00fd st\u00e1t. St\u00e1lo v n\u011bm: &#8222;<i>Nebojujeme pro \u010dest, bohatstv\u00ed nebo sl\u00e1vu, ale v\u00fdhradn\u011b za svobodu, kter\u00e9 se \u017e\u00e1dn\u00fd prav\u00fd mu\u017e nevzd\u00e1 a polo\u017e\u00ed za ni i sv\u016fj \u017eivot<\/i>&#8222;.<\/p>\n<\/section>\n<section class=\"clanek-obsah\">Siln\u00e1 slova. P\u0159esto by se dalo odpustit, kdyby si n\u011bkdo myslel, \u017ee Skotsko zapomn\u011blo, co svoboda znamen\u00e1 v praxi. Je ironi\u00ed, \u017ee vl\u00e1da, jej\u00edm\u017e deklarovan\u00fdm c\u00edlem je vymanit se ze sp\u00e1r\u016f Unie, si pojem svobody vykl\u00e1d\u00e1 zvl\u00e1\u0161tn\u00edm zp\u016fsobem.<\/p>\n<p>Vztah sou\u010dasn\u00e9 skotsk\u00e9 vl\u00e1dy ke svobod\u011b projevu je velmi problematick\u00fd. Nejprve jsme tu m\u011bli\u00a0<a href=\"https:\/\/shadowproof.com\/2021\/05\/11\/whistleblower-craig-murray-sentenced-to-8-months-in-prison-over-his-reporting-on-former-scottish-first-ministers-trial\/\" target=\"_blank\" rel=\"external noopener\">p\u0159\u00edpad Craiga Murrayho<\/a>, b\u00fdval\u00e9ho diplomata a aktivisty, kter\u00fd ne\u00fanavn\u011b vede kampa\u0148 na podporu Juliana Assange. V sou\u010dasn\u00e9 dob\u011b sed\u00ed v edinbursk\u00e9 v\u011bznici, proto\u017ee byl st\u00edh\u00e1n za psan\u00ed blogu o procesu s Alexem Salmondem. Na svou obhajobu tvrdil, \u017ee nezve\u0159ejnil \u017e\u00e1dn\u00e9 informace, kter\u00e9 by ji\u017e nebyly ve\u0159ejn\u011b dostupn\u00e9. P\u0159esto byl odsouzen k 8 t\u00fddn\u016fm v\u011bzen\u00ed, co\u017e je v\u0161eobecn\u011b\u00a0<a href=\"https:\/\/www.scotsman.com\/news\/opinion\/columnists\/craig-murrays-eight-month-prison-sentence-is-vindictive-and-a-sad-day-for-scottish-justice-kenny-macaskill-3332548\" target=\"_blank\" rel=\"external noopener\">pova\u017eov\u00e1no<\/a>\u00a0za bezprecedentn\u00ed a politicky motivovan\u00fd \u010din.<\/p>\n<p>D\u00e1le je tu p\u0159\u00edklad Marion Millarov\u00e9, feministky, \u00fa\u010detn\u00ed a matky, kter\u00e1 na Twitteru vystupovala proti transgenderismu a byla obvin\u011bna podle z\u00e1kona o nen\u00e1vistn\u00fdch sd\u011blen\u00edch. Obzvl\u00e1\u0161t\u011b j\u00ed vadil vliv transgenderov\u00e9ho hnut\u00ed, kter\u00e9 ozna\u010dila za &#8222;drav\u00fd kult&#8220;, na d\u011bti. Za n\u011bkolik\u00a0<a href=\"https:\/\/lilymaynard.com\/the-curious-case-of-marion-millar\/\" target=\"_blank\" rel=\"external noopener\">tweet\u016f<\/a>, v nich\u017e vyj\u00e1d\u0159ila sv\u00e9 pocity v t\u00e9to v\u011bci, byla zat\u010dena a koncem tohoto m\u011bs\u00edce ji \u010dek\u00e1 soud. Jej\u00ed p\u0159\u00edznivci, z nich\u017e mnoz\u00ed jsou sou\u010d\u00e1st\u00ed skupiny &#8222;For Women Scotland&#8220; na Twitteru, ji pova\u017euj\u00ed za n\u011bco jako mu\u010dednici za pr\u00e1va \u017een ve Skotsku a za\u010dali tweetovat pod hashtagem #womenwontwheesht (&#8222;wheesht&#8220; je skotsk\u00e9 slovo pro &#8222;b\u00fdt zticha&#8220;).<\/p>\n<p>Ve Skotsku panuje skute\u010dn\u00e9 znepokojen\u00ed nad t\u00edm, do jak\u00e9 m\u00edry pronikla do vl\u00e1dn\u00ed politiky lobby transgenderov\u00fdch a LGBT+ osob. Minul\u00fd t\u00fdden\u00a0<a href=\"https:\/\/www-telegraph-co-uk.cdn.ampproject.org\/v\/s\/www.telegraph.co.uk\/news\/2021\/08\/12\/scottish-four-year-olds-can-change-gender-school-without-parents\/amp\/?amp_gsa=1&amp;_js_v=a6&amp;usqp=mq331AQIKAGwASCAAgM%3D#amp_tf=From%20%251%24s&amp;aoh=16288049077557&amp;csi=0&amp;referrer=https%3A%2F%2Fwww.google.com&amp;ampshare=https%3A%2F%2Fwww.telegraph.co.uk%2Fnews%2F2021%2F08%2F12%2Fscottish-four-year-olds-can-change-gender-school-without-parents%2F\" target=\"_blank\" rel=\"external noopener\">se objevily titulky novin<\/a>, kdy\u017e ministr \u0161kolstv\u00ed zve\u0159ejnil nov\u00e9 pokyny, kter\u00e9 umo\u017e\u0148uj\u00ed d\u011btem ji\u017e od \u010dty\u0159 let zm\u011bnit ve \u0161kole pohlav\u00ed a d\u00e1t si jin\u00e9 jm\u00e9no, pokud si to p\u0159ej\u00ed, bez souhlasu rodi\u010d\u016f. Pokyny rovn\u011b\u017e navrhuj\u00ed, aby mo\u017enosti her pro d\u011bti na prvn\u00edm stupni byly &#8222;genderov\u011b neutr\u00e1ln\u00ed&#8220;; aby knihy a pom\u016fcky obsahovaly transgenderov\u00e9 osoby a aby se \u0161koln\u00ed d\u011bti \u00fa\u010dastnily pam\u011btn\u00edch dn\u016f transgenderu (uv\u00e1d\u00ed m\u011bs\u00edc historie LGBT a Den viditelnosti transgenderu).<\/p>\n<p>Krom\u011b z\u0159ejm\u00fdch probl\u00e9m\u016f, \u017ee d\u011bti jsou manipulov\u00e1ny a nuceny \u0159e\u0161it ot\u00e1zky, o kter\u00fdch nejsou psychicky p\u0159ipraveny p\u0159em\u00fd\u0161let, a \u017ee jim st\u00e1t bere z\u00e1kladn\u00ed rodi\u010dovsk\u00e1 pr\u00e1va, je zde tak\u00e9 ot\u00e1zka, jak\u00fdm zp\u016fsobem skotsk\u00e1 vl\u00e1da tyto &#8222;rady&#8220; z\u00edskala. Ned\u00e1vno byla na toto t\u00e9ma vyvr\u00e1cena\u00a0<a href=\"https:\/\/twitter.com\/gentlemanbroad\/status\/1426476745662902273\" target=\"_blank\" rel=\"external noopener\">infografika<\/a>\u00a0vytvo\u0159en\u00e1 skotskou vl\u00e1dou, nebo\u0165 jeden z u\u017eivatel\u016f Twitteru upozornil na chybnou interpretaci \u00fadaj\u016f. Zd\u00e1 se v\u0161ak, \u017ee pro tyto ideologicky zam\u011b\u0159en\u00e9 liber\u00e1ln\u00ed bojovn\u00edky na faktech nez\u00e1le\u017e\u00ed.<\/p>\n<p>Ani na ve\u0159ejn\u00e9m m\u00edn\u011bn\u00ed nez\u00e1le\u017e\u00ed. V\u00a0<a href=\"https:\/\/twitter.com\/talkRADIO\/status\/1426490468406333444\" target=\"_blank\" rel=\"external noopener\">pr\u016fzkumu<\/a>, kter\u00fd provedla rozhlasov\u00e1 stanice TalkRadio a v n\u011bm\u017e se ptala, zda lid\u00e9 souhlas\u00ed s nov\u00fdm skotsk\u00fdm z\u00e1konem o zm\u011bn\u011b pohlav\u00ed u d\u011bt\u00ed mlad\u0161\u00edho \u0161koln\u00edho v\u011bku, se toti\u017e 98 % respondent\u016f z 24 600 vyj\u00e1d\u0159ilo proti. Pokud \u017eijeme v demokracii, jak je mo\u017en\u00e9, \u017ee se je takov\u00fd z\u00e1kon p\u0159ijat, kdy\u017e s n\u00edm naprost\u00e1 v\u011bt\u0161ina ob\u010dan\u016f nesouhlas\u00ed? A jak je mo\u017en\u00e9, \u017ee ka\u017ed\u00fd, kdo se postav\u00ed proti tomu, \u017ee vl\u00e1da vych\u00e1z\u00ed vst\u0159\u00edc transgenderov\u00e9 lobby, je pok\u00e1r\u00e1n nebo v hor\u0161\u00edm p\u0159\u00edpad\u011b zat\u010den?<\/p>\n<p>Vezm\u011bme si nap\u0159\u00edklad Ruth Wishartovou, skotskou novin\u00e1\u0159skou veter\u00e1nku, kter\u00e1 se odv\u00e1\u017eila otev\u0159\u00edt tuto ot\u00e1zku v ned\u00e1vn\u00e9m \u010dl\u00e1nku. Odv\u00e1\u017en\u011b napsala: &#8222;Mus\u00edme mluvit o \u00fanosu. O \u00fanosu vl\u00e1dn\u00ed politiky vok\u00e1ln\u00edmi aktivistick\u00fdmi skupinami. \u00danos z\u00e1kladn\u00edch v\u011bdeck\u00fdch poznatk\u016f. \u00danos anglick\u00e9ho jazyka. \u00danos rodi\u010dovsk\u00fdch pr\u00e1v. Ptala se, pro\u010d transgenderov\u00e1 komunita, kter\u00e1 p\u0159edstavuje asi 1 % populace, prosazuje sv\u00e9 z\u00e1jmy na \u00fakor v\u0161ech ostatn\u00edch men\u0161inov\u00fdch skupin a pr\u00e1v \u017eensk\u00e9 populace, kter\u00e1 tvo\u0159\u00ed nejm\u00e9n\u011b 50 % populace. Wishart uvedl n\u00e1zorn\u00fd p\u0159\u00edklad &#8211; rozhodnut\u00ed skotsk\u00e9 vl\u00e1dy instalovat v posledn\u00edch letech ve sv\u00fdch budov\u00e1ch &#8222;genderov\u011b neutr\u00e1ln\u00ed&#8220; toalety. To ve skute\u010dnosti znamenalo zru\u0161en\u00ed \u0159ady z\u00e1chod\u016f ur\u010den\u00fdch pouze pro \u017eeny, proto\u017ee prostor byl omezen\u00fd.<\/p>\n<p>Ruth Wishartov\u00e1, a\u010dkoli je za sv\u016fj n\u00e1zor\u00a0<a href=\"https:\/\/twitter.com\/patrickharvie\/status\/1426957598901800960\" target=\"_blank\" rel=\"external noopener\">ozna\u010dov\u00e1na<\/a>\u00a0za &#8222;transfobn\u00ed&#8220; (nejen koment\u00e1tory, ale i politiky), m\u00e1 ve v\u0161ech t\u011bchto bodech naprostou pravdu a je rozumn\u00e1. T\u00edmto zp\u016fsobem d\u00e1v\u00e1 hlas velk\u00e9mu po\u010dtu Skot\u016f, kte\u0159\u00ed se boj\u00ed otev\u0159en\u011b vyj\u00e1d\u0159it sv\u00e9 n\u00e1zory ze strachu z pron\u00e1sledov\u00e1n\u00ed. Na konci sv\u00e9ho \u010dl\u00e1nku Wishartov\u00e1 cituje biologa Chrise Wrighta, kter\u00fd \u0159\u00edk\u00e1, \u017ee pokud se biologick\u00e9 pohlav\u00ed &#8222;masov\u011b pop\u00edr\u00e1, st\u00e1v\u00e1me se rukojm\u00edmi chaosu. Nem\u016f\u017eeme si prost\u011b dovolit ztratit na\u0161e kolektivn\u00ed pouto s realitou&#8220;.<\/p>\n<p>Chaos v\u0161ak nen\u00ed to, co m\u011b znepokojuje. Sp\u00ed\u0161e naopak &#8211; zd\u00e1 se, \u017ee za\u017e\u00edv\u00e1me typ vysoce organizovan\u00e9ho autorit\u00e1\u0159sk\u00e9ho liberalismu, kter\u00fd zasahuje do soukrom\u00e9ho \u017eivota ka\u017ed\u00e9ho skotsk\u00e9ho ob\u010dana. Stejn\u011b jako ve T\u0159et\u00ed \u0159\u00ed\u0161i budou m\u00edt nyn\u00ed d\u011bti bl\u00ed\u017ee ke st\u00e1tu ne\u017e ke sv\u00fdm rodi\u010d\u016fm. Podle z\u00e1kona o nen\u00e1vistn\u00fdch projevech (Hate Speech Act), kter\u00fd byl p\u0159edlo\u017een na za\u010d\u00e1tku tohoto roku, m\u016f\u017ee b\u00fdt dokonce i to,\u00a0<a href=\"https:\/\/www.thetimes.co.uk\/article\/hate-crime-bill-hate-talk-in-homes-must-be-prosecuted-6bcthrjdc\" target=\"_blank\" rel=\"external noopener\">co se \u0159ekne u kuchy\u0148sk\u00e9ho stolu<\/a>, nahl\u00e1\u0161eno \u00fa\u0159ad\u016fm, pokud to bude pova\u017eov\u00e1no za &#8222;diskrimina\u010dn\u00ed&#8220;. Mnoh\u00e9 vrstvy spole\u010dnosti, v\u010detn\u011b katolick\u00e9 c\u00edrkve, poukazovaly na to, \u017ee takov\u00e9 kroky po\u0161kozuj\u00ed svobodu projevu, ale jejich vol\u00e1n\u00ed bohu\u017eel narazilo na hluch\u00e9 u\u0161i.<\/p>\n<p>Zd\u00e1 se, \u017ee koali\u010dn\u00ed vl\u00e1da SNP a Zelen\u00fdch m\u00e1 za c\u00edl u\u010dinit ze Skotska maj\u00e1k liberalismu a bude pravd\u011bpodobn\u011b pokra\u010dovat v prosazov\u00e1n\u00ed trans a LGBT agendy za ka\u017edou cenu. Je to samoz\u0159ejm\u011b politicky motivovan\u00e9. T\u00edm, \u017ee se distancuje od konzervativn\u00ed vl\u00e1dy ve Westminsteru, m\u016f\u017ee voli\u010d\u016fm uk\u00e1zat, \u017ee hodnoty Skotska jsou drasticky odli\u0161n\u00e9 od t\u011bch anglick\u00fdch, a u\u010dinit se tak atraktivn\u011bj\u0161\u00ed pro liber\u00e1ln\u011bj\u0161\u00ed ml\u00e1de\u017e, co\u017e se, jak douf\u00e1, prom\u00edtne do v\u011bt\u0161\u00edho po\u010dtu hlas\u016f SNP u volebn\u00edch uren. (Nen\u00ed n\u00e1hodou, \u017ee skotsk\u00e1 vl\u00e1da sn\u00ed\u017eila ve Skotsku v\u011bk pro \u00fa\u010dast ve volb\u00e1ch na 16 let, aby z\u00edskala v\u011bt\u0161\u00ed podporu pro nez\u00e1vislost).<\/p>\n<p>Odvr\u00e1cenou stranou je v\u0161ak to, \u017ee t\u00edm trp\u00ed svoboda projevu. Ze zast\u00e1nc\u016f tradi\u010dn\u00edch rodinn\u00fdch hodnot se st\u00e1vaj\u00ed transfobov\u00e9. Lid\u00e9 vyjad\u0159uj\u00edc\u00ed sv\u016fj n\u00e1zor jsou zat\u00fdk\u00e1ni, a dokonce zav\u00edr\u00e1ni. To nen\u00ed svoboda, o kter\u00e9 skot\u0161t\u00ed aktivist\u00e9 za nez\u00e1vislost po stalet\u00ed snili. Autorit\u00e1\u0159sk\u00e1 vl\u00e1da, kter\u00e9 se skot\u0161t\u00ed nacionalist\u00e9 cht\u011bj\u00ed zbavit, je mo\u017en\u00e1 bl\u00ed\u017e, ne\u017e si uv\u011bdomuj\u00ed&#8230;<\/p>\n<p>Johanna Ross<\/p>\n<div class=\"podcarou\">\n<p><a href=\"https:\/\/www.globalresearch.ca\/forget-freedom-scotland-championing-totalitarian-liberalism\/5753484\" target=\"_blank\" rel=\"external noopener\">Forget Freedom. Scotland Is Championing Totalitarian Liberalism<\/a> vy\u0161el 19.8.2021 na Global Research. P\u0159eklad Zv\u011bdavec.<\/p>\n<\/div>\n<\/section>\n<section class=\"clanek-pri\">\n<div class=\"socials\"><a href=\"http:\/\/www.zvedavec.org\/komentare\/2021\/08\/8822-zapomente-na-svobodu-skotsko-je-zastancem-totalitniho-liberalismu.htm\">Zvedavec.org<\/a><\/div>\n<\/section>\n<div><\/div>\n<div><\/div>\n","protected":false},"excerpt":{"rendered":"<p>Svoboda je velmi skotsk\u00fd pojem. Mel Gibson ji slavn\u011b vyk\u0159ikl ve filmu State\u010dn\u00e9 srdce v&#8230;<\/p>\n","protected":false},"author":2,"featured_media":4217,"comment_status":"closed","ping_status":"closed","sticky":false,"template":"","format":"standard","meta":[],"categories":[7],"tags":[157,734,1067,117],"_links":{"self":[{"href":"https:\/\/www.infokuryr.cz\/n\/wp-json\/wp\/v2\/posts\/4216"}],"collection":[{"href":"https:\/\/www.infokuryr.cz\/n\/wp-json\/wp\/v2\/posts"}],"about":[{"href":"https:\/\/www.infokuryr.cz\/n\/wp-json\/wp\/v2\/types\/post"}],"author":[{"embeddable":true,"href":"https:\/\/www.infokuryr.cz\/n\/wp-json\/wp\/v2\/users\/2"}],"replies":[{"embeddable":true,"href":"https:\/\/www.infokuryr.cz\/n\/wp-json\/wp\/v2\/comments?post=4216"}],"version-history":[{"count":0,"href":"https:\/\/www.infokuryr.cz\/n\/wp-json\/wp\/v2\/posts\/4216\/revisions"}],"wp:featuredmedia":[{"embeddable":true,"href":"https:\/\/www.infokuryr.cz\/n\/wp-json\/wp\/v2\/media\/4217"}],"wp:attachment":[{"href":"https:\/\/www.infokuryr.cz\/n\/wp-json\/wp\/v2\/media?parent=4216"}],"wp:term":[{"taxonomy":"category","embeddable":true,"href":"https:\/\/www.infokuryr.cz\/n\/wp-json\/wp\/v2\/categories?post=4216"},{"taxonomy":"post_tag","embeddable":true,"href":"https:\/\/www.infokuryr.cz\/n\/wp-json\/wp\/v2\/tags?post=4216"}],"curies":[{"name":"wp","href":"https:\/\/api.w.org\/{rel}","templated":true}]}}