{"id":42142,"date":"2023-12-10T00:42:41","date_gmt":"2023-12-09T23:42:41","guid":{"rendered":"http:\/\/www.infokuryr.cz\/n\/?p=42142"},"modified":"2023-12-09T17:23:24","modified_gmt":"2023-12-09T16:23:24","slug":"64-den-usa-samy-proti-svetu-vetuji-rezoluci-rady-bezpecnosti-o-primeri-v-gaze","status":"publish","type":"post","link":"https:\/\/www.infokuryr.cz\/n\/2023\/12\/10\/64-den-usa-samy-proti-svetu-vetuji-rezoluci-rady-bezpecnosti-o-primeri-v-gaze\/","title":{"rendered":"64. den: USA, samy proti sv\u011btu, vetuj\u00ed rezoluci Rady bezpe\u010dnosti o p\u0159\u00edm\u011b\u0159\u00ed v Gaze"},"content":{"rendered":"<div id=\"fb-root\"><\/div>\n<p><span style=\"font-size: 14pt;\"><strong>Spojen\u00e9 st\u00e1ty byly jedin\u00fdm \u010dlenem Rady bezpe\u010dnosti, kter\u00fd hlasoval proti rezoluci vyz\u00fdvaj\u00edc\u00ed k okam\u017eit\u00e9mu humanit\u00e1rn\u00edmu p\u0159\u00edm\u011b\u0159\u00ed a vetoval, p\u0159esto\u017ee n\u00e1vrh podpo\u0159ilo t\u00e9m\u011b\u0159 100 st\u00e1t\u016f.\u00a0Americk\u00e9 veto vyvolalo pobou\u0159en\u00ed humanit\u00e1rn\u00edch a z\u00e1jmov\u00fdch skupin, p\u0159i\u010dem\u017e L\u00e9ka\u0159i bez hranic (MSF) to ozna\u010dili za \u201ehlasov\u00e1n\u00ed proti lidskosti\u201c.<\/strong><\/span><\/p>\n<h2 class=\"wp-block-heading\">Ztr\u00e1ty<\/h2>\n<ul>\n<li>17 487 zabit\u00fdch*, v\u010detn\u011b 7 729+ d\u011bt\u00ed a 46 480 zran\u011bn\u00fdch v p\u00e1smu Gazy.<\/li>\n<li>Od 7. \u0159\u00edjna zahynulo na okupovan\u00e9m Z\u00e1padn\u00edm b\u0159ehu nejm\u00e9n\u011b 273 Palestinc\u016f.<\/li>\n<\/ul>\n<p>*Tento \u00fadaj poskytlo ministerstvo zdravotnictv\u00ed v Gaze 8. prosince. Kv\u016fli poruch\u00e1m komunika\u010dn\u00edch s\u00edt\u00ed v p\u00e1smu Gazy (zejm\u00e9na v severn\u00ed Gaze) a vysok\u00e9mu po\u010dtu lid\u00ed uv\u011bzn\u011bn\u00fdch pod sutinami v\u0161ak ministerstvo zdravotnictv\u00ed v Gaze nem\u016f\u017ee od poloviny listopadu pravideln\u011b a p\u0159esn\u011b aktualizovat sv\u00e9 m\u00fdtn\u00e9.\u00a0N\u011bkter\u00e9 organizace na ochranu lidsk\u00fdch pr\u00e1v p\u0159ibli\u017euj\u00ed po\u010det ob\u011bt\u00ed 20 000 nebo v\u00edce.<\/p>\n<h2 class=\"wp-block-heading\"><strong>Kl\u00ed\u010dov\u00fd v\u00fdvoj<\/strong><\/h2>\n<ul>\n<li>Spojen\u00e9 st\u00e1ty jsou jedin\u00fdm \u010dlenem Rady bezpe\u010dnosti, kter\u00fd hlasoval proti rezoluci vyz\u00fdvaj\u00edc\u00ed k okam\u017eit\u00e9mu humanit\u00e1rn\u00edmu p\u0159\u00edm\u011b\u0159\u00ed a vetoval, p\u0159esto\u017ee n\u00e1vrh podpo\u0159ilo t\u00e9m\u011b\u0159 100 st\u00e1t\u016f.<\/li>\n<li>Gener\u00e1ln\u00ed tajemn\u00edk OSN Antonio Guterres, kter\u00fd se tento t\u00fdden odvolal na \u010dl\u00e1nek 99 a \u0159ekl, \u017ee v\u00e1lka ohro\u017euje mezin\u00e1rodn\u00ed m\u00edr a bezpe\u010dnost, uvedl, \u017ee situace dos\u00e1hla \u201ebodu zlomu\u201c a \u017ee s palestinsk\u00fdmi civilisty bylo v Gaze zach\u00e1zeno jako s \u201elidsk\u00fdmi \u0161pendl\u00edky\u201c nucen\u00fdmi k evakuaci. z jedn\u00e9 mal\u00e9 oblasti do druh\u00e9 bez pomoci.<\/li>\n<li>P\u0159edseda palestinsk\u00e9 samospr\u00e1vy Mahm\u00fad Abb\u00e1s \u0159ekl, \u017ee americk\u00e9 hlasov\u00e1n\u00ed \u010din\u00ed Washington spoluvin\u00edkem na izraelsk\u00fdch v\u00e1le\u010dn\u00fdch zlo\u010dinech, a vyz\u00fdv\u00e1 k mezin\u00e1rodn\u00ed konferenci k dosa\u017een\u00ed politick\u00e9ho \u0159e\u0161en\u00ed.<\/li>\n<li>L\u00e9ka\u0159i bez hranic naz\u00fdvaj\u00ed americk\u00e9 veto \u201ehlasov\u00e1n\u00edm proti lidskosti\u201c, zat\u00edmco velk\u00e9 humanit\u00e1rn\u00ed organizace nal\u00e9haj\u00ed na Radu bezpe\u010dnosti, aby se znovu se\u0161la, dokud nebude p\u0159ijato p\u0159\u00edm\u011b\u0159\u00ed.<\/li>\n<li>Des\u00edtky expert\u016f OSN varuj\u00ed, \u017ee \u201eraison d&#8217;\u00eatre\u201c Organizace spojen\u00fdch n\u00e1rod\u016f je v s\u00e1zce, a vyz\u00fdvaj\u00ed \u010dlensk\u00e9 st\u00e1ty, aby spole\u010dn\u011b jednaly a \u201ezachr\u00e1nily Gazu p\u0159ed \u00fapln\u00fdm zni\u010den\u00edm\u201c.<\/li>\n<li>Joe Biden v\u0161ak \u00fadajn\u011b \u017e\u00e1d\u00e1 Kongres, aby prodal des\u00edtky tis\u00edc tankov\u00fdch gran\u00e1t\u016f Izraeli, p\u0159i\u010dem\u017e izrael\u0161t\u00ed vojen\u0161t\u00ed p\u0159edstavitel\u00e9 odhaduj\u00ed, \u017ee \u201ef\u00e1ze vysok\u00e9 intenzity\u201c v\u00e1lky by mohla trvat a\u017e do konce ledna.<\/li>\n<li>Izrael pokra\u010duje v \u00faderech do p\u00e1sma Gazy a b\u011bhem 24 hodin zab\u00edj\u00ed stovky lid\u00ed.<\/li>\n<li>Ministerstvo zdravotnictv\u00ed Gazy uv\u00e1d\u00ed, \u017ee m\u00e9n\u011b ne\u017e 1 procento ran\u011bn\u00fdch v Gaze bylo evakuov\u00e1no za \u00fa\u010delem o\u0161et\u0159en\u00ed v zahrani\u010d\u00ed a \u017ee mnoz\u00ed um\u00edraj\u00ed na nedostatek p\u0159\u00edstupu k l\u00e9ka\u0159sk\u00e9 p\u00e9\u010di.<\/li>\n<li>Palestinsk\u00fd olympijsk\u00fd v\u00fdbor uvedl, \u017ee Izrael zabil od 7. \u0159\u00edjna 64 sportovc\u016f.<\/li>\n<li>Mezin\u00e1rodn\u00ed trestn\u00ed soud je obvin\u011bn z \u201ealarmuj\u00edc\u00ed\u201c zaujatosti ve prosp\u011bch Izraele, uv\u00e1d\u00ed\u00a0<a href=\"https:\/\/www.aljazeera.com\/features\/2023\/12\/9\/alarming-palestinians-accuse-icc-prosecutor-of-bias-after-israel-visit\">Al Jazeera<\/a>\u00a0.<\/li>\n<li>Izraelsk\u00e9 s\u00edly zabily nejm\u00e9n\u011b dva Palestince na okupovan\u00e9m Z\u00e1padn\u00edm b\u0159ehu b\u011bhem 24 hodin a dal\u0161\u00ed zranily p\u0159i n\u00e1letech na palestinsk\u00e9 \u00fazem\u00ed.<\/li>\n<li>Izraelsk\u00fd \u00fader\u00a0<a href=\"https:\/\/today.lorientlejour.com\/article\/1360319\/israeli-drone-strike-in-syria-killed-three-hezbollah-members-sources.html\">zabil t\u0159i \u010dleny Hizball\u00e1hu v S\u00fdrii<\/a>\u00a0, proto\u017ee tak\u00e9 zahajuje intenzivn\u00ed \u00fadery na m\u011bsta v ji\u017en\u00edm Libanonu.<\/li>\n<li>Stovky lid\u00ed se shrom\u00e1\u017edily ve \u0161pan\u011blsk\u00e9m m\u011bst\u011b\u00a0<a href=\"https:\/\/www.middleeastmonitor.com\/20231208-guernica-protests-israeli-massacres-in-gaza-igniting-sirens\/\">Guernica<\/a>\u00a0, aby protestovaly proti izraelsk\u00e9mu \u00fatoku na Gazu, co\u017e je paralela s vlastn\u00edm bombardov\u00e1n\u00edm m\u011bsta nacisty v roce 1937, kter\u00e9 zajal pro potomstvo Pablo Picasso.<\/li>\n<li>Dnes si p\u0159ipom\u00edn\u00e1me 36. v\u00fdro\u010d\u00ed za\u010d\u00e1tku prvn\u00ed intif\u00e1dy, 9. prosince 1987.<\/li>\n<\/ul>\n<h2 class=\"wp-block-heading\"><strong>USA vetovaly rezoluci Rady bezpe\u010dnosti o p\u0159\u00edm\u011b\u0159\u00ed v Gaze: \u201ehlasov\u00e1n\u00ed proti lidskosti\u201c<\/strong><\/h2>\n<p>K p\u0159ekvapen\u00ed jen m\u00e1lo lid\u00ed, ale uprost\u0159ed rozs\u00e1hl\u00e9ho zd\u011b\u0161en\u00ed se Spojen\u00e9 st\u00e1ty v p\u00e1tek rozhodly vetovat rezoluci Rady bezpe\u010dnosti OSN po\u017eaduj\u00edc\u00ed okam\u017eit\u00e9 humanit\u00e1rn\u00ed p\u0159\u00edm\u011b\u0159\u00ed v Gaze.\u00a0Rezoluci p\u0159edlo\u017eily Spojen\u00e9 arabsk\u00e9 emir\u00e1ty a spole\u010dn\u011b ji podepsalo 97 \u010dlensk\u00fdch st\u00e1t\u016f OSN pot\u00e9, co gener\u00e1ln\u00ed tajemn\u00edk OSN Antonio Guterres u\u010dinil vz\u00e1cn\u00fd krok k uplatn\u011bn\u00ed \u010dl\u00e1nku 99 Charty OSN, kter\u00fd nejvy\u0161\u0161\u00edmu p\u0159edstaviteli mezin\u00e1rodn\u00edho org\u00e1nu umo\u017e\u0148uje upozornit Radu bezpe\u010dnosti na jakoukoli z\u00e1le\u017eitost, kter\u00e1 \u201eohro\u017euje zachov\u00e1n\u00ed mezin\u00e1rodn\u00edho m\u00edru a bezpe\u010dnosti\u201c.<\/p>\n<p>USA, p\u0159edn\u00ed spojenec a finan\u010dn\u00ed podporovatel Izraele, byly jedinou zem\u00ed v 15\u010dlenn\u00e9 Rad\u011b bezpe\u010dnosti, kter\u00e1 hlasovala proti rezoluci, p\u0159i\u010dem\u017e Spojen\u00e9 kr\u00e1lovstv\u00ed se rozhodlo zdr\u017eet se hlasov\u00e1n\u00ed.<\/p>\n<div id=\"mondo-ads-1154904986\" class=\"mondo-ads-injection-1\">\n<div id=\"mondo-ads-1232908051\" class=\"mondo-ads-target\" data-mondo-ads-trackid=\"274201\" data-mondo-ads-trackbid=\"1\">\n<div class=\"ml-embedded\" data-form=\"efHM2I\">\n<div id=\"mlb2-5111043\" class=\"ml-form-embedContainer ml-subscribe-form ml-subscribe-form-5111043\">\n<div class=\"ml-form-align-center \">\n<div class=\"ml-form-embedWrapper embedForm\">\n<div class=\"ml-form-embedBody ml-form-embedBodyHorizontal row-form\">\n<div class=\"ml-form-embedContent\"><\/div>\n<\/div>\n<\/div>\n<\/div>\n<\/div>\n<\/div>\n<\/div>\n<\/div>\n<figure class=\"wp-block-embed aligncenter is-type-rich is-provider-twitter wp-block-embed-twitter\">\n<div class=\"wp-block-embed__wrapper\">\n<div class=\"twitter-tweet twitter-tweet-rendered\"><iframe id=\"twitter-widget-0\" class=\"\" title=\"Twitter Tweet\" src=\"https:\/\/platform.twitter.com\/embed\/Tweet.html?creatorScreenName=mondowitz&amp;dnt=true&amp;embedId=twitter-widget-0&amp;features=eyJ0ZndfdGltZWxpbmVfbGlzdCI6eyJidWNrZXQiOltdLCJ2ZXJzaW9uIjpudWxsfSwidGZ3X2ZvbGxvd2VyX2NvdW50X3N1bnNldCI6eyJidWNrZXQiOnRydWUsInZlcnNpb24iOm51bGx9LCJ0ZndfdHdlZXRfZWRpdF9iYWNrZW5kIjp7ImJ1Y2tldCI6Im9uIiwidmVyc2lvbiI6bnVsbH0sInRmd19yZWZzcmNfc2Vzc2lvbiI6eyJidWNrZXQiOiJvbiIsInZlcnNpb24iOm51bGx9LCJ0ZndfZm9zbnJfc29mdF9pbnRlcnZlbnRpb25zX2VuYWJsZWQiOnsiYnVja2V0Ijoib24iLCJ2ZXJzaW9uIjpudWxsfSwidGZ3X21peGVkX21lZGlhXzE1ODk3Ijp7ImJ1Y2tldCI6InRyZWF0bWVudCIsInZlcnNpb24iOm51bGx9LCJ0ZndfZXhwZXJpbWVudHNfY29va2llX2V4cGlyYXRpb24iOnsiYnVja2V0IjoxMjA5NjAwLCJ2ZXJzaW9uIjpudWxsfSwidGZ3X3Nob3dfYmlyZHdhdGNoX3Bpdm90c19lbmFibGVkIjp7ImJ1Y2tldCI6Im9uIiwidmVyc2lvbiI6bnVsbH0sInRmd19kdXBsaWNhdGVfc2NyaWJlc190b19zZXR0aW5ncyI6eyJidWNrZXQiOiJvbiIsInZlcnNpb24iOm51bGx9LCJ0ZndfdXNlX3Byb2ZpbGVfaW1hZ2Vfc2hhcGVfZW5hYmxlZCI6eyJidWNrZXQiOiJvbiIsInZlcnNpb24iOm51bGx9LCJ0ZndfdmlkZW9faGxzX2R5bmFtaWNfbWFuaWZlc3RzXzE1MDgyIjp7ImJ1Y2tldCI6InRydWVfYml0cmF0ZSIsInZlcnNpb24iOm51bGx9LCJ0ZndfbGVnYWN5X3RpbWVsaW5lX3N1bnNldCI6eyJidWNrZXQiOnRydWUsInZlcnNpb24iOm51bGx9LCJ0ZndfdHdlZXRfZWRpdF9mcm9udGVuZCI6eyJidWNrZXQiOiJvbiIsInZlcnNpb24iOm51bGx9fQ%3D%3D&amp;frame=false&amp;hideCard=false&amp;hideThread=false&amp;id=1733234028809945504&amp;lang=cs&amp;origin=https%3A%2F%2Fmondoweiss.net%2F2023%2F12%2Foperation-al-aqsa-flood-day-64-u-s-alone-against-the-world-vetoes-security-council-resolution-on-gaza-ceasefire%2F&amp;sessionId=87fd28327af0b6602be7a71f00bcd94cee24714a&amp;siteScreenName=mondoweiss&amp;theme=light&amp;widgetsVersion=01917f4d1d4cb%3A1696883169554&amp;width=550px\" frameborder=\"0\" scrolling=\"no\" allowfullscreen=\"allowfullscreen\" data-tweet-id=\"1733234028809945504\" data-mce-fragment=\"1\"><\/iframe><\/div>\n<\/div>\n<\/figure>\n<p><a href=\"https:\/\/reliefweb.int\/report\/occupied-palestinian-territory\/people-gaza-being-told-move-human-pinballs-nowhere-safe-secretary-general-tells-security-council-pleading-humanitarian-ceasefire\">Guterres ve sv\u00e9m projevu k Rad\u011b bezpe\u010dnosti p\u0159ed hlasov\u00e1n\u00edm<\/a>\u00a0\u0159ekl: &#8222;Jsme v bod\u011b zlomu.&#8220;<\/p>\n<p>\u201ePodm\u00ednky pro \u00fa\u010dinn\u00e9 dod\u00e1vky humanit\u00e1rn\u00ed pomoci ji\u017e neexistuj\u00ed,\u201c dodal a zopakoval zdevastovan\u00fd stav l\u00e9ka\u0159sk\u00fdch, p\u0159\u00edst\u0159e\u0161kov\u00fdch, infrastrukturn\u00edch a potravinov\u00fdch syst\u00e9m\u016f v Gaze v tom, co nazval \u201espir\u00e1lovou humanit\u00e1rn\u00ed no\u010dn\u00ed m\u016frou\u201c.<\/p>\n<p>Guterres odm\u00edtl tvrzen\u00ed Izraele, \u017ee jeho opakovan\u00e9 v\u00fdzvy k evakuaci v\u00edce ne\u017e dvou milion\u016f palestinsk\u00fdch civilist\u016f do r\u016fzn\u00fdch \u010d\u00e1st\u00ed mal\u00e9 oble\u017een\u00e9 enkl\u00e1vy: \u201eLid\u016fm z Gazy se \u0159\u00edk\u00e1, aby se pohybovali jako lidsk\u00e9 pinbally \u2013 odr\u00e1\u017eej\u00ed se mezi st\u00e1le men\u0161\u00edmi \u00falomky. na jih, bez jak\u00fdchkoli z\u00e1klad\u016f pro p\u0159e\u017eit\u00ed.&#8220;<\/p>\n<p>\u201eLid\u00e9 z Gazy hled\u00ed do propasti.\u00a0Mezin\u00e1rodn\u00ed spole\u010denstv\u00ed mus\u00ed ud\u011blat v\u0161e, co je v jeho sil\u00e1ch, aby ukon\u010dilo jejich utrpen\u00ed,\u201c dodal.<\/p>\n<p><a href=\"https:\/\/english.wafa.ps\/Pages\/Details\/139939\">K Rad\u011b tak\u00e9 vystoupil<\/a>\u00a0st\u00e1l\u00fd pozorovatel st\u00e1tu Palestina p\u0159i OSN Rij\u00e1d Mans\u00far\u00a0.<\/p>\n<p>\u201eKdy\u017e odm\u00edt\u00e1te volat po p\u0159\u00edm\u011b\u0159\u00ed, odm\u00edt\u00e1te volat po jedin\u00e9 v\u011bci, kter\u00e1 m\u016f\u017ee ukon\u010dit v\u00e1le\u010dn\u00e9 zlo\u010diny, zlo\u010diny proti lidskosti a genocidu.\u00a0Takto Izrael vede v\u00e1lku prost\u0159ednictv\u00edm zv\u011brstev,\u201c \u0159ekl.\u00a0&#8222;Izraelsk\u00e1 v\u00fdjime\u010dnost mus\u00ed skon\u010dit a mus\u00ed skon\u010dit nyn\u00ed.&#8220;<\/p>\n<p>&#8222;P\u0159esta\u0148te p\u0159episovat mezin\u00e1rodn\u00ed pr\u00e1vo tak, aby odpov\u00eddalo izraelsk\u00fdm zlo\u010din\u016fm, a p\u0159esta\u0148te volat po respektov\u00e1n\u00ed mezin\u00e1rodn\u00edho pr\u00e1va a z\u00e1rove\u0148 podporovat \u00fatok, kter\u00fd ho roztrhal na kusy,&#8220; dodal Mansour.<\/p>\n<p>Izraelsk\u00fd z\u00e1stupce Gilad Erdan se mezit\u00edm dr\u017eel bod\u016f Tel Avivu a \u0159ekl, \u017ee Hamas je \u201ev\u00fdhradn\u011b zodpov\u011bdn\u00fd\u201c za humanit\u00e1rn\u00ed krizi zp\u016fsobenou izraelsk\u00fdmi bombami, ne\u017e se dovol\u00e1val Boha.\u00a0&#8222;Modl\u00edm se, abychom zde v OSN vid\u011bli dal\u0161\u00ed chanukov\u00fd z\u00e1zrak a aby v\u0161emohouc\u00ed dovolil, aby zde v t\u00e9to rad\u011b zv\u00edt\u011bzila pravda a sv\u011btlo,&#8220;\u00a0<a href=\"https:\/\/www.timesofisrael.com\/liveblog_entry\/israeli-envoy-tells-un-that-hamas-solely-responsible-for-humanitarian-situation-in-gaza\/\">\u0159ekl<\/a>\u00a0.<\/p>\n<p>Z\u00e1stupce USA v OSN Robert Woods od\u016fvodnil rozhodnut\u00ed Washingtonu \u2013 jako jednoho z p\u011bti st\u00e1l\u00fdch \u010dlen\u016f Rady bezpe\u010dnosti s pr\u00e1vem veta \u2013 nahradit v\u016fli v\u011bt\u0161iny sv\u011btov\u00fdch n\u00e1rod\u016f, proto\u017ee rezoluce \u00fadajn\u011b neodsuzovala \u00fatok Hamasu ze 7. ani prosazovat pr\u00e1vo Izraele na sebeobranu.\u00a0\u201eA\u010dkoli USA siln\u011b podporuj\u00ed trval\u00fd m\u00edr, ve kter\u00e9m mohou Izrael i Palestina \u017e\u00edt v m\u00edru a bezpe\u010d\u00ed, nepodporujeme v\u00fdzvy k okam\u017eit\u00e9mu p\u0159\u00edm\u011b\u0159\u00ed.\u00a0To by pouze zasadilo semena pro dal\u0161\u00ed v\u00e1lku, proto\u017ee Hamas netou\u017e\u00ed po trval\u00e9m m\u00edru, po \u0159e\u0161en\u00ed dvou st\u00e1t\u016f,\u201c\u00a0<a href=\"https:\/\/www.aljazeera.com\/news\/2023\/12\/8\/antonio-guterres-urges-un-security-council-to-push-for-gaza-ceasefire\">\u0159ekl<\/a> , ani\u017e by zm\u00ednil historick\u00e9 z\u00e1znamy izraelsk\u00e9 vl\u00e1dy, kter\u00e1 takov\u00e9 \u0159e\u0161en\u00ed dvou st\u00e1t\u016f znemo\u017e\u0148ovala.<\/p>\n<p><a href=\"https:\/\/stranapro.cz\/\"><img decoding=\"async\" loading=\"lazy\" class=\"alignnone wp-image-40285 aligncenter\" src=\"http:\/\/www.infokuryr.cz\/n\/wp-content\/uploads\/2023\/11\/11pro-300x79.png\" alt=\"\" width=\"566\" height=\"149\" srcset=\"https:\/\/www.infokuryr.cz\/n\/wp-content\/uploads\/2023\/11\/11pro-300x79.png 300w, https:\/\/www.infokuryr.cz\/n\/wp-content\/uploads\/2023\/11\/11pro.png 363w\" sizes=\"(max-width: 566px) 100vw, 566px\" \/><\/a><\/p>\n<p>Palestinsk\u00e1 samospr\u00e1va odsoudila americk\u00e9 veto a\u00a0<a href=\"https:\/\/english.wafa.ps\/Pages\/Details\/139951\">ozna\u010dila to za<\/a>\u00a0\u201eselh\u00e1n\u00ed chr\u00e1nit palestinsk\u00e9 civilisty a poru\u0161en\u00ed mezin\u00e1rodn\u00edho pr\u00e1va a jeho pravidel t\u00fdkaj\u00edc\u00edch se v\u00e1lek, stejn\u011b jako zako\u0159en\u011bn\u00ed dvoj\u00edch standard\u016f, kter\u00e9 diskriminuj\u00ed civilisty ve sv\u011bt\u011b, a selektivitu p\u0159i uplat\u0148ov\u00e1n\u00ed mezin\u00e1rodn\u00edho pr\u00e1va podle toto\u017enosti kata a ob\u011bti.\u201c\u00a0Prezident Palestinsk\u00e9 spr\u00e1vy Mahm\u00fad Abb\u00e1s mezit\u00edm \u0159ekl, \u017ee hlasov\u00e1n\u00ed u\u010dinilo Washington\u00a0<a href=\"https:\/\/www.reuters.com\/world\/middle-east\/palestinian-authority-president-says-us-veto-makes-it-complicit-israeli-war-2023-12-09\/\">spoluvin\u00edkem<\/a>\u00a0na izraelsk\u00fdch v\u00e1le\u010dn\u00fdch zlo\u010dinech.<\/p>\n<p>Mohamed Issa Abushahab ze Spojen\u00fdch arabsk\u00fdch emir\u00e1t\u016f,\u00a0<a href=\"https:\/\/reliefweb.int\/report\/occupied-palestinian-territory\/security-council-fails-adopt-resolution-demanding-immediate-humanitarian-ceasefire-gaza-account-veto-united-states\">stejn\u011b jako mnoho dal\u0161\u00edch z\u00e1stupc\u016f \u010dlensk\u00fdch st\u00e1t\u016f OSN<\/a>\u00a0, vyj\u00e1d\u0159il politov\u00e1n\u00ed nad t\u00edm, \u017ee \u201etv\u00e1\u0159\u00ed v tv\u00e1\u0159 nev\u00fdslovn\u00e9 miz\u00e9rii nen\u00ed tato Rada schopna po\u017eadovat p\u0159\u00edm\u011b\u0159\u00ed\u201c.\u00a0Postoj USA odsoudila tak\u00e9\u00a0<a href=\"https:\/\/www.aljazeera.com\/news\/2023\/12\/9\/double-standards-world-reacts-to-us-vetoing-unsc-gaza-resolution\">\u0159ada st\u00e1tn\u00edch \u00fa\u0159edn\u00edk\u016f z cel\u00e9ho sv\u011bta.<\/a><\/p>\n<p>Sm\u00ed\u0161en\u00fd\u00a0<a href=\"https:\/\/twitter.com\/MofaQatar_EN\/status\/1733401212219699378\/photo\/1\">arabsk\u00fd isl\u00e1msk\u00fd ministersk\u00fd v\u00fdbor<\/a>\u00a0, slo\u017een\u00fd ze z\u00e1stupc\u016f Sa\u00fadsk\u00e9 Ar\u00e1bie, Kataru, Jord\u00e1nska, Egypta, Turecka a Palestinsk\u00e9 samospr\u00e1vy, se v p\u00e1tek ve Washingtonu setkal s ministrem zahrani\u010d\u00ed USA Antonym Blinkenem a \u201ezd\u016fraznil svou v\u00fdzvu Spojen\u00fdm st\u00e1t\u016fm, aby hr\u00e1t \u0161ir\u0161\u00ed roli p\u0159i n\u00e1tlaku na izraelskou okupaci k proveden\u00ed okam\u017eit\u00e9ho p\u0159\u00edm\u011b\u0159\u00ed.<\/p>\n<p>Izraelsk\u00e9\u00a0<a href=\"https:\/\/twitter.com\/elicoh1\/status\/1733250961076830383\">ministerstvo zahrani\u010dn\u00edch v\u011bc\u00ed<\/a>\u00a0mezit\u00edm vyj\u00e1d\u0159ilo svou \u201evd\u011bk\u201c Washingtonu a v pokra\u010dov\u00e1n\u00ed sv\u00fdch v\u00fdzev tento t\u00fdden, aby Guterres p\u0159i\u0161el o pr\u00e1ci, uvedlo, \u017ee pou\u017eit\u00ed \u010dl\u00e1nku 99 p\u0159edstavuje \u201ekainovu zn\u00e1mku v OSN\u201c a p\u0159edstavuje &#8222;apelujte, abyste st\u00e1li na stran\u011b Ham\u00e1su.&#8220;<\/p>\n<p>Americk\u00e9 veto vyvolalo pobou\u0159en\u00ed humanit\u00e1rn\u00edch a z\u00e1jmov\u00fdch skupin a p\u0159im\u011blo L\u00e9ka\u0159e bez hranic (MSF), aby to ozna\u010dili za\u00a0<a href=\"https:\/\/msf.org.au\/article\/statements-opinion\/msf-calls-us-veto-gaza-ceasefire-resolution-vote-against-humanity\">\u201ehlasov\u00e1n\u00ed proti lidskosti\u201c.<\/a><\/p>\n<p>\u201eAmerick\u00e9 veto rezoluce o p\u0159\u00edm\u011b\u0159\u00ed ukazuje bezcitnou lhostejnost k utrpen\u00ed civilist\u016f tv\u00e1\u0159\u00ed v tv\u00e1\u0159 ohromuj\u00edc\u00edmu po\u010dtu ob\u011bt\u00ed.\u00a0Je to mor\u00e1ln\u011b neobhajiteln\u00e9, je to zanedb\u00e1n\u00ed povinnosti USA p\u0159edch\u00e1zet zlo\u010din\u016fm zv\u011brstva a naprost\u00fd nedostatek glob\u00e1ln\u00edho veden\u00ed,\u201c\u00a0<a href=\"https:\/\/twitter.com\/AgnesCallamard\/status\/1733250865308615160\">napsala gener\u00e1ln\u00ed tajemnice Amnesty International Agnes Callamardov\u00e1 na X<\/a>\u00a0(d\u0159\u00edve Twitter).<\/p>\n<p>Sedm humanit\u00e1rn\u00edch agentur, v\u010detn\u011b Oxfam a Save the Children, vydalo spole\u010dnou v\u00fdzvu Rad\u011b bezpe\u010dnosti, aby se znovu se\u0161la a schv\u00e1lila rezoluci po\u017eaduj\u00edc\u00ed trval\u00e9 p\u0159\u00edm\u011b\u0159\u00ed.\u00a0\u201eJedin\u00fd zp\u016fsob, jak ochr\u00e1nit \u017eivoty civilist\u016f a poskytnout adekv\u00e1tn\u00ed humanit\u00e1rn\u00ed pomoc, je zastavit boje,\u201c\u00a0<a href=\"https:\/\/reliefweb.int\/report\/occupied-palestinian-territory\/un-security-council-must-reconvene-and-pass-resolution-ceasefire-aid-agencies\">p\u00ed\u0161e se v dopise<\/a>\u00a0.<\/p>\n<p>Mezit\u00edm v\u00edce ne\u017e 40 expert\u016f OSN bilo na poplach a \u0159\u00edkalo, \u017ee nen\u00ed\u00a0v s\u00e1zce\u00a0<a href=\"https:\/\/reliefweb.int\/report\/occupied-palestinian-territory\/un-experts-urge-states-unite-peace-and-push-ceasefire-gaza\">nic men\u0161\u00edho, ne\u017e d\u016fvod, pro\u010d by tam byl OSN .\u00a0<\/a>\u201e\u010clensk\u00e9 st\u00e1ty OSN se mus\u00ed nyn\u00ed zmobilizovat a jednat spole\u010dn\u011b, aby zachr\u00e1nily Gazu p\u0159ed tot\u00e1ln\u00edm zni\u010den\u00edm a masovou \u00famrtnost\u00ed, aby byl zachov\u00e1n raison d&#8217;\u00eatre Organizace spojen\u00fdch n\u00e1rod\u016f,\u201c uvedli experti.<\/p>\n<p>Sedmn\u00e1ct \u010dlensk\u00fdch st\u00e1t\u016f Sv\u011btov\u00e9 zdravotnick\u00e9 organizace (WHO) v ned\u011bli\u00a0<a href=\"https:\/\/english.wafa.ps\/Pages\/Details\/139949\">p\u0159edlo\u017eilo n\u00e1vrh rezoluce<\/a>\u00a0k projedn\u00e1n\u00ed v\u00fdkonn\u00e9 rad\u011b tohoto mezin\u00e1rodn\u00edho org\u00e1nu, v n\u011bm\u017e po\u017eaduje, aby Izrael respektoval sv\u00e9 z\u00e1vazky chr\u00e1nit zdravotnick\u00fd a humanit\u00e1rn\u00ed person\u00e1l v p\u00e1smu Gazy.<\/p>\n<p><a href=\"https:\/\/www.reuters.com\/world\/middle-east\/president-abbas-peace-conference-must-end-israel-gaza-war-2023-12-08\/\">V rozhovoru pro Reuters<\/a>\u00a0Abb\u00e1s vyzval mezin\u00e1rodn\u00ed konferenci, aby bylo dosa\u017eeno trval\u00e9ho \u0159e\u0161en\u00ed a vedlo k vytvo\u0159en\u00ed palestinsk\u00e9ho st\u00e1tu.<\/p>\n<p>P\u0159esto se zpr\u00e1vami, \u017ee administrativa americk\u00e9ho prezidenta Joe Bidena po\u017e\u00e1dala Kongres, aby\u00a0<a href=\"https:\/\/www.reuters.com\/world\/state-dept-asks-congress-approve-sale-israeli-tank-rounds-amid-growing-rights-2023-12-08\/\">schv\u00e1lil prodej 45 000 tankov\u00fdch gran\u00e1t\u016f Izraeli<\/a>\u00a0, prosby sv\u011bta dopadaj\u00ed na hluch\u00e9 u\u0161i.<\/p>\n<figure class=\"wp-block-image alignwide size-large\"><img decoding=\"async\" loading=\"lazy\" class=\"wp-image-288461 entered lazyloaded aligncenter\" src=\"https:\/\/mondoweiss.net\/wp-content\/uploads\/2023\/12\/081223_Rafah_ZU_001-1024x683.jpg\" sizes=\"(max-width: 1024px) 100vw, 1024px\" srcset=\"https:\/\/mondoweiss.net\/wp-content\/uploads\/2023\/12\/081223_Rafah_ZU_001-1024x683.jpg 1024w, https:\/\/mondoweiss.net\/wp-content\/uploads\/2023\/12\/081223_Rafah_ZU_001-300x200.jpg 300w, https:\/\/mondoweiss.net\/wp-content\/uploads\/2023\/12\/081223_Rafah_ZU_001-150x100.jpg 150w, https:\/\/mondoweiss.net\/wp-content\/uploads\/2023\/12\/081223_Rafah_ZU_001-768x512.jpg 768w, https:\/\/mondoweiss.net\/wp-content\/uploads\/2023\/12\/081223_Rafah_ZU_001-270x180.jpg 270w, https:\/\/mondoweiss.net\/wp-content\/uploads\/2023\/12\/081223_Rafah_ZU_001-770x515.jpg 770w, https:\/\/mondoweiss.net\/wp-content\/uploads\/2023\/12\/081223_Rafah_ZU_001.jpg 1200w\" alt=\"Leteck\u00fd sn\u00edmek ukazuje vys\u00eddlen\u00e9 Palestince, kte\u0159\u00ed uprchli z Khana Yunise kv\u016fli izraelsk\u00fdm n\u00e1let\u016fm a z\u0159\u00eddili t\u00e1bor v Rafahu d\u00e1le na jih pobl\u00ed\u017e hranice s Egyptem, 8. prosince 2023. (Foto: \u00a9 Mohammed Talatene\/dpa p\u0159es ZUMA Press APAimages)\" width=\"670\" height=\"447\" data-lazy-srcset=\"https:\/\/mondoweiss.net\/wp-content\/uploads\/2023\/12\/081223_Rafah_ZU_001-1024x683.jpg 1024w, https:\/\/mondoweiss.net\/wp-content\/uploads\/2023\/12\/081223_Rafah_ZU_001-300x200.jpg 300w, https:\/\/mondoweiss.net\/wp-content\/uploads\/2023\/12\/081223_Rafah_ZU_001-150x100.jpg 150w, https:\/\/mondoweiss.net\/wp-content\/uploads\/2023\/12\/081223_Rafah_ZU_001-768x512.jpg 768w, https:\/\/mondoweiss.net\/wp-content\/uploads\/2023\/12\/081223_Rafah_ZU_001-270x180.jpg 270w, https:\/\/mondoweiss.net\/wp-content\/uploads\/2023\/12\/081223_Rafah_ZU_001-770x515.jpg 770w, https:\/\/mondoweiss.net\/wp-content\/uploads\/2023\/12\/081223_Rafah_ZU_001.jpg 1200w\" data-lazy-sizes=\"(max-width: 1024px) 100vw, 1024px\" data-lazy-src=\"https:\/\/mondoweiss.net\/wp-content\/uploads\/2023\/12\/081223_Rafah_ZU_001-1024x683.jpg\" data-ll-status=\"loaded\" \/><figcaption class=\"wp-element-caption\"><span style=\"font-size: 10pt;\"><em>LETECK\u00dd SN\u00cdMEK UKAZUJE VYS\u00cdDLEN\u00c9 PALESTINCE, KTE\u0158\u00cd UPRCHLI Z KHANA YUNISE KV\u016eLI IZRAELSK\u00ddM N\u00c1LET\u016eM A Z\u0158\u00cdDILI T\u00c1BOR V RAFAHU D\u00c1LE NA JIH POBL\u00cd\u017d HRANICE S EGYPTEM, 8. PROSINCE 2023. (FOTO: \u00a9 MOHAMMED TALATENE\/DPA P\u0158ES ZUMA PRESS APAIMAGES)<\/em><\/span><\/figcaption><\/figure>\n<h2 class=\"wp-block-heading\"><strong>V Gaze st\u00e1le padaj\u00ed bomby, humanit\u00e1rn\u00ed situace je \u201eneuv\u011b\u0159iteln\u00e1\u201c\u00a0<\/strong><\/h2>\n<p>Zat\u00edmco diplomat\u00e9 v s\u00edni moci mluvili, Palestinci v Gaze denn\u011b um\u00edraj\u00ed ve stovk\u00e1ch.<\/p>\n<p><a href=\"https:\/\/english.wafa.ps\/Pages\/Details\/139945\">Smrt\u00edc\u00ed izraelsk\u00e9 n\u00e1lety<\/a>\u00a0byly hl\u00e1\u0161eny v Rafahu, Khan Younis, Gaza City, Bureij, Nusseirat, Deir al-Balah, al-Maghazi a Beit Lahia.\u00a0Ministerstvo zdravotnictv\u00ed Gazy ozn\u00e1milo, \u017ee jen do nemocnice mu\u010dedn\u00edk\u016f Al-Aks\u00e1 v Deir al-Balah a do nemocnice Nasser v Khan Younis bylo p\u0159ivezeno celkem 133 t\u011bl.\u00a0P\u0159\u00edtomnost pozemn\u00edch izraelsk\u00fdch jednotek a nedostatek vhodn\u00e9ho z\u00e1chrann\u00e9ho materi\u00e1lu v\u0161ak v n\u011bkter\u00fdch oblastech znemo\u017enily vyhrab\u00e1n\u00ed lid\u00ed zpod trosek.<\/p>\n<p>Palestinsk\u00fd\u00a0<a href=\"https:\/\/english.wafa.ps\/Pages\/Details\/139941\">olympijsk\u00fd v\u00fdbor<\/a>\u00a0v p\u00e1tek uvedl, \u017ee Izrael od 7. \u0159\u00edjna zabil 47 palestinsk\u00fdch sportovc\u016f a 17 sportovn\u00edch tren\u00e9r\u016f, administr\u00e1tor\u016f a dal\u0161\u00edch.<\/p>\n<p>Ti, kte\u0159\u00ed n\u00e1por p\u0159e\u017eij\u00ed, \u010del\u00ed stra\u0161liv\u00e9 p\u0159esile.<\/p>\n<p>Mluv\u010d\u00ed ministerstva zdravotnictv\u00ed v Gaze Ashraf al-Qidra v p\u00e1tek uvedl, \u017ee z v\u00edce ne\u017e 46 000 zran\u011bn\u00fdch Palestinc\u016f na mal\u00e9m \u00fazem\u00ed bylo m\u00e9n\u011b ne\u017e 1 procento schopno odej\u00edt p\u0159es hrani\u010dn\u00ed p\u0159echod Raf\u00e1h na o\u0161et\u0159en\u00ed do zahrani\u010d\u00ed.\u00a0&#8222;Ka\u017ed\u00fd den ztr\u00e1c\u00edme des\u00edtky zran\u011bn\u00fdch v d\u016fsledku nedostate\u010dn\u00e9 l\u00e9\u010dby a zpo\u017ed\u011bn\u00ed p\u0159i jejich odchodu z Gazy,&#8220; \u0159ekl.<\/p>\n<p>\u201eVzhledem k tomu, \u017ee p\u0159ich\u00e1z\u00ed jen zlomek pot\u0159ebn\u00fdch z\u00e1sob potravin, fat\u00e1ln\u00ed nedostatek paliva, p\u0159eru\u0161en\u00ed komunika\u010dn\u00edch syst\u00e9m\u016f a \u017e\u00e1dn\u00e1 bezpe\u010dnost pro na\u0161e zam\u011bstnance nebo pro lidi, kter\u00fdm slou\u017e\u00edme p\u0159i distribuci potravin, nem\u016f\u017eeme d\u011blat svou pr\u00e1ci,\u201c uvedl Sv\u011btov\u00fd\u00a0<a href=\"https:\/\/reliefweb.int\/report\/occupied-palestinian-territory\/statement-wfp-deputy-executive-director-after-visit-gaza\">potravinov\u00fd program (World Food Programme). Z\u00e1stupce v\u00fdkonn\u00e9ho \u0159editele\u00a0WFP<\/a>\u00a0Carl Skau \u0159ekl v p\u00e1tek po n\u00e1v\u0161t\u011bv\u011b P\u00e1sma Gazy, o kter\u00e9 \u0159ekl, \u017ee &#8222;nic m\u011b \u00fapln\u011b nep\u0159ipravilo na strach, chaos a zoufalstv\u00ed, se kter\u00fdmi jsme se setkali.&#8220;<\/p>\n<p>&#8222;Situace je den ode dne hor\u0161\u00ed a hor\u0161\u00ed\u2026 k neuv\u011b\u0159en\u00ed, doslova,&#8220;\u00a0<a href=\"https:\/\/english.wafa.ps\/Pages\/Details\/139933\">\u0159ekl mezit\u00edm v p\u00e1tek<\/a>\u00a0mluv\u010d\u00ed WHO Christian Lindmeier .\u00a0\u201eZdravotn\u00ed syst\u00e9m je na kolenou.\u00a0Gaza si nem\u016f\u017ee dovolit ztratit dal\u0161\u00ed zdravotnick\u00e1 za\u0159\u00edzen\u00ed, dal\u0161\u00ed jedinou sanitku, dal\u0161\u00ed nemocnice\u2026 nebo dokonce jedin\u00e9 nemocni\u010dn\u00ed l\u016f\u017eko nav\u00edc.\u201c<\/p>\n<p>Palestinsk\u00e9 odbojov\u00e9 skupiny a izraelsk\u00e9 pozemn\u00ed s\u00edly hl\u00e1sily krut\u00e9 boje v Jabalia, Deir al-Balah, r\u016fzn\u00fdch \u010dtvrt\u00edch m\u011bsta Gaza a v\u00fdchodn\u011b a severov\u00fdchodn\u011b od Khan Younis.\u00a0Sir\u00e9ny byly sly\u0161et ve m\u011bstech v izraelsk\u00e9 ob\u00e1lce Gazy, severn\u00edm Izraeli a Tel Avivu.<\/p>\n<p>Izraelsk\u00e1 m\u00e9dia uvedla, \u017ee izraelsk\u00e9 s\u00edly provedly dal\u0161\u00ed\u00a0<a href=\"https:\/\/www.jpost.com\/breaking-news\/article-777279\">ne\u00fasp\u011b\u0161n\u00fd pokus o z\u00e1chranu rukojm\u00edch<\/a>\u00a0, druh\u00fd za dva dny.<\/p>\n<p>Podle izraelsk\u00e9ho listu Haaretz\u00a0bylo od 7. \u0159\u00edjna zabito nejm\u00e9n\u011b\u00a0<a href=\"https:\/\/www.haaretz.com\/israel-news\/2023-12-08\/ty-article\/israeli-army-releases-names-of-two-more-soldiers-killed-in-gaza-fighting\/0000018c-48af-d6bd-a1ad-7bfff2930000\">420 izraelsk\u00fdch voj\u00e1k\u016f .<\/a><\/p>\n<p>Izrael\u0161t\u00ed vojen\u0161t\u00ed p\u0159edstavitel\u00e9 mezit\u00edm \u0159ekli\u00a0<a href=\"https:\/\/www.axios.com\/2023\/12\/08\/biden-israel-gaza-city-war-operation-update\">Axios<\/a>\u00a0, \u017ee o\u010dek\u00e1vaj\u00ed, \u017ee f\u00e1ze \u201evysok\u00e9 intenzity\u201c v\u00e1lky v Gaze potrv\u00e1 je\u0161t\u011b nejm\u00e9n\u011b dva m\u011bs\u00edce, ani\u017e by up\u0159esnili, co se m\u016f\u017ee st\u00e1t pot\u00e9.<\/p>\n<h2 class=\"wp-block-heading\"><strong>Z\u00e1padn\u00ed b\u0159eh: Nejm\u00e9n\u011b dva Palestinci byli zabiti<\/strong><\/h2>\n<p>Situace na okupovan\u00e9m Z\u00e1padn\u00edm b\u0159ehu Jord\u00e1nu z\u016fstala napjat\u00e1, palestinsk\u00e9 odbojov\u00e9 skupiny \u00fadajn\u011b \u00fato\u010dily na izraelsk\u00e1 kontroln\u00ed stanovi\u0161t\u011b a vojensk\u00e1 stanovi\u0161t\u011b pobl\u00ed\u017e D\u017ean\u00ednu, D\u017eabal al-Tur a Awarty a zranily\u00a0<a href=\"https:\/\/www.aa.com.tr\/en\/middle-east\/israeli-settler-injured-in-northern-west-bank-shooting-attack\/3077655\">nejm\u00e9n\u011b<\/a>\u00a0jednoho Izraelce.<\/p>\n<p>Dal\u0161\u00ed ozbrojen\u00e9 st\u0159ety byly hl\u00e1\u0161eny v uprchlick\u00e9m t\u00e1bo\u0159e Aqabat Jaber, Qabatiya a star\u00e9m m\u011bst\u011b N\u00e1bulusu.<\/p>\n<p>Izraelsk\u00e9 s\u00edly zast\u0159elily\u00a0<a href=\"https:\/\/english.wafa.ps\/Pages\/Details\/139950\">25let\u00e9ho Sari Yousefa Amra<\/a>\u00a0b\u011bhem no\u010dn\u00ed razie ve m\u011bst\u011b Dura ji\u017en\u011b od Hebronu, p\u0159i kter\u00e9 zadr\u017eely jeho bratra.<\/p>\n<p>Rami Jamal al-Jundub, 25, mezit\u00edm v sobotu podlehl zran\u011bn\u00edm, kter\u00e1 utrp\u011bl o den d\u0159\u00edve b\u011bhem n\u00e1letu izraelsk\u00e9 arm\u00e1dy v uprchlick\u00e9m t\u00e1bo\u0159e al-Faraa, \u010d\u00edm\u017e se po\u010det ob\u011bt\u00ed zv\u00fd\u0161il na sedm Palestinc\u016f zabit\u00fdch izraelsk\u00fdmi silami toho dne.\u00a0<a href=\"https:\/\/www.dci-palestine.org\/israeli_forces_shoot_kill_14_year_old_palestinian_boy_in_al_far_a_refugee_camp\">Defence for Children International \u2013 Palestine<\/a>\u00a0mezit\u00edm ozn\u00e1mila, \u017ee 14let\u00fd chlapec, Maher Abdullah Jawabra, byl mezi zabit\u00fdmi v al-Faraa pot\u00e9, co byl st\u0159elen do hlavy izraelsk\u00fdm odst\u0159elova\u010dem.<\/p>\n<p>Izraelsk\u00e9 s\u00edly mezit\u00edm vyp\u00e1lily \u017eiv\u00e9 kulky, omra\u010duj\u00edc\u00ed gran\u00e1ty a slzn\u00fd plyn\u00a0<a href=\"https:\/\/english.wafa.ps\/Pages\/Details\/139940\">na poh\u0159ebn\u00ed pr\u016fvod<\/a>\u00a0v Bejt Ummar a zranily nejm\u00e9n\u011b jednoho palestinsk\u00e9ho teenagera.\u00a0Nejm\u00e9n\u011b dva dal\u0161\u00ed Palestinci byli zran\u011bni izraelskou palbou ve vesnici\u00a0<a href=\"https:\/\/english.wafa.ps\/Pages\/Details\/139935\">Kafr Ni&#8217;ma<\/a>\u00a0v oblasti Ramall\u00e1hu .<\/p>\n<p>Ve vesnici Qarawet Bani Hassan na severn\u00edm Z\u00e1padn\u00edm b\u0159ehu Jord\u00e1nu izrael\u0161t\u00ed voj\u00e1ci\u00a0<a href=\"https:\/\/english.wafa.ps\/Pages\/Details\/139936\">rozbili pam\u011btn\u00ed desku,<\/a>\u00a0kter\u00e1 byla ned\u00e1vno vzty\u010dena na pam\u00e1tku Ahmeda Assiho, 38let\u00e9ho Palestince zabit\u00e9ho izraelsk\u00fdmi osadn\u00edky 2. prosince.<\/p>\n<p>V okupovan\u00e9m v\u00fdchodn\u00edm Jeruzal\u00e9m\u011b izraelsk\u00e9 s\u00edly napadaly nebo jinak br\u00e1nily v\u011b\u0159\u00edc\u00edm v dosa\u017een\u00ed me\u0161ity Al-Aks\u00e1 ji\u017e dev\u00e1t\u00fd t\u00fdden po sob\u011b, uvedla\u00a0<a href=\"https:\/\/english.wafa.ps\/Pages\/Details\/139930\">tiskov\u00e1 agentura WAFA<\/a>\u00a0.<\/p>\n<p><span style=\"font-size: 10pt;\"><em><strong>\u00davodn\u00ed fotografie:<\/strong> Z\u00c1STUPCE VELVYSLANCE USA P\u0158I OSN ROBERT WOOD ZVEDNE RUKU, ABY VETOVAL N\u00c1VRH REZOLUCE RADY BEZPE\u010cNOSTI, KTER\u00c1 BY PO\u017dADOVALA OKAM\u017dIT\u00c9 HUMANIT\u00c1RN\u00cd P\u0158\u00cdM\u011a\u0158\u00cd V GAZE A OKAM\u017dIT\u00c9 A BEZPODM\u00cdNE\u010cN\u00c9 PROPU\u0160T\u011aN\u00cd V\u0160ECH ZAJATC\u016e, 8. PROSINCE 2023. (FOTO: ZPRAVODAJSK\u00c1 SLU\u017dBA OSN )<\/em><\/span><\/p>\n<p><img decoding=\"async\" loading=\"lazy\" class=\"alignnone size-full wp-image-1185\" src=\"http:\/\/www.infokuryr.cz\/n\/wp-content\/uploads\/2021\/04\/kuryr-podpis.png\" alt=\"\" width=\"84\" height=\"24\" \/><\/p>\n<p>&nbsp;<\/p>\n<p>&nbsp;<\/p>\n","protected":false},"excerpt":{"rendered":"<p>Spojen\u00e9 st\u00e1ty byly jedin\u00fdm \u010dlenem Rady bezpe\u010dnosti, kter\u00fd hlasoval proti rezoluci vyz\u00fdvaj\u00edc\u00ed k okam\u017eit\u00e9mu humanit\u00e1rn\u00edmu&#8230;<\/p>\n","protected":false},"author":2,"featured_media":42144,"comment_status":"closed","ping_status":"closed","sticky":false,"template":"","format":"standard","meta":[],"categories":[7],"tags":[348,178,107,186,1408,37],"_links":{"self":[{"href":"https:\/\/www.infokuryr.cz\/n\/wp-json\/wp\/v2\/posts\/42142"}],"collection":[{"href":"https:\/\/www.infokuryr.cz\/n\/wp-json\/wp\/v2\/posts"}],"about":[{"href":"https:\/\/www.infokuryr.cz\/n\/wp-json\/wp\/v2\/types\/post"}],"author":[{"embeddable":true,"href":"https:\/\/www.infokuryr.cz\/n\/wp-json\/wp\/v2\/users\/2"}],"replies":[{"embeddable":true,"href":"https:\/\/www.infokuryr.cz\/n\/wp-json\/wp\/v2\/comments?post=42142"}],"version-history":[{"count":1,"href":"https:\/\/www.infokuryr.cz\/n\/wp-json\/wp\/v2\/posts\/42142\/revisions"}],"predecessor-version":[{"id":42143,"href":"https:\/\/www.infokuryr.cz\/n\/wp-json\/wp\/v2\/posts\/42142\/revisions\/42143"}],"wp:featuredmedia":[{"embeddable":true,"href":"https:\/\/www.infokuryr.cz\/n\/wp-json\/wp\/v2\/media\/42144"}],"wp:attachment":[{"href":"https:\/\/www.infokuryr.cz\/n\/wp-json\/wp\/v2\/media?parent=42142"}],"wp:term":[{"taxonomy":"category","embeddable":true,"href":"https:\/\/www.infokuryr.cz\/n\/wp-json\/wp\/v2\/categories?post=42142"},{"taxonomy":"post_tag","embeddable":true,"href":"https:\/\/www.infokuryr.cz\/n\/wp-json\/wp\/v2\/tags?post=42142"}],"curies":[{"name":"wp","href":"https:\/\/api.w.org\/{rel}","templated":true}]}}