{"id":4214,"date":"2021-08-21T05:02:44","date_gmt":"2021-08-21T03:02:44","guid":{"rendered":"http:\/\/www.infokuryr.cz\/n\/?p=4214"},"modified":"2021-08-21T05:25:53","modified_gmt":"2021-08-21T03:25:53","slug":"brusel-evropske-centrum-zla-symbioza-revolucionaru-muslimu-a-zlocincu","status":"publish","type":"post","link":"https:\/\/www.infokuryr.cz\/n\/2021\/08\/21\/brusel-evropske-centrum-zla-symbioza-revolucionaru-muslimu-a-zlocincu\/","title":{"rendered":"Brusel: Evropsk\u00e9 centrum zla. Symbi\u00f3za revolucion\u00e1\u0159\u016f, muslim\u016f a zlo\u010dinc\u016f"},"content":{"rendered":"<div id=\"fb-root\"><\/div>\n<p>Belgie je zvl\u00e1\u0161tn\u00ed zem\u011b. Pokud nav\u0161t\u00edv\u00edte ofici\u00e1ln\u00ed zpravodajsk\u00e9 port\u00e1ly, nabudete dojmu, \u017ee se ve\u0159ejnost \u00a0zaj\u00edm\u00e1 v\u00fdlu\u010dn\u011b o r\u016fzn\u00e9 aspekty &#8222;pokroku&#8220; a &#8230; o sport. Dominantn\u00edmi t\u00e9maty jsou feminismus, diverzita, multikulturalismus, probl\u00e9my LGBT komunity, BLM, zpest\u0159en\u00e9 nanejv\u00fd\u0161 informacemi o koronaviru.\u00a0Krom\u011b toho je tam rozs\u00e1hl\u00e1 sportovn\u00ed sekce, kter\u00e1 m\u00e1 pravd\u011bpodobn\u011b slou\u017eit jako jak\u00fdsi &#8222;ventil&#8220;.<\/p>\n<p>Je zaj\u00edmav\u00e9, \u017ee mnoh\u00e9 kanadsk\u00e9 zpravodajsk\u00e9 port\u00e1ly jsou na tom podobn\u011b. Rozd\u00edl je v tom, \u017ee v Belgii dominuje fotbal a cyklistika &#8211; a v Kanad\u011b hokej. Ob\u011b zem\u011b a jejich vl\u00e1dy v\u0161ak pat\u0159\u00ed na \u010delo progresivismu.<\/p>\n<p>Hlavn\u00ed m\u011bsto Belgie se kv\u016fli tomu, \u017ee v n\u011bm s\u00eddl\u00ed instituce EU, stalo mimo\u0159\u00e1dn\u011b &#8222;diverzitn\u00edm&#8220; &#8230; nechci p\u0159\u00edmo \u0159\u00edci &#8222;internacionalistick\u00fdm&#8220; m\u011bstem. Z\u00e1rove\u0148 v n\u011bm \u017eije mno\u017estv\u00ed muslim\u016f, co\u017e spolu vytv\u00e1\u0159\u00ed podivn\u00fd\u00a0tav\u00edc\u00ed kotel politick\u00e9 korektnosti a politick\u00e9ho islamismu.<\/p>\n<p>V Bruselu nap\u0159\u00edklad existuje\u00a0<a href=\"https:\/\/translate.google.com\/website?sl=auto&amp;tl=cs&amp;ajax=1&amp;elem=1&amp;se=1&amp;u=https:\/\/www.wikiwand.com\/en\/European_Network_Against_Racism\">ENAR<\/a>\u00a0(Evropsk\u00e1 s\u00ed\u0165 proti rasismu).\u00a0Tato organizace sdru\u017euje a koordinuje sektorov\u00e9 aktivity antiislamofobn\u00edch, neofeministick\u00fdch, antirasistick\u00fdch a dekolonialistick\u00fdch sdru\u017een\u00ed v \u010dlensk\u00fdch st\u00e1tech EU.\u00a0Jej\u00ed lobbist\u00e9 jsou velmi aktivn\u00ed a pravideln\u011b jsou p\u0159ij\u00edm\u00e1ni Evropskou komis\u00ed, zvl\u00e1\u0161t\u011b Helenou Dalliovou, komisa\u0159kou pro rovnost.\u00a0S\u00ed\u0165 organizuje \u0161kolen\u00ed pro novin\u00e1\u0159e, st\u00e1tn\u00ed \u00fa\u0159edn\u00edky, spolupracuje s v\u011bdci a poslanci.\u00a0ENAR tvrd\u00ed, \u017ee jej\u00ed vize &#8222;<em>spole\u010dnosti zohled\u0148uje pot\u0159ebu rovnosti a rozmanitosti a p\u0159ednosti Evropy bez rasismu<\/em>&#8222;.\u00a0Takto uml\u010duje kritiku tvrzen\u00edm, \u017ee jej\u00ed \u010dinnost zaji\u0161\u0165uje &#8222;<em>dynamick\u00fd rozvoj evropsk\u00e9 spole\u010dnosti a hospod\u00e1\u0159stv\u00ed<\/em>&#8222;.\u00a0S\u00ed\u0165 v\u0161ak zahrnuje celou \u0159adu islamistick\u00fdch organizac\u00ed, z nich\u017e t\u00e9m\u011b\u0159 v\u0161echny jsou napojeny na Muslimsk\u00e9 bratrstvo.<\/p>\n<h2>Expanze bez odporu<\/h2>\n<p>Je to p\u0159\u00edzniv\u00e1 a \u017eivn\u00e1 p\u016fda pro islamismus v Evrop\u011b.\u00a0Profesorka\u00a0<a href=\"https:\/\/translate.google.com\/website?sl=auto&amp;tl=cs&amp;ajax=1&amp;elem=1&amp;se=1&amp;u=https:\/\/www.wikiwand.com\/fr\/Florence_Bergeaud-Blackler\">Florence Bergeaudov\u00e1-Blacklerov\u00e1<\/a>\u00a0z CNRS (N\u00e1rodn\u00ed centrum pro v\u011bdeck\u00fd v\u00fdzkum) a EPHE (\u00c9cole Pratique des Hautes etudy &#8211; Praktick\u00e1 \u0161kola pro pokro\u010dil\u00e9 studium) ned\u00e1vno poskytla rozhovor t\u00fdden\u00edku\u00a0<em>L&#8217;Express<\/em>.\u00a0Mimo jin\u00e9 uvedla, \u017ee &#8222;<em>islamismus, stejn\u011b jako isl\u00e1m, je v Belgii p\u0159\u00edtomen ji\u017e p\u0159ibli\u017en\u011b \u010dty\u0159icet let d\u00edky imigraci z Maroka a Turecka<\/em>&#8222;.\u00a0Postupuje podle principu &#8222;m\u00edrov\u00e9ho dob\u00fdv\u00e1n\u00ed&#8220;, p\u0159i\u010dem\u017e vyu\u017e\u00edv\u00e1 nevl\u00e1dn\u00ed organizace, lobov\u00e1n\u00ed a kulturn\u00ed sdru\u017een\u00ed.\u00a0Profesorka dodala, \u017ee ji\u017e v 80. letech se Muslimsk\u00e9 bratrstvo zam\u011b\u0159ilo na Brusel a ozna\u010dilo ho za &#8222;m\u011bkk\u00fd podb\u0159i\u0161ek Evropy&#8220;.\u00a0Bergeaudov\u00e1-Blacklerov\u00e1 se domn\u00edv\u00e1, \u017ee p\u0159ibli\u017en\u011b do deseti let se m\u011bsto stane &#8222;centrem islamismu v Evrop\u011b&#8220;.<\/p>\n<p><strong>Belgick\u00e1 vl\u00e1da a bruselsk\u00e9 \u00fa\u0159ady nic nepodnikaj\u00ed proti posilov\u00e1n\u00ed islamismu, naopak mu pom\u00e1haj\u00ed politikou, kter\u00e1 takzvan\u011b podporuje soci\u00e1ln\u00ed &#8222;rozmanitost&#8220;. Dokonce i samotn\u00e9 t\u00e9ma v\u00fdvoje islamismu se stalo velmi komplikovan\u00fdm, vysv\u011btluje v\u00fdzkumnice. Belgi\u010dan\u00e9 se u\u017e ani neodva\u017euj\u00ed pou\u017e\u00edvat v\u00fdraz &#8222;muslimov\u00e9&#8220; a nahrazuj\u00ed ho v\u00fdrazy &#8222;p\u0159edstavitel\u00e9 rozmanitosti&#8220; nebo &#8222;multikulturalismu&#8220;. Fale\u0161n\u00e9 Muhammadovo n\u00e1bo\u017eenstv\u00ed je tabuizovan\u00fdm t\u00e9matem a Brusel spolupracuje s kvazi islamistick\u00fdmi organizacemi v \u00fadajn\u00e9m p\u0159esv\u011bd\u010den\u00ed, \u017ee to povede k m\u00edrov\u00e9 integraci muslim\u016f a evolu\u010dn\u00ed aklimatizaci t\u00e9to komunity.<\/strong>\u00a0Florence Bergeaudov\u00e1-Blacklerov\u00e1 dod\u00e1v\u00e1, \u017ee levicov\u00ed politici, od zelen\u00fdch a\u017e po socialisty, stoj\u00ed za politikou spikleneck\u00e9ho ml\u010den\u00ed o tomto probl\u00e9mu.<\/p>\n<p>Muslimsk\u00e9 bratrstvo funguje &#8222;m\u00edrumilovn\u011b&#8220;, ale do soci\u00e1ln\u00ed struktury se dost\u00e1v\u00e1 prost\u0159ednictv\u00edm nevl\u00e1dn\u00edch organizac\u00ed a charitativn\u00edch sdru\u017een\u00ed, kter\u00e9 pom\u00e1haj\u00ed ob\u011btem, \u0159\u00edd\u00ed vzd\u011bl\u00e1vac\u00ed, pe\u010dovatelsk\u00e9 a obchodn\u00ed instituce.\u00a0V Bruselu se op\u00edr\u00e1 o men\u0161iny.\u00a0Do s\u00edt\u011b jsou zapojeny i gangy zam\u011b\u0159en\u00e9 na obchodov\u00e1n\u00ed s drogami.\u00a0Maj\u00ed za sebou cel\u00e9 komunity, nap\u0159\u00edklad v Molenbeeku.<\/p>\n<p>Existuje zde &#8222;kultura ml\u010den\u00ed&#8220;, faktick\u00e1 omerta. Soci\u00e1ln\u00ed slu\u017eby st\u00e1tu jim umo\u017e\u0148uj\u00ed \u0159e\u0161en\u00ed probl\u00e9m\u016f jako &#8222;v rodin\u011b&#8220; v muslimsk\u00e9 komunit\u011b.\u00a0M\u00e9dia maj\u00ed roucho politick\u00e9 korektnosti, samotn\u00e1 policie je na mu\u0161ce levice.<\/p>\n<p>Ned\u00e1vno ve\u0161la ve zn\u00e1most pr\u00e1ce francouzsk\u00e9ho akademika o situaci v Belgii s n\u00e1zvem\u00a0<em>Skryt\u00fd islamismus<\/em>.\u00a0Jej\u00edmi spoluautory jsou v\u00fdzkumn\u00edci z\u00a0<em>Observato\u0159e fundamentalismu<\/em>, kter\u00e1 byla zalo\u017eena p\u0159ed rokem.\u00a0Bergeaudov\u00e1-Blacklerov\u00e1 vysv\u011btluje, jak a pro\u010d se n\u011bkter\u00e9 \u010dtvrti v hlavn\u00edm m\u011bst\u011b staly &#8222;centry islamismu v Evrop\u011b&#8220;.\u00a0Mluv\u00ed o &#8222;fundamentalistick\u00e9 bublin\u011b&#8220;, kterou naz\u00fdv\u00e1\u00a0<em>Bruxellistan<\/em>\u00a0&#8211; je\u0161t\u011b rozvinut\u011bj\u0161\u00ed ne\u017e\u00a0<em>Londonistan.<\/em><\/p>\n<h2>Sponzorovan\u00ed Evropskou uni\u00ed<\/h2>\n<p>Islamismus, kter\u00fd je v tomto m\u011bst\u011b zako\u0159en\u011bn, je dokonce schopen prost\u0159ednictv\u00edm sv\u00e9 lobby z\u00edsk\u00e1vat fondy EU. Jak zve\u0159ejnilo n\u011bkolik evropsk\u00fdch m\u00e9di\u00ed, v\u010detn\u011b n\u011bmeck\u00e9ho\u00a0<em>Die Welt<\/em>, extremistick\u00e1 sdru\u017een\u00ed dost\u00e1vaj\u00ed nemal\u00e9 finan\u010dn\u00ed prost\u0159edky. Jen v roce 2019 dostala organizace\u00a0<em>Islamic Relief Germany (<\/em>kter\u00e1 m\u00e1 bl\u00edzko k Muslimsk\u00e9mu bratrstvu) od Evropsk\u00e9 komise 712 tis\u00edc eur. Za t\u011bmito granty stoj\u00ed nap\u0159\u00edklad Gener\u00e1ln\u00ed \u0159editelstv\u00ed Evropsk\u00e9 komise pro civiln\u00ed ochranu a humanit\u00e1rn\u00ed pomoc (ECHO). P\u0159esto\u017ee &#8222;hodnoty&#8220; t\u011bchto organizac\u00ed sotva lze pova\u017eovat za shodn\u00e9 s &#8222;hodnotami EU&#8220;, p\u0159esto jim byrokrati pen\u00edze bez v\u00fdhrad vyplatily.<\/p>\n<p>Teoreticky by se nevl\u00e1dn\u00ed organizace m\u011bla \u0159\u00eddit ur\u010dit\u00fdmi krit\u00e9rii. Sta\u010d\u00ed v\u0161ak skr\u00fdt sv\u00e9 skute\u010dn\u00e9 c\u00edle a apelovat nap\u0159\u00edklad na charitativn\u00ed \u00fa\u010dely &#8211; a pen\u00edze se najdou. P\u0159\u00edpad\u00a0<a href=\"https:\/\/translate.google.com\/website?sl=auto&amp;tl=cs&amp;ajax=1&amp;elem=1&amp;se=1&amp;u=https:\/\/www.wikiwand.com\/en\/Islamic_Relief\"><em>Islamic Relief Worldwide<\/em><\/a>\u00a0(Celosv\u011btov\u00e1 Isl\u00e1msk\u00e1 Pomoc) je velmi p\u0159\u00edzna\u010dn\u00fd. Teoreticky jde o humanit\u00e1rn\u00ed nevl\u00e1dn\u00ed organizaci, ale u\u017e dvacet let jsou jej\u00ed n\u00e1rodn\u00ed pobo\u010dky obvi\u0148ov\u00e1ny z propojen\u00ed na teroristick\u00e9 s\u00edt\u011b. Ministerstvo zahrani\u010d\u00ed USA dokonce obvinilo IRW z antisemitismu. Francie, \u0160v\u00fdcarsko, Nizozemsko a N\u011bmecko rovn\u011b\u017e konstatovaly propojen\u00ed t\u00e9to isl\u00e1msk\u00e9 &#8222;sv\u00e9pomocn\u00e9&#8220; skupiny na Muslimsk\u00e9 bratrstvo. \u0160v\u00e9dsko poskytlo organizaci\u00a0<em>Islamic Relief Worldwide\u00a0<\/em>2,1 milionu dolar\u016f na &#8222;podporu humanit\u00e1rn\u00ed \u010dinnosti&#8220; v Gaze. Pen\u00edze proud\u00ed ze v\u0161ech stran, nemluv\u011b o samotn\u00fdch arabsk\u00fdch zem\u00edch.<\/p>\n<p>I Essam El-Haddad, spoluzakladatel organizace\u00a0<em>Islamic Relief Worldwide<\/em>\u00a0a b\u00fdval\u00fd spr\u00e1vce t\u00e9to organizace ve Spojen\u00e9m kr\u00e1lovstv\u00ed, byl vysok\u00fdm p\u0159edstavitelem Muslimsk\u00e9ho bratrstva, podobn\u011b jako Ahmed Al-Rawi, b\u00fdval\u00fd \u0159editel IRW a b\u00fdval\u00fd p\u0159edseda Evropsk\u00e9 bratrsk\u00e9 organizace (IBEW). Kan\u00e1lem financov\u00e1n\u00ed ideologie Bratrstva jsou granty a podpora organizac\u00ed specializovan\u00fdch na boj proti rasismu, diskriminaci a islamofobii.\u00a0Zd\u00e1 se, \u017ee symbi\u00f3ze ideologick\u00e9ho progresivizmu a islamismu se da\u0159\u00ed.\u00a0N\u011bkte\u0159\u00ed doufaj\u00ed, \u017ee pomohou svrhnout tradi\u010dn\u00ed hodnoty Evropy a vytvo\u0159it nov\u00fd \u0159\u00e1d a &#8222;nov\u00e9ho \u010dlov\u011bka&#8220;, jin\u00ed doufaj\u00ed v evolu\u010dn\u00ed &#8222;dobyt\u00ed&#8220; star\u00e9ho kontinentu s pomoc\u00ed &#8222;u\u017eite\u010dn\u00fdch idiot\u016f&#8220;.<\/p>\n<p>Ostatn\u00edch vzru\u0161uje pouze fotbal a Tour de France&#8230;<\/p>\n<p><b><span class=\"autor\">Bogdan Dobosz<\/span><\/b><\/p>\n<p><a href=\"https:\/\/www.christianitas.sk\/ako-sa-brusel-stal-centrom-islamizmu-bruselska-symbioza-ideologickeho-progresivizmu-a-islamizmu\/\">ZDROJ<\/a><\/p>\n<p>&nbsp;<\/p>\n<p>&nbsp;<\/p>\n","protected":false},"excerpt":{"rendered":"<p>Belgie je zvl\u00e1\u0161tn\u00ed zem\u011b. Pokud nav\u0161t\u00edv\u00edte ofici\u00e1ln\u00ed zpravodajsk\u00e9 port\u00e1ly, nabudete dojmu, \u017ee se ve\u0159ejnost \u00a0zaj\u00edm\u00e1&#8230;<\/p>\n","protected":false},"author":2,"featured_media":4218,"comment_status":"closed","ping_status":"closed","sticky":false,"template":"","format":"standard","meta":[],"categories":[7],"tags":[640,41,91,44],"_links":{"self":[{"href":"https:\/\/www.infokuryr.cz\/n\/wp-json\/wp\/v2\/posts\/4214"}],"collection":[{"href":"https:\/\/www.infokuryr.cz\/n\/wp-json\/wp\/v2\/posts"}],"about":[{"href":"https:\/\/www.infokuryr.cz\/n\/wp-json\/wp\/v2\/types\/post"}],"author":[{"embeddable":true,"href":"https:\/\/www.infokuryr.cz\/n\/wp-json\/wp\/v2\/users\/2"}],"replies":[{"embeddable":true,"href":"https:\/\/www.infokuryr.cz\/n\/wp-json\/wp\/v2\/comments?post=4214"}],"version-history":[{"count":0,"href":"https:\/\/www.infokuryr.cz\/n\/wp-json\/wp\/v2\/posts\/4214\/revisions"}],"wp:featuredmedia":[{"embeddable":true,"href":"https:\/\/www.infokuryr.cz\/n\/wp-json\/wp\/v2\/media\/4218"}],"wp:attachment":[{"href":"https:\/\/www.infokuryr.cz\/n\/wp-json\/wp\/v2\/media?parent=4214"}],"wp:term":[{"taxonomy":"category","embeddable":true,"href":"https:\/\/www.infokuryr.cz\/n\/wp-json\/wp\/v2\/categories?post=4214"},{"taxonomy":"post_tag","embeddable":true,"href":"https:\/\/www.infokuryr.cz\/n\/wp-json\/wp\/v2\/tags?post=4214"}],"curies":[{"name":"wp","href":"https:\/\/api.w.org\/{rel}","templated":true}]}}