{"id":4211,"date":"2021-08-21T04:41:42","date_gmt":"2021-08-21T02:41:42","guid":{"rendered":"http:\/\/www.infokuryr.cz\/n\/?p=4211"},"modified":"2021-08-21T04:41:42","modified_gmt":"2021-08-21T02:41:42","slug":"neskutecna-tragedie-behem-treninku-zemrel-18lety-slovensky-reprezentant-v-cyklistice","status":"publish","type":"post","link":"https:\/\/www.infokuryr.cz\/n\/2021\/08\/21\/neskutecna-tragedie-behem-treninku-zemrel-18lety-slovensky-reprezentant-v-cyklistice\/","title":{"rendered":"Neskute\u010dn\u00e1 trag\u00e9die: B\u011bhem tr\u00e9ninku zem\u0159el 18let\u00fd slovensk\u00fd reprezentant v cyklistice"},"content":{"rendered":"<div id=\"fb-root\"><\/div>\n<p><strong>P\u0159i tr\u00e9ninku v okol\u00ed Tren\u010d\u00edna zem\u0159el\u00a0 ve \u010dtvrtek 19. srpna, osmn\u00e1ctilet\u00fd talentovan\u00fd cyklista a slovensk\u00fd juniorsk\u00fd reprezentant R\u00f3bert Nagy mlad\u0161\u00ed. Mlad\u00fd cyklista byl synem b\u00fdval\u00e9ho slovensk\u00e9ho reprezentanta a mistra republiky v \u010dasovce jednotlivc\u016f na cest\u011b z roku 2003, R\u00f3berta Nagye.<\/strong><\/p>\n<p>Pokud jde o p\u0159\u00ed\u010dinu tragick\u00e9ho \u00famrt\u00ed tohoto nadan\u00e9ho mlad\u00edka, informace se r\u016fzn\u00ed. N\u011bkter\u00e9 zdroje tvrd\u00ed, \u017ee za t\u00edm byla\u00a0<strong>nehoda<\/strong>. Cyklistu m\u011bl srazit kamion. <strong>Dal\u0161\u00ed zdroje v\u0161ak hovo\u0159\u00ed o z\u00e1stav\u011b srdce.<\/strong><\/p>\n<p>Nicm\u00e9n\u011b, informace o smrti Nagye mlad\u0161\u00edho potvrdilo ji\u017e n\u011bkolik zdroj\u016f z okol\u00ed rodiny.<\/p>\n<p>P\u0159ipome\u0148me, \u017ee R\u00f3bert Nagy byl \u010dlenem t\u00fdmu Sl\u00e1via Tren\u010d\u00edn Cycling Academy, ro\u010dn\u00edk 2003. Sladk\u00fdch 18 let oslavil teprve v kv\u011btnu tohoto roku. V sou\u010dasnosti se p\u0159ipravoval na sv\u016fj\u00a0p\u0159estup\u00a0do italsk\u00e9ho t\u00fdmu. R\u00f3bert Nagy m\u011bl bratra Simona, kter\u00fd je tak\u00e9 cyklistou a reprezentantem Slovenska.<\/p>\n<p><strong>Z\u00e1rove\u0148 R\u00f3ber Nagy absolvoval ob\u011b dv\u011b d\u00e1vky o\u010dkov\u00e1n\u00ed proti Covid-19!!! Tak\u017ee\u00a0 si ka\u017ed\u00fd ud\u011blejte obr\u00e1zek s\u00e1m.\u00a0<\/strong><\/p>\n<p><a href=\"https:\/\/cz.sputniknews.com\/20210819\/neskutecna-tragedie-behem-treninku-zemrel-18lety-slovensky-reprezentant-v-cyklistice-15551964.html\">ZDROJ<\/a><\/p>\n<p>&nbsp;<\/p>\n","protected":false},"excerpt":{"rendered":"<p>P\u0159i tr\u00e9ninku v okol\u00ed Tren\u010d\u00edna zem\u0159el\u00a0 ve \u010dtvrtek 19. srpna, osmn\u00e1ctilet\u00fd talentovan\u00fd cyklista a slovensk\u00fd&#8230;<\/p>\n","protected":false},"author":2,"featured_media":1978,"comment_status":"closed","ping_status":"closed","sticky":false,"template":"","format":"standard","meta":[],"categories":[7],"tags":[213,203,474,1066],"_links":{"self":[{"href":"https:\/\/www.infokuryr.cz\/n\/wp-json\/wp\/v2\/posts\/4211"}],"collection":[{"href":"https:\/\/www.infokuryr.cz\/n\/wp-json\/wp\/v2\/posts"}],"about":[{"href":"https:\/\/www.infokuryr.cz\/n\/wp-json\/wp\/v2\/types\/post"}],"author":[{"embeddable":true,"href":"https:\/\/www.infokuryr.cz\/n\/wp-json\/wp\/v2\/users\/2"}],"replies":[{"embeddable":true,"href":"https:\/\/www.infokuryr.cz\/n\/wp-json\/wp\/v2\/comments?post=4211"}],"version-history":[{"count":0,"href":"https:\/\/www.infokuryr.cz\/n\/wp-json\/wp\/v2\/posts\/4211\/revisions"}],"wp:featuredmedia":[{"embeddable":true,"href":"https:\/\/www.infokuryr.cz\/n\/wp-json\/wp\/v2\/media\/1978"}],"wp:attachment":[{"href":"https:\/\/www.infokuryr.cz\/n\/wp-json\/wp\/v2\/media?parent=4211"}],"wp:term":[{"taxonomy":"category","embeddable":true,"href":"https:\/\/www.infokuryr.cz\/n\/wp-json\/wp\/v2\/categories?post=4211"},{"taxonomy":"post_tag","embeddable":true,"href":"https:\/\/www.infokuryr.cz\/n\/wp-json\/wp\/v2\/tags?post=4211"}],"curies":[{"name":"wp","href":"https:\/\/api.w.org\/{rel}","templated":true}]}}