{"id":42097,"date":"2023-12-09T05:49:52","date_gmt":"2023-12-09T04:49:52","guid":{"rendered":"http:\/\/www.infokuryr.cz\/n\/?p=42097"},"modified":"2023-12-09T05:49:52","modified_gmt":"2023-12-09T04:49:52","slug":"na-ukrajinskych-socialnich-sitich-se-siri-vybusna-nahravka-zelenskeho-a-jeho-manzelky-oleny","status":"publish","type":"post","link":"https:\/\/www.infokuryr.cz\/n\/2023\/12\/09\/na-ukrajinskych-socialnich-sitich-se-siri-vybusna-nahravka-zelenskeho-a-jeho-manzelky-oleny\/","title":{"rendered":"Na ukrajinsk\u00fdch soci\u00e1ln\u00edch s\u00edt\u00edch se \u0161\u00ed\u0159\u00ed v\u00fdbu\u0161n\u00e1 nahr\u00e1vka Zelensk\u00e9ho a jeho man\u017eelky Oleny&#8230;"},"content":{"rendered":"<div id=\"fb-root\"><\/div>\n<h4>Na ukrajinsk\u00fdch soci\u00e1ln\u00edch s\u00edt\u00edch se \u0161\u00ed\u0159\u00ed v\u00fdbu\u0161n\u00e1 nahr\u00e1vka Zelensk\u00e9ho a jeho man\u017eelky Oleny, kde spolu hovo\u0159\u00ed o korupci na Ukrajin\u011b! Autenticita nahr\u00e1vky nebyla potvrzena a m\u016f\u017ee j\u00edt o podvrh, ale situace v Kyjev\u011b je kritick\u00e1 a pokud z USA nep\u0159ijdou okam\u017eit\u011b pen\u00edze na v\u00fdplaty voj\u00e1k\u016f, tak ukrajinsk\u00e1 arm\u00e1da p\u0159estane bojovat! Britsk\u00fd Telegraph u\u017e napsal, \u017ee Evropa se chyst\u00e1 na to, \u017ee Ukrajina v\u00e1lku prohraje!<\/h4>\n<p>Pr\u00e1v\u011b spu\u0161t\u011bn\u00e1 celoplo\u0161n\u00e1 mobilizace na Ukrajin\u011b pro mu\u017ee od 17 do 70 let spojen\u00e1 s dobrovolnou n\u00e1borovou kampan\u00ed i pro mu\u017ee nad 70 let a pro \u017eeny od 18 do 60 let v\u011bku s sebou nese prvn\u00ed po\u010d\u00e1tky lidov\u00fdch nepokoj\u016f, kdy se Ukrajinci stav\u00ed na odpor odvodov\u00fdm komisa\u0159\u016fm u\u017e ve velk\u00fdch skupin\u00e1ch, proto\u017ee\u00a0<strong>v Kyjev\u011b a ve velk\u00fdch ukrajinsk\u00fdch m\u011bstech se za\u010dala \u0161\u00ed\u0159it informace, \u017ee Zelensk\u00fd brzy rezignuje a v\u00e1lka skon\u010d\u00ed, proto Ukrajinci necht\u011bj\u00ed j\u00edt na frontu<\/strong>\u00a0a zahynout kr\u00e1tce p\u0159ed koncem v\u00e1lky.<\/p>\n<p>To byla obrovsk\u00e1 sm\u016fla zahynout p\u0159ed ukon\u010den\u00edm konfliktu, kdy\u017e se zd\u00e1 b\u00fdt tak bl\u00edzko. To by byla opravdu \u0161patn\u00e1 volba. Nen\u00ed proto divu, \u017ee se na ukrajinsk\u00e9 soci\u00e1ln\u00ed s\u00edt\u011b, kter\u00e9 je\u0161t\u011b ned\u00e1vno fanaticky hnaly do v\u00edt\u011bzn\u00e9 v\u00e1lky proti Rusku, najednou za\u010d\u00ednaj\u00ed obracet proti Zelensk\u00e9mu. Pr\u00e1v\u011b na ukrajinsk\u00fdch kan\u00e1lech Telegramu se za\u010dalo \u0161\u00ed\u0159it video, jeho\u017e autenticita zat\u00edm nebyla potvrzena a m\u016f\u017ee j\u00edt o podvrh.<\/p>\n<p>&nbsp;<\/p>\n<div id=\"rumble_v3xp6ia\">\n<div id=\"vid_v3xp6ia\" class=\"rumble_v3xp6ia-Rumble-cls\" tabindex=\"-1\">\n<div>\n<div class=\"bigPlayUI ctp\">\n<div class=\"bigPlayUIInner ctp\"><div class='videoWrapper'>\r\n\t            <iframe src='https:\/\/rumble.com\/embed\/pj.v3xp6ia\/' frameborder='0' allowfullscreen><\/iframe>\r\n\t        <\/div><\/div>\n<\/div>\n<\/div>\n<\/div>\n<\/div>\n<p>&nbsp;<\/p>\n<p>V dne\u0161n\u00ed dob\u011b je mo\u017en\u00e9 falzifikovat prakticky cokoliv, v\u010detn\u011b nahr\u00e1vek, tak\u017ee uniklou nahr\u00e1vku Zelensk\u00e9ho s jeho \u017eenou Olenou je pot\u0159eba br\u00e1t opatrn\u011b, ale zat\u00edm nikde nedo\u0161lo k odm\u00edtnut\u00ed nahr\u00e1vky, ani prezidentsk\u00e1 kancel\u00e1\u0159 v Kyjev\u011b na existenci unikl\u00e9 nahr\u00e1vky zat\u00edm nereagovala, tak\u017ee nen\u00ed vylou\u010deno, \u017ee nahr\u00e1vka je autentick\u00e1 a byla po\u0159\u00edzena n\u011bjak\u00fdm zam\u011bstnancem prezidentsk\u00e9 kancel\u00e1\u0159e, anebo byla po\u0159\u00edzena p\u0159\u00edmo SBU s c\u00edlem diskreditovat Zelensk\u00e9ho.<\/p>\n<p>Podle rusk\u00fdch novin\u00e1\u0159\u016f pr\u00fd m\u016f\u017ee j\u00edt o nahr\u00e1vku del\u0161\u00edho rozhovoru z po\u010d\u00e1tku t\u00fddne, kdy prob\u00edhala telefonick\u00e1 komunikace mezi Zelensk\u00fdm a ministrem zahrani\u010d\u00ed USA Antony Blinkenem kv\u016fli ne\u00fasp\u011b\u0161n\u00e9mu schvalov\u00e1n\u00ed bal\u00edku v\u00edce ne\u017e 100 miliard USD pro Ukrajinu a Izrael, kter\u00fd se zasekl na republik\u00e1nsk\u00e9m odporu v Sen\u00e1tu americk\u00e9ho kongresu.<\/p>\n<h6><span style=\"font-size: 18pt;\">Korupce je motorem v\u00e1lky na Ukrajin\u011b, vysv\u011btlil Zelensk\u00fd sv\u00e9 man\u017eelce<\/span><\/h6>\n<p>Zelensk\u00fd v nahr\u00e1vce vysv\u011btluje Olen\u011b v roz\u010d\u00edlen\u00ed, \u017ee pr\u00e1v\u011b dohovo\u0159il s Blinkenem, a ten mu tlumo\u010dil \u017e\u00e1dost prezidenta Bidena, aby Zelensk\u00fd n\u011bco za\u010dal d\u011blat s korupc\u00ed v ukrajinsk\u00e9 arm\u00e1d\u011b. Zelensk\u00fd sprost\u011b nad\u00e1v\u00e1 a man\u017eelce \u0159e\u010dnicky vysv\u011btluje, \u017ee tohle, co po n\u011bm cht\u011bj\u00ed z USA, nejde splnit, proto\u017ee cel\u00e1 administrativa v Kyjev\u011b by se zhroutila bez korupce.\u00a0<strong>N\u00e1sledn\u011b komentuje stav na front\u011b, \u017ee jenom bl\u00e1zni jdou do v\u00e1lky um\u00edrat pro ideu, tedy pro my\u0161lenku svobodn\u00e9 Ukrajiny.<\/strong>\u00a0Naprosto v\u0161ichni tam do t\u00e9 v\u00e1lky jdou kv\u016fli pen\u011bz\u016fm, naprosto v\u0161ichni. A pokud USA nepo\u0161lou pen\u00edze, tak nebude na v\u00fdplaty voj\u00e1k\u016fm a v\u00e1lka skon\u010d\u00ed. Ano, to je naprost\u00e1 pravda a realita.<\/p>\n<figure id=\"attachment_57939\" class=\"wp-caption aligncenter\" style=\"width: 696px;\"><a href=\"https:\/\/aeronet.news\/wp-content\/uploads\/OlenaVolodymyrZelensky.jpg\"><img decoding=\"async\" loading=\"lazy\" class=\"wp-image-57939 \" src=\"https:\/\/aeronet.news\/wp-content\/uploads\/OlenaVolodymyrZelensky-1024x731.jpg\" sizes=\"(max-width: 700px) 100vw, 700px\" srcset=\"https:\/\/aeronet.news\/wp-content\/uploads\/OlenaVolodymyrZelensky-1024x731.jpg 1024w, https:\/\/aeronet.news\/wp-content\/uploads\/OlenaVolodymyrZelensky-300x214.jpg 300w, https:\/\/aeronet.news\/wp-content\/uploads\/OlenaVolodymyrZelensky-768x548.jpg 768w, https:\/\/aeronet.news\/wp-content\/uploads\/OlenaVolodymyrZelensky-700x500.jpg 700w, https:\/\/aeronet.news\/wp-content\/uploads\/OlenaVolodymyrZelensky-500x357.jpg 500w, https:\/\/aeronet.news\/wp-content\/uploads\/OlenaVolodymyrZelensky-676x483.jpg 676w, https:\/\/aeronet.news\/wp-content\/uploads\/OlenaVolodymyrZelensky.jpg 1280w\" alt=\"\" width=\"696\" height=\"497\" \/><\/a><figcaption class=\"wp-caption-text\">Olena a Volodymyr Zelensk\u00fd<\/figcaption><\/figure>\n<p>Ve v\u00e1lce na Ukrajin\u011b se to\u010d\u00ed obrovsk\u00e9 pen\u00edze a voj\u00e1ci si vyd\u011bl\u00e1vaj\u00ed takov\u00e9 platy, kter\u00e9 by si v \u017eivot\u011b v civilu nikdy nevyd\u011blali. Doch\u00e1z\u00ed na slova \u010desk\u00e9ho prezidenta Petra Pavla, kter\u00fd v polovin\u011b roku na summitu NATO ve Vilniusu v rozhovoru uvedl\u00a0<strong>[<a href=\"https:\/\/aeronet.news\/video-petr-pavel-prohlasil-pro-britskou-televizi-sky-news-ze-konflikt-na-ukrajine-se-blizi-ke-svemu-konci-protoze-se-zacina-projevovat-unava-z-valky-mezi-zapadnimi-sponzory-ukrajiny\/\">1<\/a>]<\/strong>, \u017ee Ukrajina m\u00e1 \u010das pouze do konce roku. Ano, Petr Pavel to v\u011bd\u011bl dop\u0159edu, jako b\u00fdval\u00fd p\u0159edseda vojensk\u00e9 sekce NATO disponuje z\u00e1kulisn\u00edmi informacemi a v\u011bd\u011bl, \u017ee Ameri\u010dan\u00e9 ke konci roku prost\u011b uzav\u0159ou kohouty, proto\u017ee v USA se bl\u00ed\u017e\u00ed prezidentsk\u00e9 volby.<\/p>\n<h6><span style=\"font-size: 18pt;\">Biden se mo\u017en\u00e1 sna\u017e\u00ed p\u0159es Ukrajinu odv\u00e9st pozornost od skand\u00e1lu jeho syna, kter\u00fd byl pr\u00e1v\u011b obvin\u011bn z korupce a pran\u00ed \u0161pinav\u00fdch pen\u011bz<\/span><\/h6>\n<p>A p\u0159esn\u011b to se pr\u00e1v\u011b te\u010f d\u011bje a mnoho m\u00e9di\u00ed i politik\u016f je p\u0159esto p\u0159ekvapen\u00fdch, jako by to ne\u010dekali, jako by to byla novinka, jako by p\u0159ed t\u00edmto v\u00fdvojem nikdo dop\u0159edu nevaroval.\u00a0<strong>Britsk\u00fd list The Telegrpah k tomu ve \u010dtvrtek napsal \u010dl\u00e1nek, \u017ee Putin je bl\u00edzko k v\u00edt\u011bzstv\u00ed a Evropsk\u00e1 unie by m\u011bla b\u00fdt zd\u011b\u0161ena, proto\u017ee ji mo\u017en\u00e1 \u010dek\u00e1 z\u00e1nik, kter\u00fd potkal Svatou \u0159\u00ed\u0161i \u0158\u00edmskou.<\/strong>\u00a0Joe Biden dokonce po neschv\u00e1len\u00ed pen\u011bz pro Ukrajinu v Sen\u00e1tu prohl\u00e1sil\u00a0<strong>[<a href=\"https:\/\/href.li\/?https:\/\/www.dailymail.co.uk\/news\/article-12833565\/Biden-Russia-Ukraine-Congress-war-conflict-aid-NATO.html\" target=\"_blank\" rel=\"nofollow noopener\">2<\/a>]<\/strong>, \u017ee pokud Kyjev nedostane pen\u00edze, m\u016f\u017ee to v\u00e9st a\u017e k tomu, \u017ee bude nutn\u00e9 do v\u00e1lky proti Rusku poslat americk\u00e9 voj\u00e1ky.<\/p>\n<figure id=\"attachment_56340\" class=\"wp-caption aligncenter\" style=\"width: 695px;\"><a href=\"https:\/\/aeronet.news\/wp-content\/uploads\/JoeBidenZelensky.jpg\"><img decoding=\"async\" loading=\"lazy\" class=\"wp-image-56340 \" src=\"https:\/\/aeronet.news\/wp-content\/uploads\/JoeBidenZelensky-1024x682.jpg\" sizes=\"(max-width: 700px) 100vw, 700px\" srcset=\"https:\/\/aeronet.news\/wp-content\/uploads\/JoeBidenZelensky-1024x682.jpg 1024w, https:\/\/aeronet.news\/wp-content\/uploads\/JoeBidenZelensky-300x200.jpg 300w, https:\/\/aeronet.news\/wp-content\/uploads\/JoeBidenZelensky-768x512.jpg 768w, https:\/\/aeronet.news\/wp-content\/uploads\/JoeBidenZelensky-700x466.jpg 700w, https:\/\/aeronet.news\/wp-content\/uploads\/JoeBidenZelensky-536x357.jpg 536w, https:\/\/aeronet.news\/wp-content\/uploads\/JoeBidenZelensky-725x483.jpg 725w, https:\/\/aeronet.news\/wp-content\/uploads\/JoeBidenZelensky.jpg 1280w\" alt=\"\" width=\"695\" height=\"463\" \/><\/a><figcaption class=\"wp-caption-text\">Joe Biden a Volodymyr Zelensk\u00e1 na summitu NATO ve Vilniusu<\/figcaption><\/figure>\n<p>K tomu pr\u00fd dojde ve chv\u00edli, kdy Ukrajina padne a Putin se pr\u00fd nezastav\u00ed a bude pokra\u010dovat d\u00e1l a napadne \u010dlensk\u00e9 zem\u011b NATO. Biden se mo\u017en\u00e1 jen sna\u017e\u00ed odv\u00e9st pozornost m\u00e9di\u00ed od sv\u00e9ho syna Huntera, kter\u00fd byl v p\u00e1tek obvin\u011bn\u00a0<strong>[<a href=\"https:\/\/href.li\/?https:\/\/www.foxnews.com\/media\/devastating-hunter-biden-indictment-vindication-whistleblowers-former-whitewater-counsel\" target=\"_blank\" rel=\"nofollow noopener\">3<\/a>]<\/strong>\u00a0z n\u011bkolika trestn\u00fdch \u010din\u016f spojen\u00fdch s pran\u00edm \u0161pinav\u00fdch pen\u011bz a hroz\u00ed mu a\u017e 17 let v\u011bzen\u00ed. Skand\u00e1l Huntera Bidena z\u0159ejm\u011b postihne i jeho otce, prezidenta Joea Bidena, kter\u00fd \u010del\u00ed impeachmentu kv\u016fli stejn\u00e9 v\u011bci, kv\u016fli korupci a pran\u00ed \u0161pinav\u00fdch pen\u011bz. Ocitujeme si kr\u00e1tkou \u010d\u00e1st z \u010dl\u00e1nku Telegrafu:<\/p>\n<h4><span style=\"font-size: 18pt;\">Putin je bl\u00edzko v\u00edt\u011bzstv\u00ed. Evropa by m\u011bla b\u00fdt vyd\u011b\u0161en\u00e1<\/span><\/h4>\n<p>Vzhledem k tomu, \u017ee ukrajinsk\u00fd konflikt uv\u00edzl na mrtv\u00e9m bod\u011b, nelze ignorovat mo\u017enost, \u017ee by rusk\u00fd prezident Vladimir Putin mohl ze sv\u00e9 neuv\u00e1\u017een\u00e9 invaze vyj\u00edt jako v\u00edt\u011bz, a to se v\u0161emi d\u016fsledky, kter\u00e9 by to m\u011blo pro bezpe\u010dnost Evropy.<\/p>\n<p>Skute\u010dnost, \u017ee se Ukrajin\u011b nepoda\u0159ilo v l\u00e9t\u011b dos\u00e1hnout rozhoduj\u00edc\u00edho pr\u016flomu v protiofenz\u00edv\u011b, t\u00e9m\u011b\u0159 uml\u010dela optimistick\u00e9 p\u0159edpov\u011bdi ukrajinsk\u00e9ho prezidenta Volodymyra Zelensk\u00e9ho a jeho vysok\u00fdch velitel\u016f, \u017ee Kyjev m\u00e1 v\u00edt\u011bzstv\u00ed na dosah. Nam\u00edsto toho hroz\u00ed, \u017ee ukrajinsk\u00e9 vypr\u00e1v\u011bn\u00ed sklouzne k obvi\u0148ov\u00e1n\u00ed kv\u016fli odm\u00edtnut\u00ed z\u00e1padn\u00edch spojenc\u016f poskytnout Kyjevu zbran\u011b pot\u0159ebn\u00e9 k prolomen\u00ed patov\u00e9 situace na boji\u0161ti. Jak ukrajinsk\u00fd v\u016fdce poznamenal v ned\u00e1vn\u00e9m rozhovoru: \u201cNedostali jsme v\u0161echny zbran\u011b, kter\u00e9 jsme cht\u011bli, nemohu b\u00fdt spokojen.\u201d<\/p>\n<p>P\u0159edstava, \u017ee by rusk\u00e1 arm\u00e1da byla 21 m\u011bs\u00edc\u016f po rusk\u00e9 invazi na Ukrajinu st\u00e1le schopna v\u00e9st ofenzivu, se zd\u00e1la b\u00fdt je\u0161t\u011b p\u0159ed n\u011bkolika m\u011bs\u00edci, pot\u00e9 co Moskva utrp\u011bla \u0159adu ni\u010div\u00fdch ne\u00fasp\u011bch\u016f, nemysliteln\u00e1. A i kdy\u017e je st\u00e1le velmi nepravd\u011bpodobn\u00e9, \u017ee by Putin dok\u00e1zal splnit sv\u016fj c\u00edl dob\u00fdt celou Ukrajinu a nastolit v Kyjev\u011b loutkov\u00fd re\u017eim,\u00a0<strong>jak\u00fdkoli z\u00e1v\u011br, kter\u00fd povede k tomu, \u017ee si Kreml udr\u017e\u00ed v\u00fdznamn\u00e9 oblasti ukrajinsk\u00e9ho \u00fazem\u00ed, bude oslavov\u00e1n jako v\u00edt\u011bzstv\u00ed.<\/strong><\/p>\n<p>Takov\u00fd v\u00fdsledek by p\u0159edstavoval pro z\u00e1padn\u00ed alianci zna\u010dnou v\u00fdzvu, nebo\u0165 jej\u00ed schopnost \u010delit rusk\u00e9 agresi by byla po ve\u0161ker\u00e9 vojensk\u00e9 podpo\u0159e, kterou Ukrajin\u011b poskytla, zpochybn\u011bna. Tak\u00e9 by to povzbudilo Putina v p\u0159esv\u011bd\u010den\u00ed, \u017ee m\u016f\u017ee podnikat dal\u0161\u00ed agresivn\u00ed akce na v\u00fdchodn\u00edm k\u0159\u00eddle NATO s v\u011bdom\u00edm, \u017ee Z\u00e1pad nem\u00e1 zdroje ani odhodl\u00e1n\u00ed vzdorovat expanzivn\u00edm z\u00e1m\u011br\u016fm Kremlu.<\/p>\n<p><strong>Na ned\u00e1vn\u00e9 obrann\u00e9 konferenci v Berl\u00edn\u011b zazn\u011bl sc\u00e9n\u00e1\u0159 soudn\u00e9ho dne, podle n\u011bho\u017e Evrop\u011b hroz\u00ed stejn\u00fd osud jako Svat\u00e9 \u0159\u00ed\u0161i \u0159\u00edmsk\u00e9 za Napoleona<\/strong>, a to, \u017ee bude v budouc\u00edm konfliktu s Ruskem \u201c<em>smetena<\/em>\u201c, proto\u017ee NATO nebude schopno br\u00e1nit v\u00fdchodn\u00ed k\u0159\u00eddlo Evropy.<\/p>\n<p>A p\u0159esto\u017ee Moskva p\u0159edstavuje zjevnou hrozbu, z\u00e1padn\u00ed p\u0159edstavitel\u00e9 se zdaj\u00ed b\u00fdt ochotni p\u0159isuzovat j\u00ed v\u00e1\u017enost, kterou si zaslou\u017e\u00ed. Argument, kter\u00fd zazn\u011bl v po\u010d\u00e1te\u010dn\u00edch f\u00e1z\u00edch ukrajinsk\u00e9ho konfliktu \u2013 \u017ee zaji\u0161t\u011bn\u00ed t\u011b\u017ek\u00e9 por\u00e1\u017eky Ruska odrad\u00ed Putina od dal\u0161\u00edch agresivn\u00edch \u010din\u016f \u2013 nahradila \u00fanava z v\u00e1lky a touha ukon\u010dit nep\u0159\u00e1telstv\u00ed za ka\u017edou cenu, i kdyby to m\u011blo v\u00e9st k pos\u00edlen\u00ed Ruska.<\/p>\n<p>To, \u017ee se rusk\u00e9 hrozb\u011b nev\u011bnuje n\u00e1le\u017eit\u00e1 pozornost, je patrn\u00e9 i ve Velk\u00e9 Brit\u00e1nii, kde anal\u00fdza podzimn\u00edho prohl\u00e1\u0161en\u00ed Jeremyho Hunta z minul\u00e9ho m\u011bs\u00edce nazna\u010duje, \u017ee vl\u00e1da pravd\u011bpodobn\u011b nespln\u00ed sv\u016fj z\u00e1vazek zv\u00fd\u0161it v\u00fddaje na obranu z 2 % na 2,5 % HDP, co\u017e je kl\u00ed\u010dov\u00fd po\u017eadavek pro lep\u0161\u00ed vybaven\u00ed na\u0161ich ozbrojen\u00fdch sil, aby mohly \u010delit rusk\u00e9 hrozb\u011b.\u00a0<strong>Zd\u00e1 se, \u017ee Evropa se nejen chyst\u00e1 nechat Ukrajinu prohr\u00e1t v\u00e1lku, ale m\u00e1 jen malou chu\u0165 br\u00e1nit se proti budouc\u00edm akt\u016fm rusk\u00e9 agrese.<\/strong><\/p>\n<p>Cel\u00fd \u010dl\u00e1nek, kter\u00fd je mnohem del\u0161\u00ed ne\u017e v\u00fd\u0161e uveden\u00e9 v\u00fdtahy, najdete\u00a0<strong><a href=\"https:\/\/href.li\/?https:\/\/www.telegraph.co.uk\/news\/2023\/12\/07\/putin-is-close-to-victory-europe-should-be-terrified\/\" target=\"_blank\" rel=\"nofollow noopener\">zde<\/a><\/strong>.<\/p>\n<h6><span style=\"font-size: 18pt;\">V\u00fdhra Putina na Ukrajin\u011b povede k povalen\u00ed v\u011bt\u0161iny vl\u00e1d v Evrop\u011b<\/span><\/h6>\n<p>Anal\u00fdza situace v \u010dl\u00e1nku na Telegrafu je naprosto trefn\u00e1. Cel\u00e1 Evropsk\u00e1 unie trp\u00ed sankcemi uvalen\u00fdmi na Rusko, n\u011bmeck\u00e9 automobilky a pr\u016fmysl v Por\u016f\u0159\u00ed se prakticky zastavil a dopady na celou Evropu jsou katastrof\u00e1ln\u00ed, zat\u00edmco HDP Ruska za rok 2023 atakuje evropsk\u00e1 maxima, zat\u00edmco n\u011bkter\u00e9 zem\u011b EU, t\u0159eba jako \u010cesk\u00e1 republika, se ut\u00e1p\u00ed v infla\u010dn\u00ed recesi a v m\u00ednusov\u00fdch \u010d\u00edslech r\u016fstu HDP zp\u016fsoben\u00fdch mafi\u00e1nskou vl\u00e1dou Petra Fialy, kter\u00e1 si vzala za rukojm\u00ed nejprve d\u016fchodce, potom podnikatele a \u017eivnostn\u00edky. Fialova vl\u00e1da tomu \u0159\u00edk\u00e1 \u201crestart\u201d \u010ceska, ale ve skute\u010dnosti jde o likvidaci poz\u016fstalosti toho, co z \u010ceska po v\u00edce jak 30 letech od Kab\u00e1tov\u00e9 revoluce z\u016fstalo.<\/p>\n<figure id=\"attachment_57940\" class=\"wp-caption aligncenter\" style=\"width: 691px;\"><a href=\"https:\/\/aeronet.news\/wp-content\/uploads\/FialaCowRider.jpg\"><img decoding=\"async\" loading=\"lazy\" class=\"wp-image-57940 \" src=\"https:\/\/aeronet.news\/wp-content\/uploads\/FialaCowRider.jpg\" sizes=\"(max-width: 700px) 100vw, 700px\" srcset=\"https:\/\/aeronet.news\/wp-content\/uploads\/FialaCowRider.jpg 700w, https:\/\/aeronet.news\/wp-content\/uploads\/FialaCowRider-150x150.jpg 150w, https:\/\/aeronet.news\/wp-content\/uploads\/FialaCowRider-300x300.jpg 300w, https:\/\/aeronet.news\/wp-content\/uploads\/FialaCowRider-357x357.jpg 357w, https:\/\/aeronet.news\/wp-content\/uploads\/FialaCowRider-483x483.jpg 483w, https:\/\/aeronet.news\/wp-content\/uploads\/FialaCowRider-210x210.jpg 210w\" alt=\"\" width=\"691\" height=\"691\" \/><\/a><figcaption class=\"wp-caption-text\">Za Nutellou do N\u011bmecka<\/figcaption><\/figure>\n<p>A te\u010f si vl\u00e1da za rukojm\u00ed vzala vlastn\u011b u\u017e v\u0161echny ob\u010dany s v\u00fdhledem na novoro\u010dn\u00ed zdra\u017eov\u00e1n\u00ed potravin, kter\u00e9 bude nejv\u011bt\u0161\u00ed ze v\u0161ech 27 zem\u00ed Evropsk\u00e9 unie. Polsk\u00e9 a n\u011bmeck\u00e9 \u0159et\u011bzce o\u010dek\u00e1vaj\u00ed, \u017ee v roce 2024 by mohlo potraviny v zahrani\u010d\u00ed nakupovat a\u017e 30% \u010desk\u00e9ho obyvatelstva. Rovn\u011b\u017e se o\u010dek\u00e1v\u00e1 24-hodinov\u00e1 st\u00e1vka s po\u017eadavkem na demisi neschopn\u00e9 Fialovy vl\u00e1dy.<\/p>\n<p><strong>Vladimir Putin nevyst\u0159elil na \u00fazem\u00ed NATO ani jednu st\u0159elu, ale jeho konceptu\u00e1ln\u00ed v\u00fdhra na Ukrajin\u011b \u201c<em>post\u0159\u00edl\u00ed<\/em>\u201d a polo\u017e\u00ed postupn\u011b v\u011bt\u0161inu vl\u00e1d v Evrop\u011b. Bez Ruska nem\u016f\u017ee Evropsk\u00e1 unie p\u0159e\u017e\u00edt.<\/strong>\u00a0Je to ekonomicky nemo\u017en\u00e9. Pr\u016fmysl Evropy bez levn\u00fdch rusk\u00fdch surovin nem\u016f\u017ee konkurovat ani USA, ani Asii, ani \u010c\u00edn\u011b. Kdo tohle z evropsk\u00fdch politik\u016f nev\u00ed, kdo to nepochopil, skon\u010d\u00ed na dla\u017eb\u011b. C\u00edlem je te\u010f obnova Ukrajiny a Marshall\u016fv pl\u00e1n 2.0 za ka\u017edou cenu. I za cenu por\u00e1\u017eky Ukrajiny. To u\u017e by te\u010f m\u011blo doj\u00edt i t\u011bm nejtup\u011bj\u0161\u00edm politik\u016fm.<\/p>\n<p><a href=\"https:\/\/aeronet.news\/na-ukrajinskych-socialnich-sitich-se-siri-vybusna-nahravka-zelenskeho-a-jeho-manzelky-oleny-kde-spolu-hovori-o-korupci-na-ukrajine-autenticita-nahravky-nebyla-potvrzena-a-muze-jit-o-podvrh\/\">-VK- \u0160\u00e9fredaktor AE News<\/a><\/p>\n<p>&nbsp;<\/p>\n<p><a href=\"https:\/\/stranapro.cz\/\"><img decoding=\"async\" loading=\"lazy\" class=\"wp-image-40286 aligncenter\" src=\"http:\/\/www.infokuryr.cz\/n\/wp-content\/uploads\/2023\/11\/12pro-300x87.png\" alt=\"\" width=\"1014\" height=\"294\" srcset=\"https:\/\/www.infokuryr.cz\/n\/wp-content\/uploads\/2023\/11\/12pro-300x87.png 300w, https:\/\/www.infokuryr.cz\/n\/wp-content\/uploads\/2023\/11\/12pro.png 366w\" sizes=\"(max-width: 1014px) 100vw, 1014px\" \/><\/a><\/p>\n<p>&nbsp;<\/p>\n<p>&nbsp;<\/p>\n<p>&nbsp;<\/p>\n","protected":false},"excerpt":{"rendered":"<p>Na ukrajinsk\u00fdch soci\u00e1ln\u00edch s\u00edt\u00edch se \u0161\u00ed\u0159\u00ed v\u00fdbu\u0161n\u00e1 nahr\u00e1vka Zelensk\u00e9ho a jeho man\u017eelky Oleny, kde spolu&#8230;<\/p>\n","protected":false},"author":2,"featured_media":42098,"comment_status":"closed","ping_status":"closed","sticky":false,"template":"","format":"standard","meta":[],"categories":[6],"tags":[1042,41,1882,2544,102,26,1000],"_links":{"self":[{"href":"https:\/\/www.infokuryr.cz\/n\/wp-json\/wp\/v2\/posts\/42097"}],"collection":[{"href":"https:\/\/www.infokuryr.cz\/n\/wp-json\/wp\/v2\/posts"}],"about":[{"href":"https:\/\/www.infokuryr.cz\/n\/wp-json\/wp\/v2\/types\/post"}],"author":[{"embeddable":true,"href":"https:\/\/www.infokuryr.cz\/n\/wp-json\/wp\/v2\/users\/2"}],"replies":[{"embeddable":true,"href":"https:\/\/www.infokuryr.cz\/n\/wp-json\/wp\/v2\/comments?post=42097"}],"version-history":[{"count":0,"href":"https:\/\/www.infokuryr.cz\/n\/wp-json\/wp\/v2\/posts\/42097\/revisions"}],"wp:featuredmedia":[{"embeddable":true,"href":"https:\/\/www.infokuryr.cz\/n\/wp-json\/wp\/v2\/media\/42098"}],"wp:attachment":[{"href":"https:\/\/www.infokuryr.cz\/n\/wp-json\/wp\/v2\/media?parent=42097"}],"wp:term":[{"taxonomy":"category","embeddable":true,"href":"https:\/\/www.infokuryr.cz\/n\/wp-json\/wp\/v2\/categories?post=42097"},{"taxonomy":"post_tag","embeddable":true,"href":"https:\/\/www.infokuryr.cz\/n\/wp-json\/wp\/v2\/tags?post=42097"}],"curies":[{"name":"wp","href":"https:\/\/api.w.org\/{rel}","templated":true}]}}