{"id":42090,"date":"2023-12-09T00:48:37","date_gmt":"2023-12-08T23:48:37","guid":{"rendered":"http:\/\/www.infokuryr.cz\/n\/?p=42090"},"modified":"2023-12-08T19:24:14","modified_gmt":"2023-12-08T18:24:14","slug":"jiri-vyvadil-vladimir-putin-bojujici-a-postupne-vitezici","status":"publish","type":"post","link":"https:\/\/www.infokuryr.cz\/n\/2023\/12\/09\/jiri-vyvadil-vladimir-putin-bojujici-a-postupne-vitezici\/","title":{"rendered":"Ji\u0159\u00ed Vyvadil: Vladim\u00edr Putin bojuj\u00edc\u00ed a postupn\u011b v\u00edt\u011bz\u00edc\u00ed\u2026"},"content":{"rendered":"<div id=\"fb-root\"><\/div>\n<p>Zn\u00ed to\u00a0 pateticky \u010di melodramaticky, ale \u00a0pro muslimsk\u00fd sv\u011bt a zem\u011b Glob\u00e1ln\u00edho jihu v\u016fbec je to v\u00fdznamn\u00fd plus. \u00a0V\u00edcem\u00e9n\u011b kon\u010d\u00ed Putinovo soust\u0159ed\u011bn\u00ed na speci\u00e1ln\u00ed vojenskou operaci na Ukrajin\u011b, proto\u017ee\u00a0 t\u00e9m\u011b\u0159 nen\u00ed pochyb o tom, \u017ee skon\u010d\u00ed d\u0159\u00edve \u010di pozd\u011bji v\u00edt\u011bzstv\u00edm Ruska a por\u00e1\u017ekou Z\u00e1padu, kter\u00fd do n\u00ed investoval neskute\u010dn\u011b mnoho financ\u00ed a, zbran\u00ed, a\u010dkoliv z\u00a0historick\u00e9ho hlediska bylo z\u0159ejm\u00e9, \u017ee Biden\u00a0 dopadne tak jako Napoleon, kter\u00fd \u00a0dorazil do Moskvy, aby nakonec prchal z\u00a0jej\u00edch ho\u0159\u00edc\u00edch sutin, \u010di jako Hitler. Kter\u00fd \u00a0cht\u011bl porazit Sov\u011btsk\u00fd svaz, aby nakonec sov\u011bt\u0161t\u00ed voj\u00e1ci st\u00e1li u jeho oho\u0159el\u00fdch ostatk\u016f zv\u011bstovatele tis\u00edcilet\u00e9 \u0159\u00ed\u0161e\u2026 V\u00a0podstat\u011b stejn\u00fd v\u00fdsledek lze o\u010dek\u00e1vat nyn\u00ed: USA jako historicky velmocensk\u00fd gigant Z\u00e1padu sjednotil \u00a027 st\u00e1t\u016f Evropsk\u00e9 unie, stejn\u011b jako 31 \u010dlen\u016f \u2013 st\u00e1t\u016f nejsiln\u011bj\u0161\u00edho sv\u011btov\u00e9ho vojensk\u00e9ho paktu sou\u010dasnosti, aby porazili Rusko, jen proto, \u017ee na po\u010d\u00e1tku arogantn\u011b odm\u00edtli uva\u017eovat, \u017ee se Ukrajina nestane \u010dlensk\u00fdm st\u00e1tem NATO.<\/p>\n<p>Dnes je jasn\u00e9, \u017ee se Ukrajina p\u0159irozen\u011b nestane \u010dlenem NATO, ale je jist\u00e9, \u017ee cel\u00e1 tato nesmysln\u00e1 a pro Ukrajince lidsky a ekonomicky drah\u00e1\u00a0 avant\u00fdra mo\u017en\u00e1 na desetilet\u00ed tuto zemi postihne.<\/p>\n<p><a href=\"https:\/\/stranapro.cz\/\"><img decoding=\"async\" loading=\"lazy\" class=\"alignnone  wp-image-40285 aligncenter\" src=\"http:\/\/www.infokuryr.cz\/n\/wp-content\/uploads\/2023\/11\/11pro-300x79.png\" alt=\"\" width=\"520\" height=\"137\" srcset=\"https:\/\/www.infokuryr.cz\/n\/wp-content\/uploads\/2023\/11\/11pro-300x79.png 300w, https:\/\/www.infokuryr.cz\/n\/wp-content\/uploads\/2023\/11\/11pro.png 363w\" sizes=\"(max-width: 520px) 100vw, 520px\" \/><\/a><\/p>\n<p>Na rovinu: Evropa pot\u0159ebuje, aby nejen Ukrajina, ale i v\u0161echny v\u00fdchodoevropsk\u00e9 st\u00e1ty, kter\u00e9 zvl\u010dely v\u00a0p\u0159edstav\u011b, jak to to Rusko dostanou na kolena\u00a0 ve sv\u00fdch p\u0159edstav\u00e1ch\u00a0 vr\u00e1tili do reality. A realita je z\u0159ejm\u00e1: Rusko zjevn\u011b se upevn\u00ed a z\u016fstane jedinou geopolitickou velmoc\u00ed Evropy. Ma\u010farsko, Slovensko s\u00a0n\u00edm bude na tom dob\u0159e, s\u00a0ostatn\u00edmi st\u00e1ty klidn\u011b m\u016f\u017ee nevych\u00e1zet. Dnes u\u017e Evropu nepot\u0159ebuje, jeho pozice sv\u011btov\u00e9 \u00a0velmoci naopak vzrostla..<\/p>\n<p>A tady p\u0159ich\u00e1z\u00ed nov\u00e1 geopolitick\u00e1 \u00faloha Ruska, kter\u00e9 se \u00a0d\u00edky selh\u00e1n\u00ed\u00a0 Bidenov\u00fdch USA \u00a0v\u00a0klidu dere k\u00a0v\u00edt\u011bzstv\u00ed.<\/p>\n<p>Ne\u00a0 nechci hovo\u0159it o jeho kandidatu\u0159e na prezidenta v\u00a0b\u0159eznu p\u0159\u00ed\u0161t\u00edho roku. Samoz\u0159ejm\u011b, \u017ee zv\u00edt\u011bz\u00ed a i kdy\u017e bude tu\u0161\u00edm kandidovat jak\u00fdkoliv liber\u00e1l, stejn\u011b \u00a0jako \u0161\u00e9f Komunist\u016f Zjuganov, kter\u00fd, mo\u017en\u00e1 \u010d\u00e1ste\u010dn\u011b d\u016fvodn\u011b m\u016f\u017ee bu\u0161it, \u017ee ne v\u0161echno soci\u00e1ln\u00ed se d\u011bje p\u0159im\u011b\u0159en\u011b, m\u00e1 to jist\u00e9.<\/p>\n<p>Putin pro muslimsk\u00fd sv\u011bt a v\u016fbec sv\u011bt Glob\u00e1ln\u00edho jihu\u00a0 p\u0159edstavuje\u00a0 z\u0159ejm\u011b spolu s\u00a0\u010d\u00ednsk\u00fdm prezidentem Xi Tiao Phingem v\u011brohodn\u00e9\u00a0 sv\u011btov\u00e9 v\u016fdce \u2013 odp\u016frce sou\u010dasn\u00e9ho\u00a0 prezidenta USA Bidena, kter\u00fd je schopen se postavit izraelsk\u00e9mu premi\u00e9rovi Netanjahuovi. Oproti \u010d\u00ednsk\u00e9mu prezidentovi je v\u0161ak pomysln\u011b jedni\u010dkou, proto\u017ee se USA postavil vojensky natvrdo a to m\u00e1 hodnotu zlata. Takov\u00e1 je realita\u2026Putin je\u00a0 v\u00e1le\u010dn\u00edk, Xi je obchodn\u00edk.<\/p>\n<p>A v\u00a0sou\u010dasn\u00e9 dob\u011b ten, kdo se jako \u00a0v\u00e1le\u010dn\u00edk um\u00ed postavit cel\u00e9mu Z\u00e1padu (opakuji 27 st\u00e1t\u016f EU, 31 st\u00e1t\u016f NATO) \u00a0plat\u00ed mnohem v\u00edc ne\u017e jinak jist\u011b siln\u00fd obchodn\u00edk.<\/p>\n<p>V\u00fdhodou ov\u0161em je, \u017ee i ten obchodn\u00edk i v\u00e1le\u010dn\u00edk tvo\u0159\u00ed skv\u011bl\u00fd tandem.<\/p>\n<p><a href=\"https:\/\/vasevec.info\/blogy\/vladimir-putin-bojujici-postupne-vitezici\">Ji\u0159\u00ed Vyvadil<\/a><\/p>\n<p><img decoding=\"async\" loading=\"lazy\" class=\"alignnone size-medium wp-image-16474\" src=\"http:\/\/www.infokuryr.cz\/n\/wp-content\/uploads\/2022\/10\/jiri-vyvadil-300x200.jpg\" alt=\"\" width=\"300\" height=\"200\" srcset=\"https:\/\/www.infokuryr.cz\/n\/wp-content\/uploads\/2022\/10\/jiri-vyvadil-300x200.jpg 300w, https:\/\/www.infokuryr.cz\/n\/wp-content\/uploads\/2022\/10\/jiri-vyvadil-768x512.jpg 768w, https:\/\/www.infokuryr.cz\/n\/wp-content\/uploads\/2022\/10\/jiri-vyvadil.jpg 800w\" sizes=\"(max-width: 300px) 100vw, 300px\" \/><\/p>\n<p>&nbsp;<\/p>\n","protected":false},"excerpt":{"rendered":"<p>Zn\u00ed to\u00a0 pateticky \u010di melodramaticky, ale \u00a0pro muslimsk\u00fd sv\u011bt a zem\u011b Glob\u00e1ln\u00edho jihu v\u016fbec je&#8230;<\/p>\n","protected":false},"author":2,"featured_media":26218,"comment_status":"closed","ping_status":"closed","sticky":false,"template":"","format":"standard","meta":[],"categories":[6],"tags":[29,122,102,276],"_links":{"self":[{"href":"https:\/\/www.infokuryr.cz\/n\/wp-json\/wp\/v2\/posts\/42090"}],"collection":[{"href":"https:\/\/www.infokuryr.cz\/n\/wp-json\/wp\/v2\/posts"}],"about":[{"href":"https:\/\/www.infokuryr.cz\/n\/wp-json\/wp\/v2\/types\/post"}],"author":[{"embeddable":true,"href":"https:\/\/www.infokuryr.cz\/n\/wp-json\/wp\/v2\/users\/2"}],"replies":[{"embeddable":true,"href":"https:\/\/www.infokuryr.cz\/n\/wp-json\/wp\/v2\/comments?post=42090"}],"version-history":[{"count":0,"href":"https:\/\/www.infokuryr.cz\/n\/wp-json\/wp\/v2\/posts\/42090\/revisions"}],"wp:featuredmedia":[{"embeddable":true,"href":"https:\/\/www.infokuryr.cz\/n\/wp-json\/wp\/v2\/media\/26218"}],"wp:attachment":[{"href":"https:\/\/www.infokuryr.cz\/n\/wp-json\/wp\/v2\/media?parent=42090"}],"wp:term":[{"taxonomy":"category","embeddable":true,"href":"https:\/\/www.infokuryr.cz\/n\/wp-json\/wp\/v2\/categories?post=42090"},{"taxonomy":"post_tag","embeddable":true,"href":"https:\/\/www.infokuryr.cz\/n\/wp-json\/wp\/v2\/tags?post=42090"}],"curies":[{"name":"wp","href":"https:\/\/api.w.org\/{rel}","templated":true}]}}