{"id":42086,"date":"2023-12-09T00:41:26","date_gmt":"2023-12-08T23:41:26","guid":{"rendered":"http:\/\/www.infokuryr.cz\/n\/?p=42086"},"modified":"2023-12-08T19:14:54","modified_gmt":"2023-12-08T18:14:54","slug":"1500-vzteklych-clenu-politickych-neziskovek-za-podpory-simecky-vriskalo-proti-ficovi","status":"publish","type":"post","link":"https:\/\/www.infokuryr.cz\/n\/2023\/12\/09\/1500-vzteklych-clenu-politickych-neziskovek-za-podpory-simecky-vriskalo-proti-ficovi\/","title":{"rendered":"1500 vztekl\u00fdch \u010dlen\u016f politick\u00fdch neziskovek za podpory \u0160ime\u010dky v\u0159\u00edskalo proti Ficovi"},"content":{"rendered":"<div id=\"fb-root\"><\/div>\n<div class=\"introtext\">\n<p>Neskute\u010dn\u00e1 komedie Sorosov\u00fdch neziskovek: kdy\u017e jim premi\u00e9r Fico zatrhl tipce, za\u010daly b\u011bsnit, \u017ee si nebudou hledat zam\u011bstn\u00e1n\u00ed a Michal \u0160ime\u010dka jako vyhozen\u00fd politik z vl\u00e1dy DEMOKRATICK\u00ddMA VOLBAMA jim poskytl politickou garanci.<\/p>\n<\/div>\n<div class=\"fulltext\">\n<p>Tis\u00edc, mo\u017en\u00e1 dva tis\u00edce lid\u00ed, kte\u0159\u00ed skandovali \u201eDost bylo Fica\u201c a\u00a0dr\u017eeli transparenty \u201eNebudeme ticho\u201c a \u201eTohle v\u00e1m neprojde\u201c, \u017e\u00e1dalo zp\u011bt sv\u00e9 pen\u00edze a posty.<\/p>\n<p><strong>Atmosf\u00e9ra houstne, premi\u00e9r Fico se jim vysm\u00e1l, proto\u017ee v\u00ed, kolik voli\u010d\u016f m\u00e1 za sebou a kdo za t\u011bmito akcemi stoj\u00ed.<\/strong><\/p>\n<p>Pokud se pod\u00edv\u00e1te na slovensk\u00e9 weby, samoz\u0159ejm\u011b v \u010dele burcov\u00e1n\u00ed jsou m\u00e9dia, kter\u00e1 tot\u00e1ln\u011b Fica dehonestovala, nepustila na tiskovky celou \u0161k\u00e1lu mal\u00fdch m\u00e9di\u00ed, kter\u00e9 potupn\u011b jako u n\u00e1s naz\u00fdvala dezinforma\u010dn\u00ed a nyn\u00ed byla samoz\u0159ejm\u011b za trest vylou\u010dena, proto\u017ee neplnila svoj\u00ed medi\u00e1ln\u00ed funkci.<\/p>\n<div class=\"e_dT speakable\" data-efdfgjhgeihlhldjlffe=\"mol-paragraph\">\n<p class=\"c_dT\"><span class=\"c_eb\">\u201eFico chce tak\u00e9 ovl\u00e1dnout ve\u0159ejnopr\u00e1vn\u00ed m\u00e9dia a\u00a0dal\u0161\u00ed st\u00e1tn\u00ed instituce,\u201c soptil p\u0159edseda PS Michal \u0160ime\u010dka a\u00a0ozna\u010dil to za \u201eOrb\u00e1n\u016fv recept\u201c, podle ma\u010farsk\u00e9ho premi\u00e9ra Viktora Orb\u00e1na.<\/span><\/p>\n<\/div>\n<div class=\"e_dT speakable\" data-efdfgjhgeihlhldjlffe=\"mol-paragraph\">\n<p class=\"c_dT\"><span class=\"c_eb\">\u0160ime\u010dka vyzval ke spojen\u00ed opozice a\u00a0ve\u0159ejnosti proti pokusu nov\u00e9 vl\u00e1dn\u00ed koalice \u201eovl\u00e1dnout st\u00e1t\u201c. P\u0159edseda PS avizoval tak\u00e9 dal\u0161\u00ed protesty.<\/span><\/p>\n<p>Zda je on\u011bch 1500, n\u011bkter\u00e1 m\u00e9dia p\u00ed\u0161i 3000 lid\u00ed, vzorek slovensk\u00fdch ob\u010dan\u016f, kte\u0159\u00ed cht\u011bj\u00ed svrhnout vl\u00e1du m\u011bs\u00edc po volb\u00e1ch, a vr\u00e1tit neziskovk\u00e1m jejich pen\u00edze, lze asi\u00a0<strong>t\u011b\u017eko souhlasit. Ale nejen na\u0161e skv\u011bl\u00e1 mainstreamov\u00e1 masm\u00e9dia tvrd\u00ed, \u017ee ano. A d\u00e1vaj\u00ed tomu odezvu, jakoby tam bylo milion zoufal\u00fdch Slov\u00e1k\u016f.<br \/>\n<\/strong><\/p>\n<p><strong>Je to na v\u00e1s, v\u00e1\u017een\u00ed \u010dten\u00e1\u0159i, abyste si ud\u011blali n\u00e1zor.<\/strong><\/p>\n<p><a href=\"https:\/\/www.skrytapravda.cz\/ze-zahranici\/1591-1500-vzteklych-clenu-politickych-neziskovek-za-podpory-simecky-vriskalo-proti-ficovi\">Petr Pokorn\u00fd<\/a><\/p>\n<\/div>\n<\/div>\n<p>&nbsp;<\/p>\n<p><a href=\"https:\/\/stranapro.cz\/\"><img decoding=\"async\" loading=\"lazy\" class=\" wp-image-40286 aligncenter\" src=\"http:\/\/www.infokuryr.cz\/n\/wp-content\/uploads\/2023\/11\/12pro-300x87.png\" alt=\"\" width=\"1055\" height=\"306\" srcset=\"https:\/\/www.infokuryr.cz\/n\/wp-content\/uploads\/2023\/11\/12pro-300x87.png 300w, https:\/\/www.infokuryr.cz\/n\/wp-content\/uploads\/2023\/11\/12pro.png 366w\" sizes=\"(max-width: 1055px) 100vw, 1055px\" \/><\/a><\/p>\n<p>&nbsp;<\/p>\n<p>&nbsp;<\/p>\n","protected":false},"excerpt":{"rendered":"<p>Neskute\u010dn\u00e1 komedie Sorosov\u00fdch neziskovek: kdy\u017e jim premi\u00e9r Fico zatrhl tipce, za\u010daly b\u011bsnit, \u017ee si nebudou&#8230;<\/p>\n","protected":false},"author":2,"featured_media":42087,"comment_status":"closed","ping_status":"closed","sticky":false,"template":"","format":"standard","meta":[],"categories":[6],"tags":[29,815,203],"_links":{"self":[{"href":"https:\/\/www.infokuryr.cz\/n\/wp-json\/wp\/v2\/posts\/42086"}],"collection":[{"href":"https:\/\/www.infokuryr.cz\/n\/wp-json\/wp\/v2\/posts"}],"about":[{"href":"https:\/\/www.infokuryr.cz\/n\/wp-json\/wp\/v2\/types\/post"}],"author":[{"embeddable":true,"href":"https:\/\/www.infokuryr.cz\/n\/wp-json\/wp\/v2\/users\/2"}],"replies":[{"embeddable":true,"href":"https:\/\/www.infokuryr.cz\/n\/wp-json\/wp\/v2\/comments?post=42086"}],"version-history":[{"count":0,"href":"https:\/\/www.infokuryr.cz\/n\/wp-json\/wp\/v2\/posts\/42086\/revisions"}],"wp:featuredmedia":[{"embeddable":true,"href":"https:\/\/www.infokuryr.cz\/n\/wp-json\/wp\/v2\/media\/42087"}],"wp:attachment":[{"href":"https:\/\/www.infokuryr.cz\/n\/wp-json\/wp\/v2\/media?parent=42086"}],"wp:term":[{"taxonomy":"category","embeddable":true,"href":"https:\/\/www.infokuryr.cz\/n\/wp-json\/wp\/v2\/categories?post=42086"},{"taxonomy":"post_tag","embeddable":true,"href":"https:\/\/www.infokuryr.cz\/n\/wp-json\/wp\/v2\/tags?post=42086"}],"curies":[{"name":"wp","href":"https:\/\/api.w.org\/{rel}","templated":true}]}}