{"id":4207,"date":"2021-08-21T04:27:52","date_gmt":"2021-08-21T02:27:52","guid":{"rendered":"http:\/\/www.infokuryr.cz\/n\/?p=4207"},"modified":"2021-08-21T04:27:52","modified_gmt":"2021-08-21T02:27:52","slug":"putin-a-merkelova-hovorili-o-donbasu-afghanistanu-i-nord-stream-2","status":"publish","type":"post","link":"https:\/\/www.infokuryr.cz\/n\/2021\/08\/21\/putin-a-merkelova-hovorili-o-donbasu-afghanistanu-i-nord-stream-2\/","title":{"rendered":"Putin a Merkelov\u00e1 hovo\u0159ili o Donbasu, Afgh\u00e1nist\u00e1nu i Nord Stream 2"},"content":{"rendered":"<div id=\"fb-root\"><\/div>\n<p><strong>V Kremlu skon\u010dilo jedn\u00e1n\u00ed Vladimira Putina s n\u011bmeckou kancl\u00e9\u0159kou Angelou Merkelovou, kter\u00e9 trvalo t\u00e9m\u011b\u0159 t\u0159i hodiny, informoval korespondent Sputniku.<\/strong><\/p>\n<p>\u201eNa\u0161e dne\u0161n\u00ed jedn\u00e1n\u00ed s pan\u00ed\u00a0<strong>feder\u00e1ln\u00ed kancl\u00e9\u0159kou<\/strong>\u00a0prob\u00edhalo\u00a0tradi\u010dn\u011b v konstruktivn\u00ed, pracovn\u00ed atmosf\u00e9\u0159e. Podrobn\u011b, a to i za \u00fa\u010dasti delegac\u00ed, jsme hovo\u0159ili o stavu a perspektiv\u00e1ch rozvoje rusko-n\u011bmeck\u00fdch vztah\u016f, vym\u011bnili jsme si n\u00e1zory na \u0161irok\u00e9 spektrum probl\u00e9m\u016f,\u201c \u0159ekl Putin na z\u00e1v\u011bre\u010dn\u00e9 tiskov\u00e9 konferenci.<\/p>\n<p><strong>Afgh\u00e1nist\u00e1n<\/strong><\/p>\n<p>Jak uvedl rusk\u00fd prezident, jedn\u00edm z hlavn\u00edch t\u00e9mat setk\u00e1n\u00ed byla\u00a0situace v Afgh\u00e1nist\u00e1nu.\u00a0Podle jeho slov je nyn\u00ed kl\u00ed\u010dov\u00fdm \u00fakolem zabr\u00e1nit terorist\u016fm ve vstupu do sousedn\u00edch zem\u00ed pod rou\u0161kou uprchl\u00edk\u016f.<\/p>\n<p>\u201eZn\u00e1me Afgh\u00e1nist\u00e1n, v\u00edme dob\u0159e, p\u0159esv\u011bd\u010dili jsme se o tom, jak je tato zem\u011b organizov\u00e1na a jak kontraproduktivn\u00ed je sna\u017eit se vnutit j\u00ed neobvykl\u00e9 formy vl\u00e1dy a ve\u0159ejn\u00e9ho \u017eivota. (&#8230;) Jak\u00e9koli takov\u00e9 soci\u00e1ln\u011b-politick\u00e9 experimenty nikdy nebyly korunov\u00e1ny \u00fasp\u011bchem a vedly pouze k ni\u010den\u00ed st\u00e1t\u016f, degradaci jejich politick\u00fdch a soci\u00e1ln\u00edch syst\u00e9m\u016f,\u201c dodal prezident.<\/p>\n<p>Merkelov\u00e1 s politov\u00e1n\u00edm up\u0159esnila, \u017ee T\u00e1lib\u00e1n* z\u00edskal v\u011bt\u0161\u00ed podporu, \u201ene\u017e bychom si p\u0159\u00e1li\u201c. Uznala, \u017ee Z\u00e1pad bude muset s t\u00edmto radik\u00e1ln\u00edm hnut\u00edm vyjedn\u00e1vat a \u201epokusit se zachr\u00e1nit ty, kter\u00fdm jde o \u017eivot, aby mohli opustit zemi\u201c.<\/p>\n<p><strong>Ukrajina<\/strong><\/p>\n<p>Nejvy\u0161\u0161\u00ed st\u00e1tn\u00ed p\u0159edstavitel\u00e9 se tak\u00e9 dotkli\u00a0t\u00e9matu Ukrajiny. Rusk\u00fd prezident poznamenal, \u017ee po\u017e\u00e1dal Merkelovou, aby b\u011bhem jej\u00ed n\u00e1v\u0161t\u011bvy Kyjeva 22. srpna ovlivnila \u00fa\u0159ady zem\u011b, aby splnily v\u0161echny z\u00e1vazky v\u016f\u010di Donbasu.<\/p>\n<p>\u201eDnes jsem informoval spolkovou kancl\u00e9\u0159ku, \u017ee vl\u00e1da Ukrajiny p\u0159edlo\u017eila dal\u0161\u00ed n\u00e1vrh z\u00e1kona, a pokud bude tento z\u00e1kon p\u0159ijat, bude to znamenat (&#8230;) de facto jednostrann\u00e9 vystoupen\u00ed Ukrajiny z minsk\u00e9ho procesu. Tam nejen\u017ee n\u011bco odporuje minsk\u00fdm dohod\u00e1m, tam je v\u0161e v rozporu s minsk\u00fdmi dohodami,\u201c prohl\u00e1sil Putin.<\/p>\n<p>Vyj\u00e1d\u0159il nad\u011bji, \u017ee Moskva bude moci pokra\u010dovat v dialogu s nov\u00fdm veden\u00edm N\u011bmecka o urovn\u00e1n\u00ed konfliktu na jihov\u00fdchod\u011b Ukrajiny.<\/p>\n<p>Kancl\u00e9\u0159ka zd\u016fraznila, \u017ee normandsk\u00fd form\u00e1t je jedin\u00fdm existuj\u00edc\u00edm politick\u00fdm mechanismem pro diskusi o kontroverzn\u00edch t\u00e9matech.<\/p>\n<p>\u201eV tuto chv\u00edli je zde ur\u010dit\u00e1 stagnace. Ukrajin\u0161t\u00ed voj\u00e1ci bohu\u017eel um\u00edraj\u00ed pod\u00e9l demarka\u010dn\u00ed linie a j\u00e1 jsem velmi vystupovala za to, aby byl obnoven a o\u017eiven tento form\u00e1t,\u201c uvedla Merkelov\u00e1.<\/p>\n<p><strong>Nord Stream 2<\/strong><\/p>\n<p>Merkelov\u00e1 ve sv\u00e9m projevu tak\u00e9 uvedla, \u017ee s rusk\u00fdm prezidentem jednala o t\u00e9matu\u00a0plynovodu Nord Stream 2\u00a0a dosa\u017een\u00fdch dohod\u00e1ch o tomto projektu se Spojen\u00fdmi st\u00e1ty.<\/p>\n<p>\u201eCht\u011bla bych zd\u016fraznit, \u017ee se nejedn\u00e1 o bilater\u00e1ln\u00ed rusko-n\u011bmeck\u00fd projekt, ale projekt evropsk\u00e9ho charakteru, proto\u017ee se na n\u011bm pod\u00edlej\u00ed i dal\u0161\u00ed podniky z jin\u00fdch zem\u00ed,\u201c dodala kancl\u00e9\u0159ka.<\/p>\n<p>Putin poznamenal, \u017ee po mo\u0159i zb\u00fdv\u00e1 polo\u017eit pouze 15 kilometr\u016f potrub\u00ed, co\u017e znamen\u00e1, \u017ee se projekt bl\u00ed\u017e\u00ed k dokon\u010den\u00ed.<\/p>\n<p><strong>Navalnyj<\/strong><\/p>\n<p>V odpov\u011bdi na novin\u00e1\u0159ovu ot\u00e1zku ohledn\u011b\u00a0Alexeje Navaln\u00e9ho\u00a0Putin p\u0159ipomn\u011bl, \u017ee bloger\u00a0nebyl\u00a0odsouzen za politickou aktivitu, ale za trestn\u00e9 \u010diny.<\/p>\n<p>Prezident vyzval k respektov\u00e1n\u00ed rozhodnut\u00ed rusk\u00e9ho soudu.<\/p>\n<p>\u201eCo se t\u00fd\u010de politick\u00e9 aktivity, nikdo by se nem\u011bl schov\u00e1vat za politickou aktivitu p\u0159i prov\u00e1d\u011bn\u00ed obchodn\u00edch projekt\u016f, t\u00edm sp\u00ed\u0161e v rozporu se z\u00e1konem,\u201c dodal Putin.<\/p>\n<p>Merkelov\u00e1 ozna\u010dila situaci s Navaln\u00fdm za \u201et\u00ed\u017eivou\u201c a zd\u016fraznila, \u017ee ji bude Berl\u00edn sledovat.<\/p>\n<p>V z\u00e1v\u011bre\u010dn\u00e9 \u0159e\u010di Putin zd\u016fraznil, \u017ee Merkelov\u00e1 bude v Moskv\u011b v\u017edy s radost\u00ed v\u00edt\u00e1na, i kdy\u017e opust\u00ed svou funkci.<\/p>\n<p>N\u011bmeck\u00e9 kancl\u00e9\u0159ka z\u0159ejm\u011b p\u0159ijela do rusk\u00e9 metropole v tomto postaven\u00ed naposledy. V z\u00e1\u0159\u00ed se budou konat volby do Spolkov\u00e9ho sn\u011bmu, kter\u00fdch se ji\u017e nez\u00fa\u010dastn\u00ed.<\/p>\n<p><em>* teroristick\u00e1 organizace zak\u00e1zan\u00e1 v Rusku<\/em><\/p>\n<p><a href=\"https:\/\/cz.sputniknews.com\/20210820\/putin-a-merkelova-hovorili-o-donbasu-afghanistanu-i-nord-stream-2-15565592.html\">ZDROJ<\/a><\/p>\n<p>&nbsp;<\/p>\n","protected":false},"excerpt":{"rendered":"<p>V Kremlu skon\u010dilo jedn\u00e1n\u00ed Vladimira Putina s n\u011bmeckou kancl\u00e9\u0159kou Angelou Merkelovou, kter\u00e9 trvalo t\u00e9m\u011b\u0159 t\u0159i&#8230;<\/p>\n","protected":false},"author":2,"featured_media":4208,"comment_status":"closed","ping_status":"closed","sticky":false,"template":"","format":"standard","meta":[],"categories":[7],"tags":[1065,505,84,102,22],"_links":{"self":[{"href":"https:\/\/www.infokuryr.cz\/n\/wp-json\/wp\/v2\/posts\/4207"}],"collection":[{"href":"https:\/\/www.infokuryr.cz\/n\/wp-json\/wp\/v2\/posts"}],"about":[{"href":"https:\/\/www.infokuryr.cz\/n\/wp-json\/wp\/v2\/types\/post"}],"author":[{"embeddable":true,"href":"https:\/\/www.infokuryr.cz\/n\/wp-json\/wp\/v2\/users\/2"}],"replies":[{"embeddable":true,"href":"https:\/\/www.infokuryr.cz\/n\/wp-json\/wp\/v2\/comments?post=4207"}],"version-history":[{"count":0,"href":"https:\/\/www.infokuryr.cz\/n\/wp-json\/wp\/v2\/posts\/4207\/revisions"}],"wp:featuredmedia":[{"embeddable":true,"href":"https:\/\/www.infokuryr.cz\/n\/wp-json\/wp\/v2\/media\/4208"}],"wp:attachment":[{"href":"https:\/\/www.infokuryr.cz\/n\/wp-json\/wp\/v2\/media?parent=4207"}],"wp:term":[{"taxonomy":"category","embeddable":true,"href":"https:\/\/www.infokuryr.cz\/n\/wp-json\/wp\/v2\/categories?post=4207"},{"taxonomy":"post_tag","embeddable":true,"href":"https:\/\/www.infokuryr.cz\/n\/wp-json\/wp\/v2\/tags?post=4207"}],"curies":[{"name":"wp","href":"https:\/\/api.w.org\/{rel}","templated":true}]}}