{"id":42003,"date":"2023-12-08T00:48:29","date_gmt":"2023-12-07T23:48:29","guid":{"rendered":"http:\/\/www.infokuryr.cz\/n\/?p=42003"},"modified":"2023-12-07T15:26:20","modified_gmt":"2023-12-07T14:26:20","slug":"husiove-rikaji-ze-vypalili-balisticke-strely-na-izraelsky-eilat","status":"publish","type":"post","link":"https:\/\/www.infokuryr.cz\/n\/2023\/12\/08\/husiove-rikaji-ze-vypalili-balisticke-strely-na-izraelsky-eilat\/","title":{"rendered":"H\u00fas\u00edov\u00e9 \u0159\u00edkaj\u00ed, \u017ee vyp\u00e1lili balistick\u00e9 st\u0159ely na izraelsk\u00fd Eilat"},"content":{"rendered":"<div id=\"fb-root\"><\/div>\n<p><strong><span>H\u00fas\u00edov\u00e9 (Ansar Allah) v Jemenu se p\u0159ihl\u00e1sili k odpov\u011bdnosti za raketov\u00fd \u00fatok, jeho\u017e c\u00edlem bylo 6. prosince nejji\u017en\u011bj\u0161\u00ed izraelsk\u00e9 m\u011bsto Ejlat.<\/span><\/strong><\/p>\n<p><span>Brig\u00e1dn\u00ed gener\u00e1l Yahya Sari, mluv\u010d\u00ed Houthi\u016f, uvedl, \u017ee na vojensk\u00e9 pozice pobl\u00ed\u017e Ejlatu bylo vypu\u0161t\u011bno n\u011bkolik balistick\u00fdch st\u0159el.<\/span><\/p>\n<p><span>Mluv\u010d\u00ed varoval, \u017ee <strong>H\u00fas\u00edov\u00e9 <\/strong>budou i nad\u00e1le \u201eprov\u00e1d\u011bt sv\u00e9 vojensk\u00e9 operace proti izraelsk\u00e9mu nep\u0159\u00edteli a tak\u00e9 v prov\u00e1d\u011bn\u00ed rozhodnut\u00ed zabr\u00e1nit izraelsk\u00fdm lod\u00edm v plavb\u011b Arabsk\u00fdm a Rud\u00fdm mo\u0159em na podporu utla\u010dovan\u00e9ho palestinsk\u00e9ho lidu\u201c.<\/span><\/p>\n<p><span>Izrael uvedl, \u017ee jedin\u00e1 raketa \u201ezem\u011b-zem\u011b\u201c byla zachycena jeho syst\u00e9mem protivzdu\u0161n\u00e9 obrany Arrow nad Rud\u00fdm mo\u0159em mimo jeho vzdu\u0161n\u00fd prostor.\u00a0Nebyly hl\u00e1\u0161eny \u017e\u00e1dn\u00e9 ob\u011bti ani \u0161kody.<\/span><\/p>\n<p><a href=\"https:\/\/stranapro.cz\/\"><img decoding=\"async\" loading=\"lazy\" class=\"alignnone  wp-image-40285 aligncenter\" src=\"http:\/\/www.infokuryr.cz\/n\/wp-content\/uploads\/2023\/11\/11pro-300x79.png\" alt=\"\" width=\"475\" height=\"125\" srcset=\"https:\/\/www.infokuryr.cz\/n\/wp-content\/uploads\/2023\/11\/11pro-300x79.png 300w, https:\/\/www.infokuryr.cz\/n\/wp-content\/uploads\/2023\/11\/11pro.png 363w\" sizes=\"(max-width: 475px) 100vw, 475px\" \/><\/a><\/p>\n<p><span>D\u0159\u00edve 6. prosince britsk\u00e1 agentura Maritime Trade Operations (UKMTO) a britsk\u00e1 spole\u010dnost pro n\u00e1mo\u0159n\u00ed bezpe\u010dnost Ambrey ohl\u00e1sily incident t\u00fdkaj\u00edc\u00ed se podez\u0159el\u00e9ho dronu nad Rud\u00fdm mo\u0159em z\u00e1padn\u011b od jemensk\u00e9ho p\u0159\u00edstavu Hodeidah.\u00a0UKMTO varovala plavidla proj\u00ed\u017ed\u011bj\u00edc\u00ed oblast\u00ed, aby byla obez\u0159etn\u00e1.<\/span><\/p>\n<p><span>P\u0159edstavitel\u00e9 Spojen\u00fdch st\u00e1t\u016f uvedli, \u017ee USS Mason, torp\u00e9doborec t\u0159\u00eddy Arleigh Burke, sest\u0159elil dron, kter\u00fd byl vypu\u0161t\u011bn z Jemenu.<\/span><\/p>\n<p><span>H\u00fas\u00edov\u00e9, kte\u0159\u00ed ovl\u00e1daj\u00ed velkou \u010d\u00e1st Jemenu a udr\u017euj\u00ed velk\u00fd arzen\u00e1l raket a dron\u016f, jsou sou\u010d\u00e1st\u00ed takzvan\u00e9 \u201eOsy odporu\u201c, kterou podporuje \u00cdr\u00e1n a stav\u00ed se proti Izraeli.\u00a0Po vypuknut\u00ed v\u00e1lky v Gaze zah\u00e1jili H\u00fas\u00edov\u00e9 n\u011bkolik raketov\u00fdch a dronov\u00fdch \u00fatok\u016f na c\u00edle v Izraeli.\u00a0Zmocnili se tak\u00e9 lodi vlastn\u011bn\u00e9 Izraelem a zam\u011b\u0159ili se na n\u011bkolik dal\u0161\u00edch pobl\u00ed\u017e jemensk\u00fdch vod.<\/span><\/p>\n<p><span>Ani Izrael, ani USA zat\u00edm nereagovaly na ned\u00e1vn\u00e9 \u00fatoky H\u00fas\u00ed\u016f.\u00a0Jak\u00e9koli \u00fadery nebo pozemn\u00ed operace proti H\u00fas\u00ed\u016fm by mohly znovu rozpoutat v\u00e1lku v Jemenu.<\/span><\/p>\n<p><img decoding=\"async\" loading=\"lazy\" class=\"alignnone size-full wp-image-1185\" src=\"http:\/\/www.infokuryr.cz\/n\/wp-content\/uploads\/2021\/04\/kuryr-podpis.png\" alt=\"\" width=\"84\" height=\"24\" \/><\/p>\n<p>&nbsp;<\/p>\n<p>&nbsp;<\/p>\n","protected":false},"excerpt":{"rendered":"<p>H\u00fas\u00edov\u00e9 (Ansar Allah) v Jemenu se p\u0159ihl\u00e1sili k odpov\u011bdnosti za raketov\u00fd \u00fatok, jeho\u017e c\u00edlem bylo&#8230;<\/p>\n","protected":false},"author":2,"featured_media":42004,"comment_status":"closed","ping_status":"closed","sticky":false,"template":"","format":"standard","meta":[],"categories":[7],"tags":[6184,107,1400,1075],"_links":{"self":[{"href":"https:\/\/www.infokuryr.cz\/n\/wp-json\/wp\/v2\/posts\/42003"}],"collection":[{"href":"https:\/\/www.infokuryr.cz\/n\/wp-json\/wp\/v2\/posts"}],"about":[{"href":"https:\/\/www.infokuryr.cz\/n\/wp-json\/wp\/v2\/types\/post"}],"author":[{"embeddable":true,"href":"https:\/\/www.infokuryr.cz\/n\/wp-json\/wp\/v2\/users\/2"}],"replies":[{"embeddable":true,"href":"https:\/\/www.infokuryr.cz\/n\/wp-json\/wp\/v2\/comments?post=42003"}],"version-history":[{"count":0,"href":"https:\/\/www.infokuryr.cz\/n\/wp-json\/wp\/v2\/posts\/42003\/revisions"}],"wp:featuredmedia":[{"embeddable":true,"href":"https:\/\/www.infokuryr.cz\/n\/wp-json\/wp\/v2\/media\/42004"}],"wp:attachment":[{"href":"https:\/\/www.infokuryr.cz\/n\/wp-json\/wp\/v2\/media?parent=42003"}],"wp:term":[{"taxonomy":"category","embeddable":true,"href":"https:\/\/www.infokuryr.cz\/n\/wp-json\/wp\/v2\/categories?post=42003"},{"taxonomy":"post_tag","embeddable":true,"href":"https:\/\/www.infokuryr.cz\/n\/wp-json\/wp\/v2\/tags?post=42003"}],"curies":[{"name":"wp","href":"https:\/\/api.w.org\/{rel}","templated":true}]}}