{"id":42001,"date":"2023-12-08T00:47:59","date_gmt":"2023-12-07T23:47:59","guid":{"rendered":"http:\/\/www.infokuryr.cz\/n\/?p=42001"},"modified":"2023-12-07T15:20:21","modified_gmt":"2023-12-07T14:20:21","slug":"generalni-tajemnik-osn-se-dovolava-clanku-99-o-gaze","status":"publish","type":"post","link":"https:\/\/www.infokuryr.cz\/n\/2023\/12\/08\/generalni-tajemnik-osn-se-dovolava-clanku-99-o-gaze\/","title":{"rendered":"Gener\u00e1ln\u00ed tajemn\u00edk OSN se dovol\u00e1v\u00e1 \u010dl\u00e1nku 99 o Gaze"},"content":{"rendered":"<div id=\"fb-root\"><\/div>\n<p><span style=\"font-size: 18pt;\"><em><b style=\"font-size: 18pt;\">Antonio Guterres varoval p\u0159ed prohlubuj\u00edc\u00ed se \u201e<\/b><span style=\"font-size: 24px;\"><b>katastrofou<\/b><\/span><b style=\"font-size: 18pt;\">\u201c v Gaze, kdy\u017e vyzval Radu bezpe\u010dnosti, aby jednala<\/b><\/em><\/span><\/p>\n<p>Gener\u00e1ln\u00ed tajemn\u00edk OSN Antonio Guterres se odvolal na \u010dl\u00e1nek 99 Charty OSN a vyzval Radu bezpe\u010dnosti OSN, aby ve v\u011bci v\u00e1lky v Gaze jednala.<\/p>\n<p>Vz\u00e1cn\u00fd krok ve st\u0159edu p\u0159ich\u00e1z\u00ed v dob\u011b, kdy 15\u010dlenn\u00e1 Rada bezpe\u010dnosti je\u0161t\u011b nep\u0159ijala rezoluci vyz\u00fdvaj\u00edc\u00ed k p\u0159\u00edm\u011b\u0159\u00ed mezi Izraelem, Ham\u00e1sem a jejich spojenci.<\/p>\n<p class=\"p1\">\u010cl\u00e1nek 99 umo\u017e\u0148uje gener\u00e1ln\u00edmu tajemn\u00edkovi \u201eupozornit Radu bezpe\u010dnosti na jakoukoli z\u00e1le\u017eitost, kter\u00e1 podle jeho n\u00e1zoru m\u016f\u017ee ohrozit zachov\u00e1n\u00ed mezin\u00e1rodn\u00edho m\u00edru a bezpe\u010dnosti\u201c.<\/p>\n<p>Ve sv\u00e9m dopise p\u0159edsedovi rady se Guterres dovol\u00e1val t\u00e9to odpov\u011bdnosti a uvedl, \u017ee v\u011b\u0159\u00ed, \u017ee situace v Izraeli a na okupovan\u00fdch palestinsk\u00fdch \u00fazem\u00edch \u201em\u016f\u017ee zhor\u0161it st\u00e1vaj\u00edc\u00ed hrozby pro udr\u017een\u00ed mezin\u00e1rodn\u00edho m\u00edru a bezpe\u010dnosti\u201c.<\/p>\n<p><a href=\"https:\/\/www.aljazeera.com\/news\/2023\/10\/18\/un-chief-guterres-condemns-collective-punishment-of-palestinians\">Guterres \u2013 kter\u00fd od 18. \u0159\u00edjna<\/a>\u00a0vol\u00e1 po \u201eokam\u017eit\u00e9m humanit\u00e1rn\u00edm p\u0159\u00edm\u011b\u0159\u00ed\u201c\u00a0\u2013 tak\u00e9 popsal \u201ed\u011bsiv\u00e9 lidsk\u00e9 utrpen\u00ed, fyzick\u00e9 ni\u010den\u00ed a kolektivn\u00ed trauma v Izraeli a na okupovan\u00fdch palestinsk\u00fdch \u00fazem\u00edch\u201c.<\/p>\n<p>\u010cl\u00e1nek 99 je zvl\u00e1\u0161tn\u00ed pravomoc \u2013 a jedin\u00fd nez\u00e1visl\u00fd politick\u00fd n\u00e1stroj, kter\u00fd m\u00e1 gener\u00e1ln\u00ed tajemn\u00edk v Chart\u011b OSN \u2013 kter\u00fd mu umo\u017e\u0148uje z vlastn\u00ed iniciativy svolat zased\u00e1n\u00ed Rady bezpe\u010dnosti, aby vydala varov\u00e1n\u00ed p\u0159ed nov\u00fdmi hrozbami pro mezin\u00e1rodn\u00ed m\u00edr a bezpe\u010dnost. , a z\u00e1le\u017eitosti, kter\u00e9 je\u0161t\u011b nejsou na programu zastupitelstva.<\/p>\n<h2 id=\"we-cannot-wait\">&#8218;Nem\u016f\u017eeme \u010dekat&#8216;<\/h2>\n<p>V reakci na Guterres\u016fv dopis zaslal \u010dlen Rady bezpe\u010dnosti Spojen\u00e9 arabsk\u00e9 emir\u00e1ty na X zpr\u00e1vu, \u017ee p\u0159edlo\u017eil rad\u011b nov\u00fd n\u00e1vrh rezoluce a \u201evyzval k urychlen\u00e9mu p\u0159ijet\u00ed usnesen\u00ed o humanit\u00e1rn\u00edm p\u0159\u00edm\u011b\u0159\u00ed\u201c.<\/p>\n<p>Varoval, \u017ee situace v Gaze je katastrof\u00e1ln\u00ed a t\u00e9m\u011b\u0159 nezvratn\u00e1, a dodal: &#8222;Nem\u016f\u017eeme \u010dekat.&#8220;<\/p>\n<div class=\"container--ads in-article-ads\">\n<div class=\"ads\">\n<div class=\"ads__slot\">\n<div>\n<div id=\"div-gpt-ad-77374040473\" class=\"freestar-ads\" data-google-query-id=\"CLLP5qDB_YIDFVYn4Aod_AgNtA\">\n<div id=\"google_ads_iframe_\/15184186,5287\/aljazeera_incontent_1_0__container__\"><\/div>\n<\/div>\n<\/div>\n<\/div>\n<\/div>\n<\/div>\n<div class=\"twitter-tweet twitter-tweet-rendered\"><iframe id=\"twitter-widget-0\" class=\"\" title=\"Twitter Tweet\" src=\"https:\/\/platform.twitter.com\/embed\/Tweet.html?dnt=true&amp;embedId=twitter-widget-0&amp;features=eyJ0ZndfdGltZWxpbmVfbGlzdCI6eyJidWNrZXQiOltdLCJ2ZXJzaW9uIjpudWxsfSwidGZ3X2ZvbGxvd2VyX2NvdW50X3N1bnNldCI6eyJidWNrZXQiOnRydWUsInZlcnNpb24iOm51bGx9LCJ0ZndfdHdlZXRfZWRpdF9iYWNrZW5kIjp7ImJ1Y2tldCI6Im9uIiwidmVyc2lvbiI6bnVsbH0sInRmd19yZWZzcmNfc2Vzc2lvbiI6eyJidWNrZXQiOiJvbiIsInZlcnNpb24iOm51bGx9LCJ0ZndfZm9zbnJfc29mdF9pbnRlcnZlbnRpb25zX2VuYWJsZWQiOnsiYnVja2V0Ijoib24iLCJ2ZXJzaW9uIjpudWxsfSwidGZ3X21peGVkX21lZGlhXzE1ODk3Ijp7ImJ1Y2tldCI6InRyZWF0bWVudCIsInZlcnNpb24iOm51bGx9LCJ0ZndfZXhwZXJpbWVudHNfY29va2llX2V4cGlyYXRpb24iOnsiYnVja2V0IjoxMjA5NjAwLCJ2ZXJzaW9uIjpudWxsfSwidGZ3X3Nob3dfYmlyZHdhdGNoX3Bpdm90c19lbmFibGVkIjp7ImJ1Y2tldCI6Im9uIiwidmVyc2lvbiI6bnVsbH0sInRmd19kdXBsaWNhdGVfc2NyaWJlc190b19zZXR0aW5ncyI6eyJidWNrZXQiOiJvbiIsInZlcnNpb24iOm51bGx9LCJ0ZndfdXNlX3Byb2ZpbGVfaW1hZ2Vfc2hhcGVfZW5hYmxlZCI6eyJidWNrZXQiOiJvbiIsInZlcnNpb24iOm51bGx9LCJ0ZndfdmlkZW9faGxzX2R5bmFtaWNfbWFuaWZlc3RzXzE1MDgyIjp7ImJ1Y2tldCI6InRydWVfYml0cmF0ZSIsInZlcnNpb24iOm51bGx9LCJ0ZndfbGVnYWN5X3RpbWVsaW5lX3N1bnNldCI6eyJidWNrZXQiOnRydWUsInZlcnNpb24iOm51bGx9LCJ0ZndfdHdlZXRfZWRpdF9mcm9udGVuZCI6eyJidWNrZXQiOiJvbiIsInZlcnNpb24iOm51bGx9fQ%3D%3D&amp;frame=false&amp;hideCard=false&amp;hideThread=false&amp;id=1732501957472850329&amp;lang=cs&amp;origin=https%3A%2F%2Fwww.aljazeera.com%2Fnews%2F2023%2F12%2F7%2Fun-secretary-general-invokes-article-99-on-gaza&amp;sessionId=d48f24e2808a1afc03fe424caa3df90e8437de3f&amp;theme=light&amp;widgetsVersion=01917f4d1d4cb%3A1696883169554&amp;width=550px\" frameborder=\"0\" scrolling=\"no\" allowfullscreen=\"allowfullscreen\" data-tweet-id=\"1732501957472850329\" data-mce-fragment=\"1\"><\/iframe><\/div>\n<p>Pokud se rada rozhodne jednat podle Guterresovy rady a p\u0159ijme rezoluci o p\u0159\u00edm\u011b\u0159\u00ed, m\u00e1 k dispozici\u00a0<a href=\"https:\/\/www.aljazeera.com\/news\/2023\/11\/11\/can-the-next-un-vote-stop-israels-war-on-gaza\">dal\u0161\u00ed pravomoci<\/a>\u00a0k zaji\u0161t\u011bn\u00ed realizace rezoluce, v\u010detn\u011b pravomoci uvalit sankce nebo povolit rozm\u00edst\u011bn\u00ed mezin\u00e1rodn\u00edch sil.<\/p>\n<p>Ale p\u011bt st\u00e1l\u00fdch \u010dlen\u016f rady \u2013 \u010c\u00edna, Rusko, USA, Velk\u00e1 Brit\u00e1nie a Francie \u2013 m\u00e1 pr\u00e1vo veta.<\/p>\n<p>USA\u00a0<a href=\"https:\/\/www.aljazeera.com\/news\/2023\/10\/18\/us-vetoes-un-resolution-calling-for-humanitarian-pause-in-israel-hamas-war\">pou\u017eily toto veto<\/a>\u00a018. \u0159\u00edjna proti rezoluci, kter\u00e1 by odsoudila \u00fatok Hamasu na Izrael a z\u00e1rove\u0148 vyzvala k pozastaven\u00ed boj\u016f, aby mohla do Gazy humanit\u00e1rn\u00ed pomoc.<\/p>\n<p>Dvan\u00e1ct dal\u0161\u00edch \u010dlen\u016f rady hlasovalo pro, zat\u00edmco Rusko a Spojen\u00e9 kr\u00e1lovstv\u00ed se zdr\u017eely hlasov\u00e1n\u00ed.<\/p>\n<h2 id=\"catastrophe-looms\">Hroz\u00ed katastrofa<\/h2>\n<p>Guterres uvedl, \u017ee pokra\u010duj\u00edc\u00ed ne\u010dinnost Rady bezpe\u010dnosti a prudk\u00e9 zhor\u0161ov\u00e1n\u00ed situace v Gaze ho p\u0159im\u011bly k tomu, aby poprv\u00e9 od sv\u00e9ho n\u00e1stupu do nejvy\u0161\u0161\u00ed funkce v OSN v roce 2017 pou\u017eil \u010dl\u00e1nek 99.<\/p>\n<p>Varoval, \u017ee ve\u0159ejn\u00fd po\u0159\u00e1dek v Gaze by se mohl brzy zhroutil uprost\u0159ed \u00fapln\u00e9ho kolapsu humanit\u00e1rn\u00edho syst\u00e9mu.<\/p>\n<p>\u201eSituace se rychle zhor\u0161uje v katastrofu s potenci\u00e1ln\u011b nezvratn\u00fdmi d\u016fsledky pro Palestince jako celek a pro m\u00edr a bezpe\u010dnost v regionu,\u201c napsal.<\/p>\n<p>&#8222;Takov\u00e9mu v\u00fdsledku je t\u0159eba se za ka\u017edou cenu vyhnout.&#8220;<\/p>\n<div class=\"twitter-tweet twitter-tweet-rendered\"><iframe id=\"twitter-widget-1\" class=\"\" title=\"Twitter Tweet\" src=\"https:\/\/platform.twitter.com\/embed\/Tweet.html?dnt=true&amp;embedId=twitter-widget-1&amp;features=eyJ0ZndfdGltZWxpbmVfbGlzdCI6eyJidWNrZXQiOltdLCJ2ZXJzaW9uIjpudWxsfSwidGZ3X2ZvbGxvd2VyX2NvdW50X3N1bnNldCI6eyJidWNrZXQiOnRydWUsInZlcnNpb24iOm51bGx9LCJ0ZndfdHdlZXRfZWRpdF9iYWNrZW5kIjp7ImJ1Y2tldCI6Im9uIiwidmVyc2lvbiI6bnVsbH0sInRmd19yZWZzcmNfc2Vzc2lvbiI6eyJidWNrZXQiOiJvbiIsInZlcnNpb24iOm51bGx9LCJ0ZndfZm9zbnJfc29mdF9pbnRlcnZlbnRpb25zX2VuYWJsZWQiOnsiYnVja2V0Ijoib24iLCJ2ZXJzaW9uIjpudWxsfSwidGZ3X21peGVkX21lZGlhXzE1ODk3Ijp7ImJ1Y2tldCI6InRyZWF0bWVudCIsInZlcnNpb24iOm51bGx9LCJ0ZndfZXhwZXJpbWVudHNfY29va2llX2V4cGlyYXRpb24iOnsiYnVja2V0IjoxMjA5NjAwLCJ2ZXJzaW9uIjpudWxsfSwidGZ3X3Nob3dfYmlyZHdhdGNoX3Bpdm90c19lbmFibGVkIjp7ImJ1Y2tldCI6Im9uIiwidmVyc2lvbiI6bnVsbH0sInRmd19kdXBsaWNhdGVfc2NyaWJlc190b19zZXR0aW5ncyI6eyJidWNrZXQiOiJvbiIsInZlcnNpb24iOm51bGx9LCJ0ZndfdXNlX3Byb2ZpbGVfaW1hZ2Vfc2hhcGVfZW5hYmxlZCI6eyJidWNrZXQiOiJvbiIsInZlcnNpb24iOm51bGx9LCJ0ZndfdmlkZW9faGxzX2R5bmFtaWNfbWFuaWZlc3RzXzE1MDgyIjp7ImJ1Y2tldCI6InRydWVfYml0cmF0ZSIsInZlcnNpb24iOm51bGx9LCJ0ZndfbGVnYWN5X3RpbWVsaW5lX3N1bnNldCI6eyJidWNrZXQiOnRydWUsInZlcnNpb24iOm51bGx9LCJ0ZndfdHdlZXRfZWRpdF9mcm9udGVuZCI6eyJidWNrZXQiOiJvbiIsInZlcnNpb24iOm51bGx9fQ%3D%3D&amp;frame=false&amp;hideCard=false&amp;hideThread=false&amp;id=1732457928496496793&amp;lang=cs&amp;origin=https%3A%2F%2Fwww.aljazeera.com%2Fnews%2F2023%2F12%2F7%2Fun-secretary-general-invokes-article-99-on-gaza&amp;sessionId=d48f24e2808a1afc03fe424caa3df90e8437de3f&amp;theme=light&amp;widgetsVersion=01917f4d1d4cb%3A1696883169554&amp;width=550px\" frameborder=\"0\" scrolling=\"no\" allowfullscreen=\"allowfullscreen\" data-tweet-id=\"1732457928496496793\" data-mce-fragment=\"1\"><\/iframe><\/div>\n<p>Guterresovo odvol\u00e1n\u00ed se na \u010dl\u00e1nek 99 ale nep\u0159iv\u00edtal izraelsk\u00fd velvyslanec p\u0159i OSN Gilad Erdan.<\/p>\n<p>V p\u0159\u00edsp\u011bvku na X Erdan popsal dopis jako \u201edal\u0161\u00ed d\u016fkaz\u201c Guterresova \u201emor\u00e1ln\u00edho zkreslen\u00ed a jeho zaujatosti v\u016f\u010di Izraeli\u201c.<\/p>\n<p>&#8222;V\u00fdzva gener\u00e1ln\u00edho tajemn\u00edka k p\u0159\u00edm\u011b\u0159\u00ed je ve skute\u010dnosti v\u00fdzvou k udr\u017een\u00ed vl\u00e1dy teroru Ham\u00e1su v Gaze,&#8220; \u0159ekl Erdan, kter\u00fd tak\u00e9\u00a0<a href=\"https:\/\/www.aljazeera.com\/news\/2023\/12\/6\/why-is-israel-at-war-with-the-un\">zopakoval svou v\u00fdzvu<\/a>\u00a0, aby Guterres rezignoval.<\/p>\n<p>Charta OSN poskytuje pouze omezen\u00e9 pravomoci gener\u00e1ln\u00edmu tajemn\u00edkovi OSN, kter\u00fd slou\u017e\u00ed jako hlavn\u00ed administrativn\u00ed \u00fa\u0159edn\u00edk OSN a je volen \u010dlensk\u00fdmi st\u00e1ty.<\/p>\n<p>\u201eSkute\u010dnost, \u017ee tento n\u00e1stroj nebyl od roku 1989 pou\u017e\u00edv\u00e1n, rezonuje diplomaticky a symbolicky zde v New Yorku,\u201c \u0159ekl Al-D\u017eaz\u00ed\u0159e Daniel Forti, senior analytik pro advokacii a v\u00fdzkum OSN v International Crisis Group.<\/p>\n<p>Forti v\u0161ak dodal, \u017ee to \u201ez\u00e1sadn\u011b nezm\u011bn\u00ed politickou kalkulaci nejmocn\u011bj\u0161\u00edch \u010dlen\u016f Rady bezpe\u010dnosti\u201c.<\/p>\n<p><img decoding=\"async\" loading=\"lazy\" class=\"alignnone size-full wp-image-1185\" src=\"http:\/\/www.infokuryr.cz\/n\/wp-content\/uploads\/2021\/04\/kuryr-podpis.png\" alt=\"\" width=\"84\" height=\"24\" \/><\/p>\n<p>&nbsp;<\/p>\n<p><a href=\"https:\/\/stranapro.cz\/\"><img decoding=\"async\" loading=\"lazy\" class=\"wp-image-40286 aligncenter\" src=\"http:\/\/www.infokuryr.cz\/n\/wp-content\/uploads\/2023\/11\/12pro-300x87.png\" alt=\"\" width=\"1024\" height=\"297\" srcset=\"https:\/\/www.infokuryr.cz\/n\/wp-content\/uploads\/2023\/11\/12pro-300x87.png 300w, https:\/\/www.infokuryr.cz\/n\/wp-content\/uploads\/2023\/11\/12pro.png 366w\" sizes=\"(max-width: 1024px) 100vw, 1024px\" \/><\/a><\/p>\n<p>&nbsp;<\/p>\n<p>&nbsp;<\/p>\n<p>&nbsp;<\/p>\n","protected":false},"excerpt":{"rendered":"<p>Antonio Guterres varoval p\u0159ed prohlubuj\u00edc\u00ed se \u201ekatastrofou\u201c v Gaze, kdy\u017e vyzval Radu bezpe\u010dnosti, aby jednala&#8230;<\/p>\n","protected":false},"author":2,"featured_media":41788,"comment_status":"closed","ping_status":"closed","sticky":false,"template":"","format":"standard","meta":[],"categories":[7],"tags":[1232,186,1408,538],"_links":{"self":[{"href":"https:\/\/www.infokuryr.cz\/n\/wp-json\/wp\/v2\/posts\/42001"}],"collection":[{"href":"https:\/\/www.infokuryr.cz\/n\/wp-json\/wp\/v2\/posts"}],"about":[{"href":"https:\/\/www.infokuryr.cz\/n\/wp-json\/wp\/v2\/types\/post"}],"author":[{"embeddable":true,"href":"https:\/\/www.infokuryr.cz\/n\/wp-json\/wp\/v2\/users\/2"}],"replies":[{"embeddable":true,"href":"https:\/\/www.infokuryr.cz\/n\/wp-json\/wp\/v2\/comments?post=42001"}],"version-history":[{"count":1,"href":"https:\/\/www.infokuryr.cz\/n\/wp-json\/wp\/v2\/posts\/42001\/revisions"}],"predecessor-version":[{"id":42002,"href":"https:\/\/www.infokuryr.cz\/n\/wp-json\/wp\/v2\/posts\/42001\/revisions\/42002"}],"wp:featuredmedia":[{"embeddable":true,"href":"https:\/\/www.infokuryr.cz\/n\/wp-json\/wp\/v2\/media\/41788"}],"wp:attachment":[{"href":"https:\/\/www.infokuryr.cz\/n\/wp-json\/wp\/v2\/media?parent=42001"}],"wp:term":[{"taxonomy":"category","embeddable":true,"href":"https:\/\/www.infokuryr.cz\/n\/wp-json\/wp\/v2\/categories?post=42001"},{"taxonomy":"post_tag","embeddable":true,"href":"https:\/\/www.infokuryr.cz\/n\/wp-json\/wp\/v2\/tags?post=42001"}],"curies":[{"name":"wp","href":"https:\/\/api.w.org\/{rel}","templated":true}]}}