{"id":41998,"date":"2023-12-08T00:46:34","date_gmt":"2023-12-07T23:46:34","guid":{"rendered":"http:\/\/www.infokuryr.cz\/n\/?p=41998"},"modified":"2023-12-07T15:09:52","modified_gmt":"2023-12-07T14:09:52","slug":"jak-izrael-podkopal-vymenu-veznu-rozsirenim-definice-veznu-v-ostraze","status":"publish","type":"post","link":"https:\/\/www.infokuryr.cz\/n\/2023\/12\/08\/jak-izrael-podkopal-vymenu-veznu-rozsirenim-definice-veznu-v-ostraze\/","title":{"rendered":"Jak Izrael podkopal v\u00fdm\u011bnu v\u011bz\u0148\u016f roz\u0161\u00ed\u0159en\u00edm definice \u201ev\u011bz\u0148\u016f v ostraze\u201c"},"content":{"rendered":"<div id=\"fb-root\"><\/div>\n<p><span style=\"font-size: 18pt;\"><strong>Izrael podkopal v\u00fdm\u011bnu v\u011bz\u0148\u016f s Hamasem t\u00edm, \u017ee roz\u0161\u00ed\u0159il definici \u201ev\u011bz\u0148\u016f z ostrahy\u201c tak, aby zahrnovala i ty, kte\u0159\u00ed jsou dr\u017eeni jen kv\u016fli p\u0159\u00edsp\u011bvk\u016fm na soci\u00e1ln\u00edch s\u00edt\u00edch<\/strong><\/span><\/p>\n<p><span>V p\u00e1tek 1. prosince Izrael obnovil masivn\u00ed bombardov\u00e1n\u00ed Gazy v kampani, kter\u00e1 ji\u017e byla\u00a0<a href=\"https:\/\/www.youtube.com\/watch?v=fhknN2h-LS0\">mezin\u00e1rodn\u00edmi experty<\/a>\u00a0a\u00a0<a href=\"https:\/\/truthout.org\/articles\/oxfam-leader-says-humanitarian-crisis-in-gaza-is-worst-theyve-ever-seen\/\">organizacemi pro lidsk\u00e1 pr\u00e1va shled\u00e1na jednou z\u00a0<\/a><\/span><a href=\"https:\/\/mondoweiss.net\/2023\/11\/the-genocide-in-gaza-is-one-of-the-worst-in-modern-history\/\"><span>nejhor\u0161\u00edch a nejsmrteln\u011bj\u0161\u00edch<\/span><\/a><span>\u00a0v modern\u00ed historii\u00a0.\u00a0Izrael obvinil Ham\u00e1s z poru\u0161en\u00ed podm\u00ednek v\u00fdm\u011bny v\u011bz\u0148\u016f.\u00a0Sledov\u00e1n\u00edm politick\u00fdch proces\u016f u soudu v Haif\u011b jsem v\u0161ak zbl\u00edzka vid\u011bl, jak samotn\u00fd Izrael podkopal samotn\u00e9 z\u00e1klady toho, co znamen\u00e1 v\u00fdm\u011bna v\u011bz\u0148\u016f.\u00a0U\u010dinila tak prost\u0159ednictv\u00edm hromadn\u00e9ho zat\u00fdk\u00e1n\u00ed vlastn\u00edch palestinsk\u00fdch ob\u010dan\u016f p\u0159ed v\u00fdm\u011bnou v\u011bz\u0148\u016f, p\u0159i\u010dem\u017e je dr\u017eela v kategorii \u201ezajat\u00ed v\u011bzni\u201c (jejich\u017e definice byla roz\u0161\u00ed\u0159ena po 7. \u0159\u00edjnu), aby je n\u00e1sledn\u011b propustila v r\u00e1mci v\u00fdm\u011bny v\u011bz\u0148\u016f. \u2014 i kdy\u017e Izrael v\u016fbec nem\u011bl d\u016fvod je dr\u017eet ve v\u011bzen\u00ed.\u00a0Bylo to jednou, kdy se Palestinci uvnit\u0159 demarka\u010dn\u00ed linie n\u00e1hle stali v\u00fdznamnou sou\u010d\u00e1st\u00ed v\u011bt\u0161\u00edho konfliktu.<\/span><\/p>\n<p><span>V Palestin\u011b roku 1948 to pro n\u00e1s byly \u0161\u00edlen\u00e9 \u010dasy a lid\u00e9 jsou zde vyd\u011b\u0161en\u00ed.\u00a0Po\u010d\u00ednaje 7. \u0159\u00edjnem, kdy\u017e se \u0161ok z \u00fatok\u016f rychle zm\u011bnil v nevyb\u00edrav\u00fd vztek, se mnoz\u00ed v \u017eidovsk\u00e9 ve\u0159ejnosti obr\u00e1tili na sv\u00e9 palestinsk\u00e9 spolupracovn\u00edky a spolu\u017e\u00e1ky, aby odhalili zn\u00e1mky neloajality a ozn\u00e1mili je \u00fa\u0159ad\u016fm.\u00a0Stovky lid\u00ed byly vysl\u00fdch\u00e1ny a zat\u010deny jen za p\u0159\u00edsp\u011bvky na soci\u00e1ln\u00edch s\u00edt\u00edch.\u00a0Kdy\u017e jsem se zeptal jednoho apolitick\u00e9ho p\u0159\u00edtele ve sv\u00e9m okol\u00ed, jak se mu da\u0159\u00ed, odpov\u011bd\u011bl: \u201eNevid\u00edm, nesly\u0161\u00edm, nemluv\u00edm!\u201c\u00a0To pokra\u010dovalo dodnes.\u00a0Zrovna ned\u00e1vno jsem nav\u0161t\u00edvil svou prodejnu potravin na rohu a lid\u00e9 se dohadovali, zda budete zat\u010deni za \u201elajk\u201c nebo jen za sd\u00edlen\u00ed p\u0159\u00edsp\u011bvku.\u00a0Jak jsem \u0159ekl, strach je v\u0161ude.<\/span><\/p>\n<p><span>Politi\u010dt\u00ed v\u011bzni jsou d\u016fle\u017eitou sou\u010d\u00e1st\u00ed palestinsk\u00e9ho \u017eivota, a to i v popul\u00e1rn\u00ed kultu\u0159e.\u00a0Ale smysl b\u00fdt politick\u00fdm v\u011bzn\u011bm se po 7. \u0159\u00edjnu zm\u011bnil.<\/span><\/p>\n<div id=\"mondo-ads-1233046634\" class=\"mondo-ads-injection-1\">\n<div id=\"mondo-ads-1828680567\" class=\"mondo-ads-target\" data-mondo-ads-trackid=\"274201\" data-mondo-ads-trackbid=\"1\">\n<div class=\"ml-embedded\" data-form=\"efHM2I\">\n<div id=\"mlb2-5111043\" class=\"ml-form-embedContainer ml-subscribe-form ml-subscribe-form-5111043\">\n<div class=\"ml-form-align-center \">\n<div class=\"ml-form-embedWrapper embedForm\">\n<div class=\"ml-form-embedBody ml-form-embedBodyHorizontal row-form\">\n<div class=\"ml-form-embedContent\"><\/div>\n<\/div>\n<\/div>\n<\/div>\n<\/div>\n<\/div>\n<\/div>\n<\/div>\n<p><span>Vezm\u011bme si nap\u0159\u00edklad p\u0159\u00edpad Mariam (nen\u00ed to jej\u00ed prav\u00e9 jm\u00e9no), studentky z konzervativn\u00ed palestinsk\u00e9 rodiny.\u00a07. \u0159\u00edjna na\u0161li n\u011bkte\u0159\u00ed \u017eidov\u0161t\u00ed studenti m\u00edrn\u00fd politick\u00fd p\u0159\u00edsp\u011bvek na facebookov\u00e9 str\u00e1nce, kter\u00e1 nesla jej\u00ed jm\u00e9no.\u00a0St\u011b\u017eovali si na ni na univerzit\u011b v Haif\u011b.\u00a0Mariam tvrdila, \u017ee to nebyl jej\u00ed \u00fa\u010det, a zobrazila dal\u0161\u00ed \u00fa\u010det na Facebooku se sv\u00fdm jm\u00e9nem, \u200b\u200bkde zve\u0159ejnila fotografie sv\u00e9 rodiny a p\u0159\u00edbuzn\u00fdch.\u00a0Veden\u00ed univerzity krom\u011b administrativn\u00edch opat\u0159en\u00ed v\u016f\u010di Mariam obr\u00e1tilo jej\u00ed p\u0159\u00edpad na policii.<\/span><\/p>\n<p><span>Policie Mariam zatkla a zah\u00e1jila intenzivn\u00ed vy\u0161et\u0159ov\u00e1n\u00ed.\u00a0Jejich teorie byla, \u017ee dr\u017eela dv\u011b facebookov\u00e9 str\u00e1nky, jednu pro svou konzervativn\u00ed rodinu a druhou pro sv\u00e9 p\u0159\u00e1tele z univerzity.\u00a0Kdy\u017e Mariam obvin\u011bn\u00ed pop\u0159ela, p\u0159edvolali k v\u00fdslechu jej\u00ed p\u0159\u00e1tele a zn\u00e1m\u00e9.\u00a0I kdy\u017e n\u011bkte\u0159\u00ed dal\u0161\u00ed studenti s podobn\u00fdmi pozicemi byli propu\u0161t\u011bni, Mariamina vazba byla vr\u00e1cena do vazby s t\u00edm, \u017ee pokud by byla propu\u0161t\u011bna, mohla by naru\u0161it vy\u0161et\u0159ov\u00e1n\u00ed.\u00a0Jeliko\u017e byla st\u00e1le ve v\u011bzen\u00ed jako \u201ebezpe\u010dnostn\u00ed v\u011bze\u0148\u201c, byla propu\u0161t\u011bna v r\u00e1mci v\u00fdm\u011bny v\u011bze\u0148ky\u0148, kter\u00e9 prob\u00edhaly mezi Izraelem a Hamasem.<\/span><\/p>\n<p><span>Podle Yousefa Taha, vedouc\u00edho Spole\u010dn\u00e9ho org\u00e1nu arabsk\u00fdch studentsk\u00fdch blok\u016f na univerzit\u00e1ch a vysok\u00fdch \u0161kol\u00e1ch, co\u017e je sjednocen\u00e1 fronta palestinsk\u00fdch studentsk\u00fdch organizac\u00ed &#8217;48, bylo v t\u00e9 dob\u011b zadr\u017eeno sedm nebo osm studentek, kter\u00e9 byly propu\u0161t\u011bny jako sou\u010d\u00e1st v\u00fdm\u011bny zajatc\u016f.\u00a0Ka\u017ed\u00fd z nich byl obvin\u011bn z mal\u00e9ho ojedin\u011bl\u00e9ho p\u0159\u00edsp\u011bvku na soci\u00e1ln\u00edch s\u00edt\u00edch a jejich p\u0159\u00edpady se v\u00fdrazn\u011b neli\u0161ily od p\u0159\u00edpad\u016f tuctu student\u016f, kter\u00e9 soudy propustily ve stejn\u00e9m obdob\u00ed.\u00a0Doposud st\u00e1t ani nezru\u0161il ob\u017ealoby na n\u011b a v n\u011bkter\u00fdch soudn\u00edch jedn\u00e1n\u00edch, kter\u00fdch jsem se z\u00fa\u010dastnil, st\u00e1tn\u00ed zastupitelstv\u00ed prohl\u00e1silo, \u017ee \u201estuduj\u00ed situaci\u201c a \u017e\u00e1daj\u00ed, aby jedn\u00e1n\u00ed byla odro\u010dena.<\/span><\/p>\n<p><a href=\"https:\/\/stranapro.cz\/\"><img decoding=\"async\" loading=\"lazy\" class=\"alignnone  wp-image-40285 aligncenter\" src=\"http:\/\/www.infokuryr.cz\/n\/wp-content\/uploads\/2023\/11\/11pro-300x79.png\" alt=\"\" width=\"520\" height=\"137\" srcset=\"https:\/\/www.infokuryr.cz\/n\/wp-content\/uploads\/2023\/11\/11pro-300x79.png 300w, https:\/\/www.infokuryr.cz\/n\/wp-content\/uploads\/2023\/11\/11pro.png 363w\" sizes=\"(max-width: 520px) 100vw, 520px\" \/><\/a><\/p>\n<p><span>Vezm\u011bme si dal\u0161\u00ed p\u0159\u00edklad, p\u0159\u00edpad dvou mlad\u00fdch palestinsk\u00fdch \u017een z Haify, kter\u00e9 byly zat\u010deny a obvin\u011bny z \u201evyhro\u017eov\u00e1n\u00ed\u201c a \u201enaru\u0161ov\u00e1n\u00ed ve\u0159ejn\u00e9ho po\u0159\u00e1dku\u201c, ukazuje, jak frivoln\u00ed obvin\u011bn\u00ed sta\u010dila k tomu, aby se zat\u010den\u00fdmi zach\u00e1zelo jako s \u201ebezpe\u010dnostn\u00edmi v\u011bzni\u201c.\u00a0Podle ob\u017ealoby ob\u011b \u017eeny 12. \u0159\u00edjna proklely policistku vulg\u00e1rn\u00edm vzkazem na WhatsApp a pozd\u011bji t\u00e9ho\u017e dne zavolaly na haifskou policejn\u00ed linku a \u0159ekly: \u201eJsem z Gazy, z Palestiny, jsem Hamas.\u00a0Jsem v Haif\u011b, abych zabil v\u0161echny \u017didy.&#8220;\u00a0Kdy\u017e byli zat\u010deni, \u0159ekli, \u017ee jen \u017eertovali, ale byli dr\u017eeni ve vazb\u011b a pozd\u011bji obvin\u011bni.<\/span><\/p>\n<p><span>Tyto dv\u011b mlad\u00e9 \u017eeny byly izraelsk\u00fdmi v\u011bze\u0148sk\u00fdmi \u00fa\u0159ady kategorizov\u00e1ny jako \u201ebezpe\u010dn\u00e9 v\u011bze\u0148kyn\u011b\u201c a byly dr\u017eeny v drsn\u00fdch podm\u00ednk\u00e1ch ve v\u011bznici Damon.\u00a0Jeden z nich byl propu\u0161t\u011bn v r\u00e1mci v\u00fdm\u011bny zajatc\u016f.\u00a0Druh\u00e1 byla odsouzena 4. prosince haifsk\u00fdm soudem a do sv\u00e9ho form\u00e1ln\u00edho rozsudku z\u016fstane v bezpe\u010dnostn\u00ed v\u011bznici t\u0159et\u00ed m\u011bs\u00edc.<\/span><\/p>\n<p><span>Zde mus\u00edm objasnit, \u017ee v izraelsk\u00e9m v\u011bze\u0148sk\u00e9m syst\u00e9mu existuje zcela odli\u0161n\u00fd re\u017eim pro v\u00edce ne\u017e 7 000 palestinsk\u00fdch \u201ebezpe\u010dnostn\u00edch v\u011bz\u0148\u016f\u201c, kte\u0159\u00ed jsou zbaveni v\u011bt\u0161iny z\u00e1kladn\u00edch pr\u00e1v b\u011b\u017en\u00fdch v\u011bz\u0148\u016f.\u00a0Mnoho z nich poch\u00e1z\u00ed ze Z\u00e1padn\u00edho b\u0159ehu Jord\u00e1nu a Gazy, ale je mezi nimi tak\u00e9 mnoho Palestinc\u016f s izraelsk\u00fdm ob\u010danstv\u00edm.<\/span><\/p>\n<p><span>Mnoz\u00ed se ob\u00e1vaj\u00ed, \u017ee v\u011bzni, kte\u0159\u00ed byli propu\u0161t\u011bni ve v\u00fdm\u011bn\u011b, budou nyn\u00ed p\u0159edm\u011btem pomsty, i kdy\u017e o jejich propu\u0161t\u011bn\u00ed rozhodla vl\u00e1da.\u00a0Adalah a dal\u0161\u00ed lidskopr\u00e1vn\u00ed organizace varovaly, \u017ee by se Izrael mohl pokusit v\u0161echny je ozna\u010dit za \u201ep\u0159\u00edznivce Ham\u00e1su\u201c a mohl by dokonce uplatnit nov\u00e9 z\u00e1kony o odebr\u00e1n\u00ed jejich ob\u010danstv\u00ed a z\u00e1kladn\u00edch soci\u00e1ln\u00edch pr\u00e1v.<\/span><\/p>\n<p><span>V pond\u011bl\u00ed bylo ozn\u00e1meno, \u017ee sionistick\u00e1 samospr\u00e1va Jeruzal\u00e9ma br\u00e1n\u00ed propu\u0161t\u011bn\u00fdm st\u0159edo\u0161kol\u00e1k\u016fm nav\u0161t\u011bvovat jejich \u0161koly.\u00a0Technion nap\u0159\u00edklad ozn\u00e1mil, \u017ee palestinsk\u00e9 studentce, kter\u00e1 byla tak\u00e9 zadr\u017eena za p\u0159\u00edsp\u011bvek na Facebooku a pozd\u011bji propu\u0161t\u011bna p\u0159i v\u00fdm\u011bn\u011b v\u011bz\u0148\u016f, nebude \u201enikdy\u201c umo\u017en\u011bno pokra\u010dovat ve studiu.\u00a0Toto krajn\u00ed opat\u0159en\u00ed univerzita ozn\u00e1mila samoz\u0159ejm\u011b bez jak\u00e9hokoli relevantn\u00edho \u201edisciplin\u00e1rn\u00edho\u201c \u0159\u00edzen\u00ed, kter\u00e9 by si vy\u017e\u00e1dalo prov\u011b\u0159en\u00ed skutkov\u00e9ho stavu p\u0159\u00edpadu.<\/span><\/p>\n<p><span>Obecn\u011bji \u0159e\u010deno, sv\u00e9voln\u00e9 zadr\u017eov\u00e1n\u00ed 48 Palestinc\u016f za men\u0161\u00ed p\u0159estupky a jejich ozna\u010dov\u00e1n\u00ed za \u201ev\u011bze\u0148kyn\u011b\u201c \u2013 z nich\u017e mnoz\u00ed byli pozd\u011bji propu\u0161t\u011bni p\u0159i v\u00fdm\u011bn\u011b zajatc\u016f \u2013 umo\u017enilo Izraeli vyhnout se propu\u0161t\u011bn\u00ed dal\u0161\u00edch \u201eskute\u010dn\u00fdch\u201c palestinsk\u00fdch v\u011bze\u0148ky\u0148 z ostrahy, kter\u00e9 si odpyk\u00e1vaj\u00ed mnohem del\u0161\u00ed tresty.\u00a0<\/span><\/p>\n<p><span>Jak se v\u00fdm\u011bna zajatc\u016f vyv\u00edjela pod tlakem hrozby obnoven\u00ed smrt\u00edc\u00ed palby a ka\u017ed\u00e9 r\u00e1no byly zve\u0159ej\u0148ov\u00e1ny nov\u00e9 seznamy lid\u00ed, kte\u0159\u00ed m\u011bli b\u00fdt propu\u0161t\u011bni, Izrael cel\u00fd proces sabotoval.\u00a0Na rozd\u00edl od Ham\u00e1su, kter\u00fd musel sb\u00edrat v\u011bzn\u011b z \u00fakryt\u016f pod velk\u00fdm nebezpe\u010d\u00edm, mohl Izrael snadno p\u0159ipravit \u0159\u00e1dn\u00e9 seznamy.\u00a0Ale m\u00edsto toho zve\u0159ejnili seznam se stovkami jmen a tvrdili, \u017ee to byli lid\u00e9, kte\u0159\u00ed by mohli b\u00fdt propu\u0161t\u011bni.\u00a0Na posledn\u00ed chv\u00edli, pot\u00e9, co Ham\u00e1s zve\u0159ejnil sv\u016fj p\u0159esn\u00fd seznam pro dan\u00fd den, m\u011bli tendenci vybrat v\u011bzn\u011b, kte\u0159\u00ed str\u00e1vili ve v\u011bzen\u00ed nejm\u00e9n\u011b \u010dasu, nebo zadr\u017een\u00e9 osoby, kter\u00e9 ani nebyly odsouzeny za \u017e\u00e1dn\u00fd trestn\u00fd \u010din.<\/span><\/p>\n<p><span>Nezb\u00fdv\u00e1 ne\u017e si kl\u00e1st ot\u00e1zku, zda tento z\u00e1m\u011brn\u011b ne\u010destn\u00fd zp\u016fsob \u0159e\u0161en\u00ed v\u00fdm\u011bny v\u011bz\u0148\u016f nen\u00ed jedn\u00edm z d\u016fvod\u016f, pro\u010d cel\u00fd proces zkrachoval.<\/span><\/p>\n<p><span style=\"font-size: 10pt;\"><em><strong>\u00davodn\u00ed fotografie<\/strong>: VCHOD DO V\u011aZNICE DAMON POBL\u00cd\u017d HAIFY.\u00a0(FOTO: ERANRABL\/WIKIMEDIA COMMONS)<\/em><\/span><\/p>\n<p><span class=\"post-author\"><span class=\"by\"><span>AUTOR:\u00a0<\/span><\/span><a class=\"author url fn\" title=\"P\u0159\u00edsp\u011bvky od Yoav Haifawi\" href=\"https:\/\/mondoweiss.net\/author\/yoav-haifawi\/\" rel=\"author\"><span>YOAV HAIFAWI<\/span><\/a><\/span><\/p>\n<p>&nbsp;<\/p>\n","protected":false},"excerpt":{"rendered":"<p>Izrael podkopal v\u00fdm\u011bnu v\u011bz\u0148\u016f s Hamasem t\u00edm, \u017ee roz\u0161\u00ed\u0159il definici \u201ev\u011bz\u0148\u016f z ostrahy\u201c tak, aby&#8230;<\/p>\n","protected":false},"author":2,"featured_media":41999,"comment_status":"closed","ping_status":"closed","sticky":false,"template":"","format":"standard","meta":[],"categories":[7],"tags":[348,347,107,313,1135,2228],"_links":{"self":[{"href":"https:\/\/www.infokuryr.cz\/n\/wp-json\/wp\/v2\/posts\/41998"}],"collection":[{"href":"https:\/\/www.infokuryr.cz\/n\/wp-json\/wp\/v2\/posts"}],"about":[{"href":"https:\/\/www.infokuryr.cz\/n\/wp-json\/wp\/v2\/types\/post"}],"author":[{"embeddable":true,"href":"https:\/\/www.infokuryr.cz\/n\/wp-json\/wp\/v2\/users\/2"}],"replies":[{"embeddable":true,"href":"https:\/\/www.infokuryr.cz\/n\/wp-json\/wp\/v2\/comments?post=41998"}],"version-history":[{"count":1,"href":"https:\/\/www.infokuryr.cz\/n\/wp-json\/wp\/v2\/posts\/41998\/revisions"}],"predecessor-version":[{"id":42000,"href":"https:\/\/www.infokuryr.cz\/n\/wp-json\/wp\/v2\/posts\/41998\/revisions\/42000"}],"wp:featuredmedia":[{"embeddable":true,"href":"https:\/\/www.infokuryr.cz\/n\/wp-json\/wp\/v2\/media\/41999"}],"wp:attachment":[{"href":"https:\/\/www.infokuryr.cz\/n\/wp-json\/wp\/v2\/media?parent=41998"}],"wp:term":[{"taxonomy":"category","embeddable":true,"href":"https:\/\/www.infokuryr.cz\/n\/wp-json\/wp\/v2\/categories?post=41998"},{"taxonomy":"post_tag","embeddable":true,"href":"https:\/\/www.infokuryr.cz\/n\/wp-json\/wp\/v2\/tags?post=41998"}],"curies":[{"name":"wp","href":"https:\/\/api.w.org\/{rel}","templated":true}]}}