{"id":41997,"date":"2023-12-08T00:45:12","date_gmt":"2023-12-07T23:45:12","guid":{"rendered":"http:\/\/www.infokuryr.cz\/n\/?p=41997"},"modified":"2023-12-07T14:59:03","modified_gmt":"2023-12-07T13:59:03","slug":"xi-jinping-se-setkal-s-predsedou-evropske-rady-charlesem-michelem-a-predsedkyni-evropske-komise-ursulou-von-der-leyenovou","status":"publish","type":"post","link":"https:\/\/www.infokuryr.cz\/n\/2023\/12\/08\/xi-jinping-se-setkal-s-predsedou-evropske-rady-charlesem-michelem-a-predsedkyni-evropske-komise-ursulou-von-der-leyenovou\/","title":{"rendered":"Xi Jinping se setkal s p\u0159edsedou Evropsk\u00e9 rady Charlesem Michelem a p\u0159edsedkyn\u00ed Evropsk\u00e9 komise Ursulou von der Leyenovou"},"content":{"rendered":"<div id=\"fb-root\"><\/div>\n<p><span data-spm-anchor-id=\"0.0.0.i1\">\u010c\u00ednsk\u00fd prezident Xi Jinping (Si \u0164in-pching) se 7. prosince setkal v\u00a0Pekingu s p\u0159edsedou Evropsk\u00e9 rady Charlesem Michelem a p\u0159edsedkyn\u00ed Evropsk\u00e9 komise Ursulou von der Leyenovou, kte\u0159\u00ed se v\u00a0Pekingu \u00fa\u010dastn\u00ed 24. setk\u00e1n\u00ed l\u00eddr\u016f \u010c\u00edny a EU.<\/span><\/p>\n<p>Xi Jinping pouk\u00e1zal na to, \u017ee od konce lo\u0148sk\u00e9ho roku vykazuj\u00ed \u010d\u00ednsko-evropsk\u00e9 vztahy dobr\u00fd trend upevn\u011bn\u00ed rozvoje a dialogy na vysok\u00e9 \u00farovni ve\u00a0strategick\u00e9, ekonomick\u00e9 a obchodn\u00ed, zelen\u00e9 a digit\u00e1ln\u00ed\u00a0oblasti dos\u00e1hly bohat\u00fdch plodn\u00fdch v\u00fdsledk\u016f, co\u017e je v\u00a0souladu se\u00a0z\u00e1jmy obou stran a p\u0159\u00e1n\u00edm lidu. \u010c\u00edna a Evropa jsou dv\u011b velk\u00e9 s\u00edly podporuj\u00edc\u00ed multipolaritu, dva velk\u00e9 trhy podporuj\u00edc\u00ed globalizaci a dv\u011b velk\u00e9 civilizace prosazuj\u00edc\u00ed rozmanitost. V\u00a0sou\u010dasnosti ve sv\u011bt\u011b rostou nepokoje, vztahy mezi \u010c\u00ednou a EU maj\u00ed strategick\u00fd v\u00fdznam a glob\u00e1ln\u00ed vliv a souvisej\u00ed se sv\u011btov\u00fdm m\u00edrem, stabilitou a prosperitou. Ob\u011b strany maj\u00ed odpov\u011bdnost za poskytov\u00e1n\u00ed v\u011bt\u0161\u00ed stability pro sv\u011bt a v\u00edce impuls\u016f pro rozvoj.<\/p>\n<p>Xi Jinping zd\u016fraznil, \u017ee letos je 20. v\u00fdro\u010d\u00ed nav\u00e1z\u00e1n\u00ed komplexn\u00edho strategick\u00e9ho partnerstv\u00ed mezi \u010c\u00ednou a EU. Ob\u011b strany by m\u011bly shrnout zku\u0161enosti z\u00a0historie, uchopit sv\u011btov\u00fd trend a trvat na spr\u00e1vn\u00e9m postaven\u00ed komplexn\u00edho strategick\u00e9ho partnerstv\u00ed. Ob\u011b strany by m\u011bly upevnit politick\u00fd z\u00e1klad, trvat na vz\u00e1jemn\u00e9m nahl\u00ed\u017een\u00ed ze strategick\u00e9 perspektivy, pln\u011b vyu\u017e\u00edt vedouc\u00ed roli setk\u00e1n\u00ed l\u00eddr\u016f a p\u011bti dialog\u016f na vysok\u00e9 \u00farovni, pos\u00edlit strategickou komunikaci, podporovat porozum\u011bn\u00ed konstruktivn\u00edm dialogem a spr\u00e1vn\u011b \u0159e\u0161it rozd\u00edly. Ob\u011b strany by m\u011bly nav\u00e1zat spr\u00e1vn\u00e9 porozum\u011bn\u00ed, pos\u00edlit vz\u00e1jemnou d\u016fv\u011bru, podporovat spravedlnost a up\u0159\u00edmn\u011b rozv\u00edjet vztahy. Nem\u011bly by se navz\u00e1jem pova\u017eovat za protivn\u00edky kv\u016fli odli\u0161n\u00fdm re\u017eim\u016fm, nem\u011bly by omezovat spolupr\u00e1ci kv\u016fli konkurenci a nem\u011bly by se zapojovat do konfrontace kv\u016fli rozd\u00edl\u016fm.<\/p>\n<p><a href=\"https:\/\/stranapro.cz\/\"><img decoding=\"async\" loading=\"lazy\" class=\"alignnone  wp-image-40285 aligncenter\" src=\"http:\/\/www.infokuryr.cz\/n\/wp-content\/uploads\/2023\/11\/11pro-300x79.png\" alt=\"\" width=\"516\" height=\"136\" srcset=\"https:\/\/www.infokuryr.cz\/n\/wp-content\/uploads\/2023\/11\/11pro-300x79.png 300w, https:\/\/www.infokuryr.cz\/n\/wp-content\/uploads\/2023\/11\/11pro.png 363w\" sizes=\"(max-width: 516px) 100vw, 516px\" \/><\/a><\/p>\n<p>Ekonomiky \u010c\u00edny a Evropy se vysoce dopl\u0148uj\u00ed a ob\u011b strany by m\u011bly ud\u011blat v\u00edce pro utu\u017een\u00ed vazeb mezi z\u00e1jmov\u00fdm spole\u010denstv\u00edm \u010c\u00edny a EU prost\u0159ednictv\u00edm hlub\u0161\u00ed a \u0161ir\u0161\u00ed spolupr\u00e1ce. \u010c\u00edna prosazuje vysoce kvalitn\u00ed rozvoj a otev\u00edr\u00e1n\u00ed se na vysok\u00e9 \u00farovni a je ochotna pova\u017eovat EU za kl\u00ed\u010dov\u00e9ho partnera v hospod\u00e1\u0159sk\u00e9 a obchodn\u00ed spolupr\u00e1ci, za prioritn\u00edho partnera ve v\u011bdeckotechnick\u00e9 spolupr\u00e1ci a za d\u016fv\u011bryhodn\u00e9ho partnera ve spolupr\u00e1ci v\u00a0oblasti pr\u016fmyslov\u00e9ho a dodavatelsk\u00e9ho \u0159et\u011bzce, aby prov\u00e1d\u011bly spolupr\u00e1ci vz\u00e1jemn\u00fdch v\u00fdhod a dos\u00e1hly spole\u010dn\u00e9ho rozvoje. Ob\u011b strany by m\u011bly posilovat komplementaritu tr\u017en\u00edch, kapit\u00e1lov\u00fdch a technologick\u00fdch v\u00fdhod, podporovat modernizaci tradi\u010dn\u00edch pr\u016fmyslov\u00fdch odv\u011btv\u00ed a rozvoj nov\u011b vznikaj\u00edc\u00edch odv\u011btv\u00ed, prozkoumat nov\u00e9 modely spolupr\u00e1ce, vytv\u00e1\u0159et nov\u00e9 body r\u016fstu a spolupracovat na zlep\u0161en\u00ed pr\u016fmyslov\u00fdch a dodavatelsk\u00fdch \u0159et\u011bzc\u016f. Ob\u011b strany by tak\u00e9 m\u011bly posilovat kulturn\u00ed v\u00fdm\u011bny a usnadnit cestov\u00e1n\u00ed lid\u00ed.<\/p>\n<p>Xi Jinping zd\u016fraznil, \u017ee modernizace v \u010d\u00ednsk\u00e9m stylu a evropsk\u00e1 integrace jsou strategick\u00e1 rozhodnut\u00ed, kter\u00e1 u\u010dinila \u010c\u00edna a Evropa s ohledem na budoucnost. \u010c\u00edna a Evropa by se m\u011bly navz\u00e1jem respektovat a podporovat, posilovat propojen\u00ed rozvojov\u00fdch strategi\u00ed a dosahovat spole\u010dn\u00e9ho rozvoje. Ob\u011b strany by m\u011bly pos\u00edlit komunikaci a koordinaci v r\u00e1mci multilater\u00e1ln\u00edch r\u00e1mc\u016f, jako je OSN a G20, dr\u017eet se multilateralismu, postavit se proti konfrontaci mezi t\u00e1bory, prosazovat politick\u00e1 \u0159e\u0161en\u00ed mezin\u00e1rodn\u00edch a region\u00e1ln\u00edch probl\u00e9m\u016f, v\u00e9st dialog a spolupr\u00e1ci o hlavn\u00edch ot\u00e1zk\u00e1ch souvisej\u00edc\u00edch s budoucnost\u00ed lidstva, jako je um\u011bl\u00e1 inteligence, p\u0159isp\u00edvat ke zlep\u0161en\u00ed blahobytu cel\u00e9ho lidstva a reagovat na glob\u00e1ln\u00ed v\u00fdzvy.<\/p>\n<p data-spm-anchor-id=\"0.0.0.i2\">Charles Michel a Ursula von der Leyenov\u00e1 uvedli, \u017ee EU a \u010c\u00edna jsou dv\u011b hlavn\u00ed s\u00edly ve sv\u011bt\u011b a jsou si navz\u00e1jem d\u016fle\u017eit\u00fdmi hospod\u00e1\u0159sk\u00fdmi a obchodn\u00edmi partnery se st\u00e1le \u0161ir\u0161\u00edmi oblastmi spolupr\u00e1ce. Spolupr\u00e1ce mezi EU a \u010c\u00ednou je oboustrann\u011b v\u00fdhodn\u00e1 a rovnocenn\u00e1. Dobr\u00e9 \u0159\u00edzen\u00ed a rozvoj vztah\u016f mezi EU a \u010c\u00ednou p\u0159\u00edmo souvisej\u00ed se z\u00e1jmy lid\u00ed obou stran a souvisej\u00ed tak\u00e9 s prosperitou a bezpe\u010dnost\u00ed sv\u011bta. EU p\u0159ikl\u00e1d\u00e1 velk\u00fd v\u00fdznam vztah\u016fm s \u010c\u00ednou a nechce se odd\u011blit od \u010c\u00edny. T\u011b\u0161\u00ed se na rozvoj dlouhodob\u00fdch, stabiln\u00edch, p\u0159edv\u00eddateln\u00fdch a trvale udr\u017eiteln\u00fdch vztah\u016f s \u010c\u00ednou. Douf\u00e1, \u017ee toto setk\u00e1n\u00ed vedouc\u00edch p\u0159edstavitel\u016f EU a \u010c\u00edny p\u0159inese nov\u00fd impuls pro budouc\u00ed rozvoj vztah\u016f mezi EU a \u010c\u00ednou.<\/p>\n<p data-spm-anchor-id=\"0.0.0.i2\">Evropsk\u00e1 strana je pot\u011b\u0161ena v\u00fdsledky leto\u0161n\u00edch dialog\u016f na vysok\u00e9 \u00farovni mezi Evropou a \u010c\u00ednou v r\u016fzn\u00fdch oblastech, v\u011b\u0159\u00ed, \u017ee dlouhodob\u00fd a stabiln\u00ed rozvoj \u010d\u00ednsk\u00e9 ekonomiky je v\u00a0souladu se z\u00e1jmy Evropy, a douf\u00e1, \u017ee ob\u011b strany budou pokra\u010dovat v posilov\u00e1n\u00ed dialogu a spolupr\u00e1ce v ekonomice, obchodu, zelen\u00e9, digit\u00e1ln\u00ed a dal\u0161\u00edch oblastech, spolupracovat na ochran\u011b stability a bezpe\u010dnosti dodavatelsk\u00e9ho \u0159et\u011bzce a pr\u016fmyslov\u00e9ho \u0159et\u011bzce, a posilovat dialog a spolupr\u00e1ci v oblasti zm\u011bny klimatu, um\u011bl\u00e9 inteligence a dal\u0161\u00edch hlavn\u00edch glob\u00e1ln\u00edch probl\u00e9m\u016f souvisej\u00edc\u00edch s budoucnost\u00ed lidstva. EU dodr\u017euje politiku \u201ejedn\u00e9 \u010c\u00edny\u201c. EU je ochotna pos\u00edlit komunikaci a porozum\u011bn\u00ed s \u010c\u00ednou v ot\u00e1zk\u00e1ch neshod s postojem vz\u00e1jemn\u00e9ho respektu, otev\u0159enosti a up\u0159\u00edmnosti. Evropa a \u010c\u00edna sd\u00edlej\u00ed spole\u010dnou odpov\u011bdnost a spole\u010dn\u00e9 z\u00e1jmy za sv\u011btov\u00fd m\u00edr a stabilitu. EU je ochotna komunikovat a \u00fazce spolupracovat s \u010c\u00ednou za \u00fa\u010delem ochrany multilateralismu, prosazov\u00e1n\u00ed c\u00edl\u016f a z\u00e1sad Charty Organizace spojen\u00fdch n\u00e1rod\u016f a podporov\u00e1n\u00ed \u0159e\u0161en\u00ed ot\u00e1zky na Ukrajin\u011b, na Bl\u00edzk\u00e9m v\u00fdchod\u011b a v dal\u0161\u00edch regionech.<\/p>\n<p data-spm-anchor-id=\"0.0.0.i2\"><img decoding=\"async\" loading=\"lazy\" class=\"alignnone size-full wp-image-1185\" src=\"http:\/\/www.infokuryr.cz\/n\/wp-content\/uploads\/2021\/04\/kuryr-podpis.png\" alt=\"\" width=\"84\" height=\"24\" \/><\/p>\n<p data-spm-anchor-id=\"0.0.0.i2\">\n<p data-spm-anchor-id=\"0.0.0.i2\">\n","protected":false},"excerpt":{"rendered":"<p>\u010c\u00ednsk\u00fd prezident Xi Jinping (Si \u0164in-pching) se 7. prosince setkal v\u00a0Pekingu s p\u0159edsedou Evropsk\u00e9 rady&#8230;<\/p>\n","protected":false},"author":2,"featured_media":3195,"comment_status":"closed","ping_status":"closed","sticky":false,"template":"","format":"standard","meta":[],"categories":[7],"tags":[30,41,1629,1014],"_links":{"self":[{"href":"https:\/\/www.infokuryr.cz\/n\/wp-json\/wp\/v2\/posts\/41997"}],"collection":[{"href":"https:\/\/www.infokuryr.cz\/n\/wp-json\/wp\/v2\/posts"}],"about":[{"href":"https:\/\/www.infokuryr.cz\/n\/wp-json\/wp\/v2\/types\/post"}],"author":[{"embeddable":true,"href":"https:\/\/www.infokuryr.cz\/n\/wp-json\/wp\/v2\/users\/2"}],"replies":[{"embeddable":true,"href":"https:\/\/www.infokuryr.cz\/n\/wp-json\/wp\/v2\/comments?post=41997"}],"version-history":[{"count":0,"href":"https:\/\/www.infokuryr.cz\/n\/wp-json\/wp\/v2\/posts\/41997\/revisions"}],"wp:featuredmedia":[{"embeddable":true,"href":"https:\/\/www.infokuryr.cz\/n\/wp-json\/wp\/v2\/media\/3195"}],"wp:attachment":[{"href":"https:\/\/www.infokuryr.cz\/n\/wp-json\/wp\/v2\/media?parent=41997"}],"wp:term":[{"taxonomy":"category","embeddable":true,"href":"https:\/\/www.infokuryr.cz\/n\/wp-json\/wp\/v2\/categories?post=41997"},{"taxonomy":"post_tag","embeddable":true,"href":"https:\/\/www.infokuryr.cz\/n\/wp-json\/wp\/v2\/tags?post=41997"}],"curies":[{"name":"wp","href":"https:\/\/api.w.org\/{rel}","templated":true}]}}